{"id":26200,"date":"2025-09-03T19:20:10","date_gmt":"2025-09-03T19:20:10","guid":{"rendered":"https:\/\/www.europesays.com\/no\/26200\/"},"modified":"2025-09-03T19:20:10","modified_gmt":"2025-09-03T19:20:10","slug":"stale-solbakken-dukket-opp-pa-kampen-mellom-union-carl-berner-og-kolbotn-i-oslo","status":"publish","type":"post","link":"https:\/\/www.europesays.com\/no\/26200\/","title":{"rendered":"St\u00e5le Solbakken dukket opp p\u00e5 kampen mellom Union Carl Berner og Kolbotn i Oslo."},"content":{"rendered":"<p class=\"kicker \" style=\"\">V\u00e6ret:<\/p>\n<p>  Savner du sommersola? Da har meteorologene d\u00e5rlige nyheter. Det neste d\u00f8gnet kan enkelte steder n\u00e6rme seg nedb\u00f8rsnormalen for hele september.<\/p>\n<p>\n    V\u00c5TT: Det blir fuktig og v\u00e5tt flere steder i landet de neste dagene. Lufta vil imidlertid v\u00e6re varm, skal vi tro meteorologen. Foto: Bj\u00f8rn Langsem \/ Dagbladet\n  <\/p>\n<p>Meteorologene kan ikke love kjempestr\u00e5lende v\u00e6r framover. Lufta er varm, men med mye fuktighet og regn. L\u00f8rdag peker seg ut som den t\u00f8rreste dagen.<\/p>\n<p>&#8211; Det blir mye av det samme v\u00e6ret som vi har hatt den siste tida. Men vi kan glede oss over mild luft, spesielt i nord er det varmere enn normalt, fastsl\u00e5r vakthavende meteorolog Julie Solsvik V\u00e5gane.<\/p>\n<p>&#8211; Det blir mellom 15 og 20 grader b\u00e5de i S\u00f8r-Norge, og ogs\u00e5 Nord-Norge f\u00e5r h\u00f8ye temperaturer. Men mens det i s\u00f8r er ganske normale temperaturer til \u00e5 v\u00e6re tidlig i september, ligger temperaturen betydelig over normalen i Nord-Norge, der snittet p\u00e5 denne tida av \u00e5ret pleier \u00e5 ligge p\u00e5 rundt 10 grader, sier V\u00e5gane til NTB.<\/p>\n<p class=\"font-weight-bold m-font-weight-bold\" data-lab-font_weight=\"font-weight-bold\">Men haken med mildv\u00e6ret er at det inneholder mye fuktighet og bygev\u00e6r. Og v\u00e5tt &#8211; det vil det bli, skal vi tro meteorologene.<\/p>\n<p>        STILLER FORBEREDT: P\u00e5 sommerfesten til Elle var det noen som var mer forberedt p\u00e5 ruskev\u00e6ret enn andre. Reporter: Nora Skavhaug. Video: Silja Furset <\/p>\n<p>Kan n\u00e6rme seg nedb\u00f8rsnormalen for september  <\/p>\n<p>I s\u00f8r blir det ganske kraftige byger torsdag, med mulighet for torden. Bygene avtar i l\u00f8pet av dagen, men s\u00e5 f\u00e5r vi en ny runde fredag, ogs\u00e5 med mulighet for torden, if\u00f8lge meteorologen.<\/p>\n<p>I Agder og Vestland har det v\u00e6rt v\u00e5tt det siste d\u00f8gnet &#8211; og mer skal det bli.<\/p>\n<p class=\"font-weight-bold m-font-weight-bold\" data-lab-font_weight=\"font-weight-bold\">&#8211; Det neste d\u00f8gnet er det ventet 30-50 mm over deler av S\u00f8r-Norge, med Agder i ledelsen. Da kan enkelte stasjoner allerede n\u00e6rme seg nedb\u00f8rsnormalen for hele september, skriver Meteorologisk Institutt p\u00e5 X.<\/p>\n<p>          <img loading=\"lazy\" decoding=\"async\" src=\"https:\/\/www.europesays.com\/no\/wp-content\/uploads\/2025\/09\/83544043.webp\" width=\"980\" height=\"559\" title=\"SKAL H\u00d8LJE NED: Her heftig nedb\u00f8r en sommerdag i juni i Oslo i fjor. Foto: Terje Bendiksby \/ NTB\" alt=\"\" class=\"\" style=\"--aspect-ratio-image: 1.75; \"\/><\/p>\n<p>\n          SKAL H\u00d8LJE NED: Her heftig nedb\u00f8r en sommerdag i juni i Oslo i fjor. Foto: Terje Bendiksby \/ NTB\n      <\/p>\n<p>V\u00e5gane mener at l\u00f8rdagen ser ut til \u00e5 bli ukas v\u00e6rvinner p\u00e5 \u00d8stlandet, men det er en liten usikkerhet. Det er godt med nedb\u00f8r p\u00e5 svensk side, som kan smyge seg over til oss.<\/p>\n<p>S\u00f8ndag kommer regnet tilbake p\u00e5 det sentrale \u00d8stlandet.<\/p>\n<blockquote class=\"twitter-tweet\">\n<p lang=\"no\" dir=\"ltr\">Det er Agder og Vestland som har f\u00e5tt mest regn det siste d\u00f8gnet \ud83c\udf27\ufe0f<\/p>\n<p>Og meir skal det bli! \ud83e\udea3 Det neste d\u00f8gnet vert det 30\u201350 mm over delar av S\u00f8r-Noreg, med Agder i leiinga. D\u00e5 kan enkelte stasjonar allereie n\u00e6rme seg nedb\u00f8rnormalen for heile september \ud83e\udd13\ud83d\udcca <a href=\"https:\/\/t.co\/OQcLY4Ar4g\" rel=\"nofollow\">pic.twitter.com\/OQcLY4Ar4g<\/a><\/p>\n<p>\u2014 Meteorologene (@Meteorologene) <a href=\"https:\/\/twitter.com\/Meteorologene\/status\/1963145705511411911?ref_src=twsrc%5Etfw\" rel=\"nofollow noopener\" target=\"_blank\">September 3, 2025<\/a><\/p><\/blockquote>\n<p>Varmere enn normalt<\/p>\n<p>S\u00f8r i Tr\u00f8ndelag blir det ogs\u00e5 byger, og her ligger temperaturen betydelig over gjennomsnittet for \u00e5rstida.<\/p>\n<p>I Nord-Norge preges dagene som kommer ogs\u00e5 av byger &#8211; men alts\u00e5 ogs\u00e5 her blir det varmere luft enn man skulle vente ut fra \u00e5rstida.<\/p>\n<p>&#8211; Skydekket gj\u00f8r at det heller ikke blir s\u00e5 kalde netter, fastsl\u00e5r V\u00e5gane.<\/p>\n<p>Ogs\u00e5 i Nord-Norge blir det litt f\u00e6rre byger l\u00f8rdag og s\u00f8ndag, men neppe helt t\u00f8rt.<\/p>\n<p>&#8211; Det er egentlig ganske likt v\u00e6r over hele Norge. Det er de samme luftmasene som g\u00e5r fra s\u00f8r til nord. Det gir samme temperaturer og v\u00e6r.<\/p>\n<p>Alts\u00e5 varmt, men fuktig.<\/p>\n<p><script async src=\"https:\/\/platform.twitter.com\/widgets.js\" charset=\"utf-8\"><\/script><\/p>\n","protected":false},"excerpt":{"rendered":"V\u00e6ret: Savner du sommersola? Da har meteorologene d\u00e5rlige nyheter. Det neste d\u00f8gnet kan enkelte steder n\u00e6rme seg nedb\u00f8rsnormalen&hellip;\n","protected":false},"author":2,"featured_media":26201,"comment_status":"","ping_status":"","sticky":false,"template":"","format":"standard","meta":{"footnotes":""},"categories":[12],"tags":[20,21,24,25,92,15,22,23,13,30,28,29,14,16,83,1387,26,27,42,43,44,45],"class_list":{"0":"post-26200","1":"post","2":"type-post","3":"status-publish","4":"format-standard","5":"has-post-thumbnail","7":"category-verden","8":"tag-breaking-news","9":"tag-breakingnews","10":"tag-featured-news","11":"tag-featurednews","12":"tag-fotball","13":"tag-headlines","14":"tag-latest-news","15":"tag-latestnews","16":"tag-news","17":"tag-no","18":"tag-norge","19":"tag-norway","20":"tag-nyheter","21":"tag-overskrifter","22":"tag-sport","23":"tag-stale-solbakken","24":"tag-top-stories","25":"tag-topstories","26":"tag-verden","27":"tag-world","28":"tag-world-news","29":"tag-worldnews"},"share_on_mastodon":{"url":"","error":""},"_links":{"self":[{"href":"https:\/\/www.europesays.com\/no\/wp-json\/wp\/v2\/posts\/26200","targetHints":{"allow":["GET"]}}],"collection":[{"href":"https:\/\/www.europesays.com\/no\/wp-json\/wp\/v2\/posts"}],"about":[{"href":"https:\/\/www.europesays.com\/no\/wp-json\/wp\/v2\/types\/post"}],"author":[{"embeddable":true,"href":"https:\/\/www.europesays.com\/no\/wp-json\/wp\/v2\/users\/2"}],"replies":[{"embeddable":true,"href":"https:\/\/www.europesays.com\/no\/wp-json\/wp\/v2\/comments?post=26200"}],"version-history":[{"count":0,"href":"https:\/\/www.europesays.com\/no\/wp-json\/wp\/v2\/posts\/26200\/revisions"}],"wp:featuredmedia":[{"embeddable":true,"href":"https:\/\/www.europesays.com\/no\/wp-json\/wp\/v2\/media\/26201"}],"wp:attachment":[{"href":"https:\/\/www.europesays.com\/no\/wp-json\/wp\/v2\/media?parent=26200"}],"wp:term":[{"taxonomy":"category","embeddable":true,"href":"https:\/\/www.europesays.com\/no\/wp-json\/wp\/v2\/categories?post=26200"},{"taxonomy":"post_tag","embeddable":true,"href":"https:\/\/www.europesays.com\/no\/wp-json\/wp\/v2\/tags?post=26200"}],"curies":[{"name":"wp","href":"https:\/\/api.w.org\/{rel}","templated":true}]}}