{"id":26204,"date":"2025-09-03T19:24:17","date_gmt":"2025-09-03T19:24:17","guid":{"rendered":"https:\/\/www.europesays.com\/no\/26204\/"},"modified":"2025-09-03T19:24:17","modified_gmt":"2025-09-03T19:24:17","slug":"martha-louise-lommedalen-netflix-traileren-med-martha-og-durek-er-ute-fantastisk-historie-om-fisk-pa-land","status":"publish","type":"post","link":"https:\/\/www.europesays.com\/no\/26204\/","title":{"rendered":"M\u00e4rtha Louise, Lommedalen | Netflix-traileren med M\u00e4rtha og Durek er ute: \u2013 Fantastisk historie om fisk p\u00e5 land"},"content":{"rendered":"\n<p>\u00abHan er en selvutnevnt sjaman, hun er en norsk prinsesse\u00bb, introduserer fortellerstemmen det tilsynelatende umake paret \u2013 i dokumentarfilmen som har undertittelen: \u00abAn Unlikely Love Story\u00bb.<\/p>\n<p>   <img decoding=\"async\" width=\"6000\" height=\"4000\" fetchpriority=\"low\"  loading=\"lazy\"  src=\"https:\/\/www.europesays.com\/no\/wp-content\/uploads\/2025\/09\/NTB_2jFNa72rVpw.jpg\" alt=\"Oslo 20241217. &#10;Durek Verrett p\u00e5 r\u00f8d l\u00f8per f\u00f8r utdelingen av Subjektprisen 2024 p\u00e5 Sentralen i Oslo tirsdag kveld. &#10;Subjektprisen er en feiring av kultur\u00e5ret som gikk.&#10;Foto: Amanda Pedersen Giske \/ NTB\" class=\"brick-c-cFOWSL\" style=\"--brick-image-ratio: 6000 \/ 4000;\"\/><\/p>\n<p>    I serien snakker Durek Verrett om \u00e5 komme inn i kongefamilien.<br \/>\n    Foto: Amanda Pedersen Giske\/NTB\n  <\/p>\n<p><a href=\"https:\/\/www.youtube.com\/watch?v=i1-4_Uhf9H0\" rel=\"nofollow noopener\" target=\"_blank\">Traileren <\/a> byr p\u00e5 en syngende Hollywood-sjaman som ogs\u00e5 deler historien om det f\u00f8rste m\u00f8tet med kong Harald og dronning Sonja:<\/p>\n<p>\u2013 Da jeg m\u00f8tte kongen og dronningen, bare stirret de p\u00e5 meg. M\u00e4rtha ga meg ingen ledetr\u00e5der, hun sa bare \u00abv\u00e6r deg selv\u00bb, sier han, mens hun bare ler der hun sitter ved siden av ham.<\/p>\n<p>  <a href=\"https:\/\/www.budstikka.no\/5-55-2061466\" class=\"related-teaser has-image default-story-teaser article--c-eRUmMG article--c-eRUmMG-jKCPdD-design-default\" rel=\"nofollow noopener\" target=\"_blank\"><\/p>\n<p>    <img decoding=\"async\" loading=\"lazy\"  src=\"https:\/\/www.europesays.com\/no\/wp-content\/uploads\/2025\/09\/Screenshot_20250817_163213_Instagram.jpeg\" alt=\"\" class=\"brick-c-cFOWSL\" style=\"\"\/><\/p>\n<p>\n            Les ogs\u00e5<\/p>\n<p>              Jan Thomas: \u2013 Vi f\u00f8ler oss allerede hjemme her\n        <\/p>\n<p>  <\/a><\/p>\n<p>Durek Verrett sier i traileren at det var prinsessen som f\u00f8rst forelsket seg i ham, og at han var litt mer tilbakeholden \u2013 \u00abjeg trodde jeg kanskje ville ende opp med en mann\u00bb. Lett var det heller ikke \u00e5 v\u00e6re den f\u00f8rste svarte mannen som giftet seg inn i en europeisk kongefamilie, sier han.<\/p>\n<p>\u2013 Jeg ville like et kongelig bryllup fordi jeg vil v\u00e6re kongelig, sier Durek Verrett i en scene vist i filmtraileren.<\/p>\n<p>  <a href=\"https:\/\/www.budstikka.no\/5-55-2055871\" class=\"related-teaser has-image default-story-teaser article--c-eRUmMG article--c-eRUmMG-jKCPdD-design-default\" rel=\"nofollow noopener\" target=\"_blank\"><\/p>\n<p>    <img decoding=\"async\" loading=\"lazy\"  src=\"https:\/\/www.europesays.com\/no\/wp-content\/uploads\/2025\/09\/cueres_scp-mangler_navn_I_VAfzIb2EE.jpg\" alt=\"\" class=\"brick-c-cFOWSL\" style=\"\"\/><\/p>\n<p>\n            Les ogs\u00e5<\/p>\n<p>              Prinsesse M\u00e4rtha Louise har solgt huset\n        <\/p>\n<p>  <\/a><\/p>\n<p>I Netflix-omtalen av \u00abRebel Royals\u00bb heter det at dokumentaren skal gi seerne \u00abet intimt innblikk i kj\u00e6rlighetshistorien\u00bb deres og vise dem der de forbereder seg til bryllup, s\u00f8ker \u00e5ndelig veiledning og navigerer en mediestorm. Den blir \u00e5 se 16. september.<\/p>\n<p>\u2013 Da jeg s\u00e5 Vanity Fair-artikkelen om en prinsesse og en sjaman som forelsket seg, fanget det oppmerksomheten min \u00f8yeblikkelig, sier Rebecca Chaiklin, som er produsent og har regi. Hun er kjent for \u00abTiger King\u00bb-dokumentaren.<\/p>\n<p>Hun kaller M\u00e4rtha Louise og sjaman Durek for \u00abto uventede, ville og karismatiske karakterer fra totalt forskjellige verdener, som navigerte i en virvelvind av kontrovers mens de kjempet for kj\u00e6rligheten\u00bb.<\/p>\n<p>\u2013 Det var en fantastisk historie om fisk p\u00e5 land \u2013 og de var s\u00e5 morsomme. S\u00e5 jeg m\u00e5tte bare overbevise dem (og \u00e5ndene) om at jeg var kul nok til \u00e5 v\u00e6re den som skulle fortelle deres historie, sier Chaiklin i en uttalelse via Netflix.<\/p>\n<p>  <a href=\"https:\/\/www.budstikka.no\/5-55-2029253\" class=\"related-teaser has-image default-story-teaser article--c-eRUmMG article--c-eRUmMG-jKCPdD-design-default\" rel=\"nofollow noopener\" target=\"_blank\"><\/p>\n<p>    <img decoding=\"async\" loading=\"lazy\"  src=\"https:\/\/www.europesays.com\/no\/wp-content\/uploads\/2025\/09\/prins+sverre+magnus.bin\" alt=\"\" class=\"brick-c-cFOWSL\" style=\"\"\/><\/p>\n<p>\n            Les ogs\u00e5<\/p>\n<p>              Ny jobb for prinsen: \u2013 M\u00e5 ikke havne i samme tr\u00f8bbel\n        <\/p>\n<p>  <\/a><\/p>\n<p>  <a href=\"https:\/\/www.budstikka.no\/5-55-1984306\" class=\"related-teaser has-image default-story-teaser article--c-eRUmMG article--c-eRUmMG-jKCPdD-design-default\" rel=\"nofollow noopener\" target=\"_blank\"><\/p>\n<p>    <img decoding=\"async\" loading=\"lazy\"  src=\"https:\/\/www.europesays.com\/no\/wp-content\/uploads\/2025\/09\/cueres_scp-mangler_navn_kuKeSjFMAoA.jpg\" alt=\"\" class=\"brick-c-cFOWSL\" style=\"\"\/><\/p>\n<p>\n            Les ogs\u00e5<\/p>\n<p>              Maud Angelica Behn med bok om plutselig sorg\n        <\/p>\n<p>  <\/a><\/p>\n<p>  <a href=\"https:\/\/www.budstikka.no\/5-55-2072921\" class=\"related-teaser has-image default-story-teaser article--c-eRUmMG article--c-eRUmMG-jKCPdD-design-default\" rel=\"nofollow noopener\" target=\"_blank\"><\/p>\n<p>    <img decoding=\"async\" loading=\"lazy\"  src=\"https:\/\/www.europesays.com\/no\/wp-content\/uploads\/2025\/09\/Full+inntektskollaps+for+Marius+Borg+Hiby.bin\" alt=\"\" class=\"brick-c-cFOWSL\" style=\"\"\/><\/p>\n<p>\n            Les ogs\u00e5<\/p>\n<p>              Satt av 24 dager til H\u00f8iby-rettssaken\n        <\/p>\n<p>  <\/a><\/p>\n<p>(\u00a9NTB)<\/p>\n<p>Les mer om: artikkelemnene<\/p>\n","protected":false},"excerpt":{"rendered":"\u00abHan er en selvutnevnt sjaman, hun er en norsk prinsesse\u00bb, introduserer fortellerstemmen det tilsynelatende umake paret \u2013 i&hellip;\n","protected":false},"author":2,"featured_media":26205,"comment_status":"","ping_status":"","sticky":false,"template":"","format":"standard","meta":{"footnotes":""},"categories":[58],"tags":[36,71,1547,4186,220,30,28,29,2594,1510,72],"class_list":{"0":"post-26204","1":"post","2":"type-post","3":"status-publish","4":"format-standard","5":"has-post-thumbnail","7":"category-underholdning","8":"tag-art","9":"tag-entertainment","10":"tag-lommedalen","11":"tag-martha-louise","12":"tag-netflix","13":"tag-no","14":"tag-norge","15":"tag-norway","16":"tag-skaugum","17":"tag-story","18":"tag-underholdning"},"share_on_mastodon":{"url":"","error":""},"_links":{"self":[{"href":"https:\/\/www.europesays.com\/no\/wp-json\/wp\/v2\/posts\/26204","targetHints":{"allow":["GET"]}}],"collection":[{"href":"https:\/\/www.europesays.com\/no\/wp-json\/wp\/v2\/posts"}],"about":[{"href":"https:\/\/www.europesays.com\/no\/wp-json\/wp\/v2\/types\/post"}],"author":[{"embeddable":true,"href":"https:\/\/www.europesays.com\/no\/wp-json\/wp\/v2\/users\/2"}],"replies":[{"embeddable":true,"href":"https:\/\/www.europesays.com\/no\/wp-json\/wp\/v2\/comments?post=26204"}],"version-history":[{"count":0,"href":"https:\/\/www.europesays.com\/no\/wp-json\/wp\/v2\/posts\/26204\/revisions"}],"wp:featuredmedia":[{"embeddable":true,"href":"https:\/\/www.europesays.com\/no\/wp-json\/wp\/v2\/media\/26205"}],"wp:attachment":[{"href":"https:\/\/www.europesays.com\/no\/wp-json\/wp\/v2\/media?parent=26204"}],"wp:term":[{"taxonomy":"category","embeddable":true,"href":"https:\/\/www.europesays.com\/no\/wp-json\/wp\/v2\/categories?post=26204"},{"taxonomy":"post_tag","embeddable":true,"href":"https:\/\/www.europesays.com\/no\/wp-json\/wp\/v2\/tags?post=26204"}],"curies":[{"name":"wp","href":"https:\/\/api.w.org\/{rel}","templated":true}]}}