{"id":26216,"date":"2025-09-03T19:35:09","date_gmt":"2025-09-03T19:35:09","guid":{"rendered":"https:\/\/www.europesays.com\/no\/26216\/"},"modified":"2025-09-03T19:35:09","modified_gmt":"2025-09-03T19:35:09","slug":"siamesiske-tvillinger-abby-og-brittany-hensel-har-de-blitt-modre","status":"publish","type":"post","link":"https:\/\/www.europesays.com\/no\/26216\/","title":{"rendered":"Siamesiske tvillinger Abby og Brittany Hensel: Har de blitt m\u00f8dre?"},"content":{"rendered":"<p class=\"kicker \" style=\"\">Varsler angrep:<\/p>\n<p>  USAs utenriksminister varsler flere angrep mot narkofart\u00f8y i Karibien.<\/p>\n<p>\n    TRUSSEL: USA oppfatter alle narkofart\u00f8y som trusler, uttaler Marco Rubio. Foto: AP Photo \/ Jacquelyn Martin \/ NTB\n  <\/p>\n<p>USAs president Donald Trump hevdet tirsdag kveld at amerikanske styrker hadde angrepet en b\u00e5t lastet med narkotika fra Venezuela i internasjonalt farvann i Karibia.<\/p>\n<p>Seinere samme kveld hevdet han at elleve personer ble drept i angrepet &#8211; alle medlemmer at den venezuelanske gjengen Tren de Aragua, som USA terrorlistet tidligere i \u00e5r.<\/p>\n<p>Det hvite hus har delt en video som de hevder at viser angrepet. Den er avfeid som KI-generert av venezuelanske myndigheter. Det benektes av USAs forsvarsminister Pete Hegseth onsdag ettermiddag, i et intervju med Fox News.<\/p>\n<p>        REAGERER: En video som angivelig er tatt av Det hvite hus har satt fyr p\u00e5 spekulasjonene rundt Donald Trump. Dette er svaret. Video: Reuters.<\/p>\n<p><a href=\"https:\/\/www.bbc.com\/news\/live\/c20700nnwz7t\" rel=\"nofollow noopener\" target=\"_blank\">BBC<\/a>\u00a0har unders\u00f8kt videoen, uten \u00e5 finne holdepunkter for at den er fullstendig KI-generert, men bemerker at den kan ha blitt redigert.<\/p>\n<p>I intervjuet med Fox News, gjengitt av Reuters, nekter Hegseth \u00e5 kommentere hvordan angrepet ble utf\u00f8rt, men kommer samtidig med en advarsel.<\/p>\n<p>    <a itemprop=\"url\" href=\"https:\/\/www.dagbladet.no\/nyheter\/lavrovs-fredskrav\/83540228\" rel=\"nofollow noopener\" target=\"_blank\"><\/p>\n<p>      <img loading=\"lazy\" decoding=\"async\" src=\"https:\/\/www.europesays.com\/no\/wp-content\/uploads\/2025\/09\/82798223.webp\" width=\"980\" height=\"441\" title=\"Lavrovs fredskrav\" alt=\"\" class=\"lazyload\" style=\"--aspect-ratio-image: 2.22; \"\/><\/p>\n<p>        Lavrovs fredskrav<\/p>\n<p>    <\/a><\/p>\n<p>&#8211; Det kommer ikke til \u00e5 stoppe med dette angrepet. Maduro (Venezuelas president Nicol\u00e1s Maduro journ. anm.) har noen beslutninger \u00e5 ta, sier Hegseth.<\/p>\n<p>Hans president anklager Maduro for \u00e5 kontrollere Tren de Aragua.<\/p>\n<p>Rubio: &#8211; Kommer til \u00e5 skje igjen<\/p>\n<p>Utenriksminister Marco Rubio lover at USA vil med fortsette angrep mot det han beskriver som kartellb\u00e5ter fulle av narkotika.<\/p>\n<p>&#8211; Om du er p\u00e5 en b\u00e5t som er full av kokain eller fentanyl, s\u00e5 er du en umiddelbar trussel mot USA. Presidenten har retten til \u00e5 eliminere slike trusler, sa Rubio til reportere under et bes\u00f8k i Mexico by onsdag.<\/p>\n<p>&#8211; Det kommer til \u00e5 skje igjen, sa han videre.<\/p>\n<p>Natt til onsdag gjennomf\u00f8rte amerikanske styrker et angrep mot et fart\u00f8y de mener var lastet med narkotika som kom fra Venezuela. If\u00f8lge president Donald Trump ble elleve personer drept. Han hevder samtlige av dem var gjengmedlemmer.<\/p>\n<p>Tirsdagens angrep skjedde i internasjonalt farvann, og b\u00e5ten var p\u00e5 vei til USA, if\u00f8lge Trump.<\/p>\n","protected":false},"excerpt":{"rendered":"Varsler angrep: USAs utenriksminister varsler flere angrep mot narkofart\u00f8y i Karibien. TRUSSEL: USA oppfatter alle narkofart\u00f8y som trusler,&hellip;\n","protected":false},"author":2,"featured_media":26217,"comment_status":"","ping_status":"","sticky":false,"template":"","format":"standard","meta":{"footnotes":""},"categories":[12],"tags":[4200,4199,20,21,24,25,15,479,22,23,13,30,28,29,14,16,4198,26,27,42,43,44,45],"class_list":{"0":"post-26216","1":"post","2":"type-post","3":"status-publish","4":"format-standard","5":"has-post-thumbnail","7":"category-verden","8":"tag-abby-hensel","9":"tag-amerika","10":"tag-breaking-news","11":"tag-breakingnews","12":"tag-featured-news","13":"tag-featurednews","14":"tag-headlines","15":"tag-kjendis","16":"tag-latest-news","17":"tag-latestnews","18":"tag-news","19":"tag-no","20":"tag-norge","21":"tag-norway","22":"tag-nyheter","23":"tag-overskrifter","24":"tag-siamesiske-tvillinger","25":"tag-top-stories","26":"tag-topstories","27":"tag-verden","28":"tag-world","29":"tag-world-news","30":"tag-worldnews"},"share_on_mastodon":{"url":"","error":""},"_links":{"self":[{"href":"https:\/\/www.europesays.com\/no\/wp-json\/wp\/v2\/posts\/26216","targetHints":{"allow":["GET"]}}],"collection":[{"href":"https:\/\/www.europesays.com\/no\/wp-json\/wp\/v2\/posts"}],"about":[{"href":"https:\/\/www.europesays.com\/no\/wp-json\/wp\/v2\/types\/post"}],"author":[{"embeddable":true,"href":"https:\/\/www.europesays.com\/no\/wp-json\/wp\/v2\/users\/2"}],"replies":[{"embeddable":true,"href":"https:\/\/www.europesays.com\/no\/wp-json\/wp\/v2\/comments?post=26216"}],"version-history":[{"count":0,"href":"https:\/\/www.europesays.com\/no\/wp-json\/wp\/v2\/posts\/26216\/revisions"}],"wp:featuredmedia":[{"embeddable":true,"href":"https:\/\/www.europesays.com\/no\/wp-json\/wp\/v2\/media\/26217"}],"wp:attachment":[{"href":"https:\/\/www.europesays.com\/no\/wp-json\/wp\/v2\/media?parent=26216"}],"wp:term":[{"taxonomy":"category","embeddable":true,"href":"https:\/\/www.europesays.com\/no\/wp-json\/wp\/v2\/categories?post=26216"},{"taxonomy":"post_tag","embeddable":true,"href":"https:\/\/www.europesays.com\/no\/wp-json\/wp\/v2\/tags?post=26216"}],"curies":[{"name":"wp","href":"https:\/\/api.w.org\/{rel}","templated":true}]}}