{"id":26223,"date":"2025-09-03T19:42:10","date_gmt":"2025-09-03T19:42:10","guid":{"rendered":"https:\/\/www.europesays.com\/no\/26223\/"},"modified":"2025-09-03T19:42:10","modified_gmt":"2025-09-03T19:42:10","slug":"ulykker-og-hendelser-drap-notteroy-kvinne-ble-funnet-drept-i-laos-na-stilles-kjaeresten-for-retten","status":"publish","type":"post","link":"https:\/\/www.europesays.com\/no\/26223\/","title":{"rendered":"Ulykker og hendelser, Drap | N\u00f8tter\u00f8y-kvinne ble funnet drept i Laos \u2013 n\u00e5 stilles kj\u00e6resten for retten"},"content":{"rendered":"\n<p>Kvinnens kj\u00e6reste, Hiroyuki Ogu (42), kom raskt i det lokale politiets s\u00f8kelys. I desember 2021 ble han p\u00e5grepet og siktet for drapet. N\u00e5 skal han if\u00f8lge Nerid H\u00f8iness&#8217; mor stilles for retten.<\/p>\n<p>Det skriver <a href=\"https:\/\/www.tv2.no\/nyheter\/innenriks\/nerid-30-ble-funnet-drept-i-jungelen-na-skal-kjaeresten-stilles-for-retten\/18062354\/?utm_source=sdrn%3Avg%3Aarticle%3AQM11GJ\" rel=\"Follow nofollow noopener\" target=\"_blank\">TV2<\/a>.<\/p>\n<p>Det var h\u00f8sten 2019 at den da 30 \u00e5r gamle N\u00f8tter\u00f8y-kvinnen reiste til Thailand for \u00e5 utdanne seg som yogainstrukt\u00f8r. Det var i denne anledning hun traff Ogu, som etter hvert ble hennes kj\u00e6reste.<\/p>\n<p>  <a href=\"https:\/\/www.tb.no\/5-76-1272033\" class=\"related-teaser has-image default-story-teaser article--c-eRUmMG article--c-eRUmMG-jKCPdD-design-default\" rel=\"nofollow noopener\" target=\"_blank\"><\/p>\n<p>    <img decoding=\"async\" loading=\"lazy\"  src=\"https:\/\/www.europesays.com\/no\/wp-content\/uploads\/2025\/09\/FAMILIE.jpg\" alt=\"\" class=\"brick-c-cFOWSL\" style=\"\"\/><\/p>\n<p>\n            Les ogs\u00e5<\/p>\n<p>              Verden raste da Ellen fikk telefon om at datteren var funnet drept: \u2013 Jeg har holdt mediene unna. Jeg ville ikke se Nerids ansikt p\u00e5 forsiden av avisen\n        <\/p>\n<p>  <\/a><\/p>\n<p>I januar 2020 reiste de sammen fra Thailand til Laos. Den 24. den m\u00e5neden fikk s\u00e5 Ellen H\u00f8iness, Nerids mor, en telefon fra sognepresten i T\u00f8nsberg. Dattera var funnet drept i jungelen. N\u00e5, fem og et halvt \u00e5r senere, er det ventet dom i saken.<\/p>\n<p><b>\u2013 Min forst\u00e5else av saken er at skyldsp\u00f8rsm\u00e5let er avklart og at det kommer dom i september, sier Ellen H\u00f8iness til TV 2.<\/b><\/p>\n<p>Hennes laotiske advokat har informert hennes om den kommende rettssaken i september, selv om den enn\u00e5 ikke har f\u00e5tt eksakt dato. Nerids onkel har planlagt \u00e5 f\u00f8lge rettsprosessen i Laos.<\/p>\n<p><b>I Laos kan man f\u00e5 d\u00f8dsstraff. Dette er noe p\u00e5r\u00f8rende f\u00e5r anledning til \u00e5 v\u00e6re med \u00e5 p\u00e5virke. Ellen H\u00f8iness har allerede formidlet til myndighetene i Laos at hun ikke \u00f8nsker dette. Hun er motstander av d\u00f8dsstraff.<\/b><\/p>\n<p>Det er ukjent hvordan han stiller seg til anklagene, men TV 2 har tidligere omtalt at han i avh\u00f8r har knyttet seg til handlingen.<\/p>\n<p>  <a href=\"https:\/\/www.tb.no\/5-76-1971318\" class=\"related-teaser has-image default-story-teaser article--c-eRUmMG article--c-eRUmMG-jKCPdD-design-default\" rel=\"nofollow noopener\" target=\"_blank\"><\/p>\n<p>    <img decoding=\"async\" loading=\"lazy\"  src=\"https:\/\/www.europesays.com\/no\/wp-content\/uploads\/2025\/09\/2nerid_1.jpg\" alt=\"\" class=\"brick-c-cFOWSL\" style=\"\"\/><\/p>\n<p>\n            Les ogs\u00e5<\/p>\n<p>              Nerid (30) fra N\u00f8tter\u00f8y ble mishandlet, drept og dumpet i jungelen \u2013 n\u00e5 er kj\u00e6resten tiltalt\n        <\/p>\n<p>  <\/a><\/p>\n<p>Les mer om: artikkelemnene<\/p>\n","protected":false},"excerpt":{"rendered":"Kvinnens kj\u00e6reste, Hiroyuki Ogu (42), kom raskt i det lokale politiets s\u00f8kelys. I desember 2021 ble han p\u00e5grepet&hellip;\n","protected":false},"author":2,"featured_media":26224,"comment_status":"","ping_status":"","sticky":false,"template":"","format":"standard","meta":{"footnotes":""},"categories":[12],"tags":[36,20,21,377,24,25,15,22,23,13,30,28,29,4202,14,16,1510,26,27,941,42,43,44,45],"class_list":{"0":"post-26223","1":"post","2":"type-post","3":"status-publish","4":"format-standard","5":"has-post-thumbnail","7":"category-verden","8":"tag-art","9":"tag-breaking-news","10":"tag-breakingnews","11":"tag-drap","12":"tag-featured-news","13":"tag-featurednews","14":"tag-headlines","15":"tag-latest-news","16":"tag-latestnews","17":"tag-news","18":"tag-no","19":"tag-norge","20":"tag-norway","21":"tag-notteroy","22":"tag-nyheter","23":"tag-overskrifter","24":"tag-story","25":"tag-top-stories","26":"tag-topstories","27":"tag-ulykker-og-hendelser","28":"tag-verden","29":"tag-world","30":"tag-world-news","31":"tag-worldnews"},"share_on_mastodon":{"url":"","error":""},"_links":{"self":[{"href":"https:\/\/www.europesays.com\/no\/wp-json\/wp\/v2\/posts\/26223","targetHints":{"allow":["GET"]}}],"collection":[{"href":"https:\/\/www.europesays.com\/no\/wp-json\/wp\/v2\/posts"}],"about":[{"href":"https:\/\/www.europesays.com\/no\/wp-json\/wp\/v2\/types\/post"}],"author":[{"embeddable":true,"href":"https:\/\/www.europesays.com\/no\/wp-json\/wp\/v2\/users\/2"}],"replies":[{"embeddable":true,"href":"https:\/\/www.europesays.com\/no\/wp-json\/wp\/v2\/comments?post=26223"}],"version-history":[{"count":0,"href":"https:\/\/www.europesays.com\/no\/wp-json\/wp\/v2\/posts\/26223\/revisions"}],"wp:featuredmedia":[{"embeddable":true,"href":"https:\/\/www.europesays.com\/no\/wp-json\/wp\/v2\/media\/26224"}],"wp:attachment":[{"href":"https:\/\/www.europesays.com\/no\/wp-json\/wp\/v2\/media?parent=26223"}],"wp:term":[{"taxonomy":"category","embeddable":true,"href":"https:\/\/www.europesays.com\/no\/wp-json\/wp\/v2\/categories?post=26223"},{"taxonomy":"post_tag","embeddable":true,"href":"https:\/\/www.europesays.com\/no\/wp-json\/wp\/v2\/tags?post=26223"}],"curies":[{"name":"wp","href":"https:\/\/api.w.org\/{rel}","templated":true}]}}