{"id":262259,"date":"2026-06-10T15:18:16","date_gmt":"2026-06-10T15:18:16","guid":{"rendered":"https:\/\/www.europesays.com\/no\/262259\/"},"modified":"2026-06-10T15:18:16","modified_gmt":"2026-06-10T15:18:16","slug":"kong-charles-logistiske-mesterstykke-fra-bryllup-til-epsom-derby-pa-53-minutter","status":"publish","type":"post","link":"https:\/\/www.europesays.com\/no\/262259\/","title":{"rendered":"Kong Charles&#8217; logistiske mesterstykke: Fra bryllup til Epsom Derby p\u00e5 53 minutter"},"content":{"rendered":"<p class=\"kicker \" style=\"\">Kong Charles:\u00a0<\/p>\n<p>    Kongen hadde dobbeltbooket seg og m\u00e5tte ty til drastiske grep.\u00a0<\/p>\n<p>\n    RAKK BEGGE: Kong Charles fikk feiret b\u00e5de kj\u00e6rligheten og hestesporten p\u00e5 l\u00f8rdag. Foto: NTB\n  <\/p>\n<p>I helgen m\u00e5tte det britiske kongeparet gjennomf\u00f8re et logistisk stunt for \u00e5 rekke b\u00e5de nev\u00f8ens bryllup og den prestisjetunge derbyen p\u00e5 Epsom.<\/p>\n<p>Kong Charles (77) viste med det at han er en verdig arvtaker til sin mor, dronning Elizabeth, som sjelden gikk glipp av Derby-l\u00f8pet.<\/p>\n<p>    <a itemprop=\"url\" href=\"https:\/\/www.seher.no\/kjendis\/viser-frem-sonnen\/84742123\" rel=\"nofollow noopener\" target=\"_blank\"><\/p>\n<p>        <img loading=\"lazy\" decoding=\"async\" src=\"https:\/\/www.europesays.com\/no\/wp-content\/uploads\/2026\/06\/1781104693_811_84742191.webp\" width=\"980\" height=\"441\" alt=\"\" class=\"lazyload\" style=\"--aspect-ratio-image: 2.22; \"\/><\/p>\n<p>        Viser frem s\u00f8nnen<\/p>\n<p>    <\/a><\/p>\n<p>Kongen og dronning Camilla (78) deltok p\u00e5 bryllupet til Peter Phillips (48) og Harriet Sperling (45) i landsbyen Kemble i Gloucestershire l\u00f8rdag formiddag.\u00a0<\/p>\n<p>        <img loading=\"lazy\" decoding=\"async\" src=\"https:\/\/www.europesays.com\/no\/wp-content\/uploads\/2026\/06\/84734722.webp\" width=\"686\" height=\"460\" alt=\"\" class=\"\" style=\"--aspect-ratio-image: 1.49; \"\/><\/p>\n<p>\n        GIFTET SEG: Peter Phillips, s\u00f8nn av prinsesse Anne, fikk sin Harriet Sperling. Foto: Pa Photos\/NTB\n    <\/p>\n<p>Kongeparet skal ha akseptert invitasjonen til Epsom Derby f\u00f8r bryllupsdatoen ble satt, skriver <a href=\"https:\/\/www.telegraph.co.uk\/racing\/2026\/06\/06\/operation-to-fly-king-and-queen-from-wedding-to-the-derby\/?WT.mc_id=tmgoff_fb_photo_from-wedding-to-the-derby\/&amp;fbclid=IwZnRzaASTRD9leHRuA2FlbQIxMQBzcnRjBmFwcF9pZAo2NjI4NTY4Mzc5AAEeDyGztRpjz-ZGxJrm_a5hDmmcE0lc4pgLy-96VEgGW8fRidbRZY3f-julz0I_aem_lmQWvQUZe8fQU1bD7y5yVg\" rel=\"nofollow noopener\" target=\"_blank\">The Telegraph<\/a>.\u00a0<\/p>\n<p>        SKANDAL\u00d8SE TIDER: Under arrestasjonen av eks-prins Andrew Mountbatten-Windsor var kong Charles ute p\u00e5 kongelig oppdrag, men kontrasten vekker oppsikt. Video: Getty \/ NTB \/\/ Foto: NTB \/\/ Reporter: Caroline Vagle<\/p>\n<p>Da de mottok bryllupsinvitasjonen, unders\u00f8kte r\u00e5dgiverne logistikken og fant ut at det var s\u00e5vidt mulig \u00e5 rekke begge deler.<\/p>\n<p>        <img loading=\"lazy\" decoding=\"async\" src=\"https:\/\/www.europesays.com\/no\/wp-content\/uploads\/2026\/06\/84734669.webp\" width=\"686\" height=\"1002\" alt=\"\" class=\"\" style=\"--aspect-ratio-image: 0.68; \"\/><\/p>\n<p>\n        SA HEI: Kong Charles vinket til tilskuerne utenfor vielsen. Foto: EMPICS\/NTB\n    <\/p>\n<p>De ankom All Saints&#8217; Church i Kemble med bil klokken 12.48 til bryllupet som startet klokken 13. De forlot kirken klokken 14 da kirkeklokkene begynte \u00e5 ringe, og var trolig de f\u00f8rste gjestene som dro.<\/p>\n<p>Kongen og dronningen stoppet for \u00e5 vinke til tilskuere som hadde samlet seg for \u00e5 feire bryllupet, f\u00f8r de ble kj\u00f8rt for \u00e5 g\u00e5 om bord i det kongelige helikopteret til veddel\u00f8psbanen i Surrey.<\/p>\n<p>Kongeparet skal ha ankommet rundt klokken 14:53.<\/p>\n<p>        <img loading=\"lazy\" decoding=\"async\" src=\"https:\/\/www.europesays.com\/no\/wp-content\/uploads\/2026\/06\/84734690.webp\" width=\"686\" height=\"467\" alt=\"\" class=\"\" style=\"--aspect-ratio-image: 1.47; \"\/><\/p>\n<p>\n        DER VAR DE: Kong Charles og dronning Camilla rakk b\u00e5de bryllup og derby. Foto: Reuters\/NTB\n    <\/p>\n<p>&#8211; Deres majesteter var ivrige etter \u00e5 vise st\u00f8tte til en av veddel\u00f8psindustriens viktigste dager, som dessverre falt p\u00e5 samme dag som en familieanledning de var like ivrige etter \u00e5 v\u00e6re en del av, sier en kilde fra hoffet til The Telegraph.<\/p>\n<p>    <a itemprop=\"url\" href=\"https:\/\/www.seher.no\/kongelig\/dette-skjer-hvis-kong-charles-dor\/80958137\" rel=\"nofollow noopener\" target=\"_blank\"><\/p>\n<p>        <img loading=\"lazy\" decoding=\"async\" src=\"https:\/\/www.europesays.com\/no\/wp-content\/uploads\/2026\/06\/80957234.webp\" width=\"980\" height=\"441\" alt=\"\" class=\"lazyload\" style=\"--aspect-ratio-image: 2.22; \"\/><\/p>\n<p>        Dette skjer hvis kong Charles d\u00f8r<\/p>\n<p>    <\/a><\/p>\n<p>&#8211; Heldigvis fant man en l\u00f8sning som gjorde det mulig \u00e5 rekke begge deler. Jeg vet at de s\u00e5 veldig frem til alle delene av denne spesielle, men hektiske dagen, en dag som ogs\u00e5 innebar et lite kappl\u00f8p for deres egen del.<\/p>\n<p>        <img loading=\"lazy\" decoding=\"async\" src=\"https:\/\/www.europesays.com\/no\/wp-content\/uploads\/2026\/06\/84734868.webp\" width=\"686\" height=\"762\" alt=\"\" class=\"\" style=\"--aspect-ratio-image: 0.90; \"\/><\/p>\n<p>\n        DERBY-FAN: Dronning Elizabeth var en selvskreven gjest p\u00e5 Epsom Derby i mange \u00e5r. Her f\u00f8lger hun godt med i 2007. Foto: Shutterstock\/NTB\n    <\/p>\n<p>Dette er f\u00f8rste gang en regjerende monark har deltatt p\u00e5 Derby-dagen siden avd\u00f8de dronning Elizabeth bes\u00f8kte i 2019.<\/p>\n","protected":false},"excerpt":{"rendered":"Kong Charles:\u00a0 Kongen hadde dobbeltbooket seg og m\u00e5tte ty til drastiske grep.\u00a0 RAKK BEGGE: Kong Charles fikk feiret&hellip;\n","protected":false},"author":2,"featured_media":262260,"comment_status":"","ping_status":"","sticky":false,"template":"","format":"standard","meta":{"footnotes":"","_share_on_mastodon":"0"},"categories":[58],"tags":[183,3868,71,2543,3994,76,30,28,29,72],"class_list":["post-262259","post","type-post","status-publish","format-standard","has-post-thumbnail","category-underholdning","tag-bryllup","tag-dronning-camilla","tag-entertainment","tag-kjendisdesken","tag-kong-charles","tag-kongelig","tag-no","tag-norge","tag-norway","tag-underholdning"],"share_on_mastodon":{"url":"https:\/\/pubeurope.com\/@no\/116726484672181758","error":""},"_links":{"self":[{"href":"https:\/\/www.europesays.com\/no\/wp-json\/wp\/v2\/posts\/262259","targetHints":{"allow":["GET"]}}],"collection":[{"href":"https:\/\/www.europesays.com\/no\/wp-json\/wp\/v2\/posts"}],"about":[{"href":"https:\/\/www.europesays.com\/no\/wp-json\/wp\/v2\/types\/post"}],"author":[{"embeddable":true,"href":"https:\/\/www.europesays.com\/no\/wp-json\/wp\/v2\/users\/2"}],"replies":[{"embeddable":true,"href":"https:\/\/www.europesays.com\/no\/wp-json\/wp\/v2\/comments?post=262259"}],"version-history":[{"count":0,"href":"https:\/\/www.europesays.com\/no\/wp-json\/wp\/v2\/posts\/262259\/revisions"}],"wp:featuredmedia":[{"embeddable":true,"href":"https:\/\/www.europesays.com\/no\/wp-json\/wp\/v2\/media\/262260"}],"wp:attachment":[{"href":"https:\/\/www.europesays.com\/no\/wp-json\/wp\/v2\/media?parent=262259"}],"wp:term":[{"taxonomy":"category","embeddable":true,"href":"https:\/\/www.europesays.com\/no\/wp-json\/wp\/v2\/categories?post=262259"},{"taxonomy":"post_tag","embeddable":true,"href":"https:\/\/www.europesays.com\/no\/wp-json\/wp\/v2\/tags?post=262259"}],"curies":[{"name":"wp","href":"https:\/\/api.w.org\/{rel}","templated":true}]}}