{"id":26227,"date":"2025-09-03T19:49:20","date_gmt":"2025-09-03T19:49:20","guid":{"rendered":"https:\/\/www.europesays.com\/no\/26227\/"},"modified":"2025-09-03T19:49:20","modified_gmt":"2025-09-03T19:49:20","slug":"naeringslivet-raser-mot-dn-finansavisen","status":"publish","type":"post","link":"https:\/\/www.europesays.com\/no\/26227\/","title":{"rendered":"N\u00e6ringslivet raser mot DN | Finansavisen"},"content":{"rendered":"<p class=\"\">\u00abJeg er ideologisk sentrumsekstremist og fysisk avhengig av meningsforskjeller i hverdagen. Derfor leser jeg KK, FA, VG, Aftenposten, Morgenbladet, WSJ og The Economist, og konsumerer stort sett alt The Free Press publiserer. Men fra og med i dag ikke lenger DN. Det er IKKE p\u00e5 grunn av ideologi eller meninger, men mer drevet av en f\u00f8lelse av \u00e5 bli undervurdert som leser. Litt som \u2018ten\u00e5ringslitteratur\u2019 etter at man er fylt 15\u00bb, f\u00f8r han kommer med en ny kommentar under en annen post:<\/p>\n<p class=\"\">\u00abMen supert om du eller noen andre som fortsetter som abonnenter, sier fra om de ansatte i Dagens N\u00e6ringsliv skulle begynne \u00e5 interessere seg for dagens n\u00e6ringsliv igjen. Dette er egentlig ikke vanskeligere enn det, tror jeg.\u00bb<\/p>\n<p class=\"\">Horde-gr\u00fcnder Alf Gunnar Andersen er heller ikke imponert: \u00abN\u00e6ringslivet boikotter Dagens N\u00e6ringsliv. Tenker det blir noen runder internt\u00bb, skriver han.<\/p>\n<p><img decoding=\"async\" class=\"lazyload \" src=\"https:\/\/www.europesays.com\/no\/wp-content\/uploads\/2025\/09\/1756928955_821_pipe\"  data- alt=\"\"\/><\/p>\n<p>LEI SEG: Lars Oscar \u00d8vsteg\u00e5rd har saks\u00f8kt staten siden han m\u00e5 betale formuesskatt. N\u00e5 f\u00f8ler han seg tr\u00e5kket p\u00e5 av DN. <strong>Foto: Eivind Yggeseth<\/strong><\/p>\n<p class=\"subhead\" data-element-type=\"subhead\" data-element-label=\"Mellomtittel\">Mener det st\u00e5r lite om aksjer<\/p>\n<p>Det er ikke bare p\u00e5 LinkedIn at mange er kritiske til DN. XtraInvestor-gr\u00fcnder og investor Lars Brandeggen har ogs\u00e5 sagt opp DN-abonnementet:<\/p>\n<p>\u00abSa opp mitt abonnement i DN etter x antall \u00e5r i g\u00e5r. Har over tid lest stadig mindre i den, og det er etter hvert lite matnyttig om b\u00f8rsnoterte aksjer. Og n\u00e5r journalistene gj\u00f8r seg selv til hovedpersonene og meningsb\u00e6rerne (som man dessverre ser overalt i tradisjonell media), og kompletterer dette med tvilsom eller tendensi\u00f8s bruk av fakta for \u00e5 bygge opp eget syn eller egen status \u2013 hva er vitsen da?\u00bb, skriver han.<\/p>\n<p>\u00abEr blitt en 100 prosent avis for byr\u00e5krater og statsforvaltningen, som har ingenting med n\u00e6ringslivet \u00e5 gj\u00f8re dersom man ser vekk fra subsidefronten\u00bb, skriver aksjeinvestor Atle Pedersen p\u00e5 XtraInvestor-chatten.<\/p>\n<p><img decoding=\"async\" class=\"lazyload \" src=\"https:\/\/www.europesays.com\/no\/wp-content\/uploads\/2025\/09\/1756928960_838_pipe\"  data- alt=\"\"\/><\/p>\n<p>VIL HA LAVERE SKATT: \u2013 DN mener at n\u00e6ringslivet trenger lavere skatt p\u00e5 norsk eierskap, skriver sjefredakt\u00f8r Janne Johannessen. <strong>Foto: \u00d8yvind Elvsborg\/DN<\/strong><\/p>\n<p class=\"subhead\" data-element-type=\"subhead\" data-element-label=\"Mellomtittel\">Forsvarer DN<\/p>\n<p>Sjefredakt\u00f8r Janne Johannessen har f\u00f8lgende kommentar til kritikken mot DN:<\/p>\n<p>\u00abNorsk n\u00e6ringsliv best\u00e5r av mange engasjerte mennesker som setter pris p\u00e5 god, kritisk journalistikk og som forst\u00e5r at pressens oppgave er \u00e5 belyse viktige samfunnssp\u00f8rsm\u00e5l gjennom et mangfold av vinkler, kilder og synspunkter. Flere av dem som kritiserer oss, har f\u00e5tt m\u00e5lb\u00e6re sine meninger grundig og vel i v\u00e5re spalter, blant annet i skattedebatten\u00bb, skriver Johannessen, og fortsetter:<\/p>\n<p>\u00abDN mener at n\u00e6ringslivet trenger lavere skatt p\u00e5 norsk eierskap, samtidig som vi er opptatt av \u00e5 slippe til stemmer som mener noe annet. Vi lytter alltid til saklig kritikk og forslag til forbedringer. Men boikott av journalistikk man ikke liker er neppe veien \u00e5 g\u00e5 hvis man \u00f8nsker en opplyst og konstruktiv debatt\u00bb.<\/p>\n<p>\u00abBoikottropene og protestoppsigelsene p\u00e5 sosiale medier og i FAs spalter, synes ikke i v\u00e5rt abonnementsregister. P\u00e5standene om at vi ikke skj\u00f8nner noe av n\u00e6ringslivet synes heller ikke i v\u00e5re regnskaper. I motsetning til andre norske n\u00e6ringslivsaviser g\u00e5r vi for tiden med solid overskudd\u00bb, avslutter Johannessen.<\/p>\n","protected":false},"excerpt":{"rendered":"\u00abJeg er ideologisk sentrumsekstremist og fysisk avhengig av meningsforskjeller i hverdagen. Derfor leser jeg KK, FA, VG, Aftenposten,&hellip;\n","protected":false},"author":2,"featured_media":26228,"comment_status":"","ping_status":"","sticky":false,"template":"","format":"standard","meta":{"footnotes":""},"categories":[56],"tags":[60,982,61,62,30,28,29],"class_list":{"0":"post-26227","1":"post","2":"type-post","3":"status-publish","4":"format-standard","5":"has-post-thumbnail","7":"category-naeringsliv","8":"tag-business","9":"tag-dagens-naeringsliv","10":"tag-economy","11":"tag-naeringsliv","12":"tag-no","13":"tag-norge","14":"tag-norway"},"share_on_mastodon":{"url":"","error":""},"_links":{"self":[{"href":"https:\/\/www.europesays.com\/no\/wp-json\/wp\/v2\/posts\/26227","targetHints":{"allow":["GET"]}}],"collection":[{"href":"https:\/\/www.europesays.com\/no\/wp-json\/wp\/v2\/posts"}],"about":[{"href":"https:\/\/www.europesays.com\/no\/wp-json\/wp\/v2\/types\/post"}],"author":[{"embeddable":true,"href":"https:\/\/www.europesays.com\/no\/wp-json\/wp\/v2\/users\/2"}],"replies":[{"embeddable":true,"href":"https:\/\/www.europesays.com\/no\/wp-json\/wp\/v2\/comments?post=26227"}],"version-history":[{"count":0,"href":"https:\/\/www.europesays.com\/no\/wp-json\/wp\/v2\/posts\/26227\/revisions"}],"wp:featuredmedia":[{"embeddable":true,"href":"https:\/\/www.europesays.com\/no\/wp-json\/wp\/v2\/media\/26228"}],"wp:attachment":[{"href":"https:\/\/www.europesays.com\/no\/wp-json\/wp\/v2\/media?parent=26227"}],"wp:term":[{"taxonomy":"category","embeddable":true,"href":"https:\/\/www.europesays.com\/no\/wp-json\/wp\/v2\/categories?post=26227"},{"taxonomy":"post_tag","embeddable":true,"href":"https:\/\/www.europesays.com\/no\/wp-json\/wp\/v2\/tags?post=26227"}],"curies":[{"name":"wp","href":"https:\/\/api.w.org\/{rel}","templated":true}]}}