{"id":26237,"date":"2025-09-03T20:08:12","date_gmt":"2025-09-03T20:08:12","guid":{"rendered":"https:\/\/www.europesays.com\/no\/26237\/"},"modified":"2025-09-03T20:08:12","modified_gmt":"2025-09-03T20:08:12","slug":"dodstallet-har-steget-til-15-etter-kabeltrikkulykke-i-lisboa","status":"publish","type":"post","link":"https:\/\/www.europesays.com\/no\/26237\/","title":{"rendered":"D\u00f8dstallet har steget til 15 etter kabeltrikkulykke i Lisboa"},"content":{"rendered":"\n<p class=\"_lead_ew2ao_2 _lead_xtcu6_50 layout-component text-serif-m layout-normal text-serif-l layout-component layout-wide layout-padded _wide_17hqh_1 layout-padded\">\u00c5rsaken til ulykken er fortsatt ikke kjent.<\/p>\n<p> <img class=\"_image_qp4xg_65 layout-component layout-wide\" data-fullscreen- data-track-element-type=\"Article image fullscreen\" data-track-name=\"ImageFullscreen\" fetchpriority=\"high\" decoding=\"sync\" loading=\"eager\" height=\"181\" itemprop=\"image\"  src=\"https:\/\/www.europesays.com\/no\/wp-content\/uploads\/2025\/09\/bfda9b78becbda96ec786768fb593455.jpg\"  style=\"object-position:50% 50%;aspect-ratio:1.75;height:auto;object-fit:cover;width:100%\" width=\"102\"\/>   Oppdatert onsdag 3. september kl. 21:57     <\/p>\n<p class=\"_paragraph_ew2ao_4 _paragraph_xtcu6_10 layout-component text-serif-m layout-normal text-serif-m layout-padded\">Portugals president Marcelo Rebelo de Sousa bekreftet tidligere onsdag kveld at flere personer er d\u00f8de som f\u00f8lge av en ulykke p\u00e5 kabeltrikken Gloria i <a href=\"https:\/\/www.vg.no\/tag\/lisboa?utm_source=vg-article&amp;utm_medium=auto-tagger&amp;utm_campaign=W0EwKa\" class=\"_link_ew2ao_39\" rel=\"nofollow noopener\" target=\"_blank\">Lisboa<\/a>.<\/p>\n<p class=\"_paragraph_ew2ao_4 _paragraph_xtcu6_10 layout-component text-serif-m layout-normal text-serif-m layout-padded\">Sousa spesifiserer ikke hvor mange det er snakk om, men if\u00f8lge lokale myndigheter har 15 har personer mistet livet.<\/p>\n<p class=\"_paragraph_ew2ao_4 _paragraph_xtcu6_10 layout-component text-serif-m layout-normal text-serif-m layout-padded\">I uttalelsen uttrykker Portugals president sin medf\u00f8lelse og solidaritet med familiene som er rammet av ulykken.<\/p>\n<ul class=\"_gallery_1qa3s_23\" tabindex=\"0\">\n<li class=\"_item_1qa3s_37\" data-index=\"0\"><img decoding=\"async\" class=\"_image_foru8_23 _articleGallery_foru8_39\" data-fullscreen- width=\"3450\" height=\"2300\" itemprop=\"image\" loading=\"lazy\"  src=\"https:\/\/www.europesays.com\/no\/wp-content\/uploads\/2025\/09\/5d959d5d-c8b8-4b32-b1e8-8be1e39af522\"  style=\"object-position:50% 50%;aspect-ratio:var(--gallery-aspect-ratio, 16 \/ 9)\"\/>Foto: Armando Franca \/ AP \/ NTB<\/li>\n<li class=\"_item_1qa3s_37\" data-index=\"1\"><img decoding=\"async\" class=\"_image_foru8_23 _articleGallery_foru8_39\" data-fullscreen- width=\"3574\" height=\"2383\" itemprop=\"image\" loading=\"lazy\"  src=\"https:\/\/www.europesays.com\/no\/wp-content\/uploads\/2025\/09\/000c1d18-d5d8-4d17-9dae-71679db6a824\"  style=\"object-position:50% 50%;aspect-ratio:var(--gallery-aspect-ratio, 16 \/ 9)\"\/>Foto: Armando Franca \/ AP \/ NTB<\/li>\n<li class=\"_item_1qa3s_37\" data-index=\"2\"><img decoding=\"async\" class=\"_image_foru8_23 _articleGallery_foru8_39\" data-fullscreen- width=\"2760\" height=\"1901\" itemprop=\"image\" loading=\"lazy\"  src=\"https:\/\/www.europesays.com\/no\/wp-content\/uploads\/2025\/09\/6b88dd8f-ad03-4524-9c98-ad0fccaecd1a\"  style=\"object-position:50% 50%;aspect-ratio:var(--gallery-aspect-ratio, 16 \/ 9)\"\/>Foto: PATRICIA DE MELO MOREIRA \/ AFP \/ NTB<\/li>\n<\/ul>\n<p>Foto: Armando Franca \/ AP \/ NTB<\/p>\n<p class=\"_paragraph_ew2ao_4 _paragraph_xtcu6_10 layout-component text-serif-m layout-normal text-serif-m layout-padded\"><strong class=\"_strong_ew2ao_25\">If\u00f8lge CNN Portugal er 18 personer skadet, hvorav fem skal v\u00e6re alvorlig skadet. <\/strong><\/p>\n<p class=\"_paragraph_ew2ao_4 _paragraph_xtcu6_10 layout-component text-serif-m layout-normal text-serif-m layout-padded\">\u2013 Det er en veldig vanskelig dag for oss alle, sier Lisboas ordf\u00f8rer, Carlos Moeda, if\u00f8lge CNN Portugal.<\/p>\n<p><img alt=\"Carlos Moeda, Lisboas ordf\u00f8rer, m\u00f8tte pressen onsdag kveld.   Foto: AFP \/ NTB\" class=\"_image_qp4xg_65 layout-component layout-normal\" data-fullscreen- data-track-element-type=\"Article image fullscreen\" data-track-name=\"ImageFullscreen\" decoding=\"async\" loading=\"lazy\" height=\"4000\" itemprop=\"image\"  src=\"https:\/\/www.europesays.com\/no\/wp-content\/uploads\/2025\/09\/c7f58186-ecdd-449f-902e-3734e48ef5ed\"  style=\"object-position:0% 0%\" width=\"6000\"\/>Carlos Moeda, Lisboas ordf\u00f8rer, m\u00f8tte pressen onsdag kveld.   Foto: AFP \/ NTB<\/p>\n<p class=\"_paragraph_ew2ao_4 _paragraph_xtcu6_10 layout-component text-serif-m layout-normal text-serif-m layout-padded\">Videre skriver nettstedet at Lisboas bystyre har erkl\u00e6rt tre dager med kommunal sorg.<\/p>\n<p class=\"_paragraph_ew2ao_4 _paragraph_xtcu6_10 layout-component text-serif-m layout-normal text-serif-m layout-padded\">\u00c5rsaken til ulykken er s\u00e5 langt ukjent, men Correio de Manh\u00e2 skriver at kabelvognen kan ha falt fra stor h\u00f8yde.<\/p>\n<p class=\"_paragraph_ew2ao_4 _paragraph_xtcu6_10 layout-component text-serif-m layout-normal text-serif-m layout-padded\">If\u00f8lge ordf\u00f8reren ble ulykken meldt klokken 18.08.<\/p>\n<p class=\"_paragraph_ew2ao_4 _paragraph_xtcu6_10 layout-component text-serif-m layout-normal text-serif-m layout-padded\">B\u00e5de brannvesen, helse og politi er p\u00e5 stedet med store ressurser. CNN skriver at sivilforsvaret er p\u00e5 plass med 56 personer.<\/p>\n<p class=\"_paragraph_ew2ao_4 _paragraph_xtcu6_10 layout-component text-serif-m layout-normal text-serif-m layout-padded\">Elevador da Gloria, som g\u00e5r mellom Restauradores og Principe Real, er en av flere kabeltrikker som g\u00e5r i Lisboa sentrum. De er spesielt popul\u00e6re blant turister.<\/p>\n<p class=\"_paragraph_ew2ao_4 _paragraph_xtcu6_10 layout-component text-serif-m layout-normal text-serif-m layout-padded\">Trikken g\u00e5r p\u00e5 en linje oppover fra turistomr\u00e5det Baixa og opp til et av de eldste nabolagene i Lisboa, Bairro Alto. Trikkelinjen ble \u00e5pnet i 1885, og var da den andre kabeltrikken i byen. <\/p>\n<p><img alt=\"Her skal ulykken ha funnet sted. Bildet er tatt ved en tidligere anledning.  Foto: PATRICIA DE MELO MOREIRA \/ AFP \/ NTB\" class=\"_image_qp4xg_65 layout-component layout-normal\" data-fullscreen- data-track-element-type=\"Article image fullscreen\" data-track-name=\"ImageFullscreen\" decoding=\"async\" loading=\"lazy\" height=\"1854\" itemprop=\"image\"  src=\"https:\/\/www.europesays.com\/no\/wp-content\/uploads\/2025\/09\/7bc428ff-e2f0-41d9-a9fc-cd50b5eefcbd\"  style=\"object-position:0% 0%\" width=\"2438\"\/>Her skal ulykken ha funnet sted. Bildet er tatt ved en tidligere anledning.  Foto: PATRICIA DE MELO MOREIRA \/ AFP \/ NTB<\/p>\n<p class=\"_paragraph_ew2ao_4 _paragraph_xtcu6_10 layout-component text-serif-m layout-normal text-serif-m layout-padded\">Ogs\u00e5 EU-kommisjonens president Ursula von der Leyen har uttalt seg etter ulykken.<\/p>\n<p class=\"_paragraph_ew2ao_4 _paragraph_xtcu6_10 layout-component text-serif-m layout-normal text-serif-m layout-padded\">\u2013 Det er med sorg jeg fikk vite om avsporingen av den ber\u00f8mte \u00abElevador da Gl\u00f3ria\u00bb. Min medf\u00f8lelse g\u00e5r til ofrenes familier, skriver hun p\u00e5 X.<\/p>\n","protected":false},"excerpt":{"rendered":"\u00c5rsaken til ulykken er fortsatt ikke kjent. Oppdatert onsdag 3. september kl. 21:57 Portugals president Marcelo Rebelo de&hellip;\n","protected":false},"author":2,"featured_media":26238,"comment_status":"","ping_status":"","sticky":false,"template":"","format":"standard","meta":{"footnotes":""},"categories":[12],"tags":[20,21,24,25,15,22,23,4204,13,30,28,29,14,16,26,27,42,43,44,45],"class_list":{"0":"post-26237","1":"post","2":"type-post","3":"status-publish","4":"format-standard","5":"has-post-thumbnail","7":"category-verden","8":"tag-breaking-news","9":"tag-breakingnews","10":"tag-featured-news","11":"tag-featurednews","12":"tag-headlines","13":"tag-latest-news","14":"tag-latestnews","15":"tag-lisboa","16":"tag-news","17":"tag-no","18":"tag-norge","19":"tag-norway","20":"tag-nyheter","21":"tag-overskrifter","22":"tag-top-stories","23":"tag-topstories","24":"tag-verden","25":"tag-world","26":"tag-world-news","27":"tag-worldnews"},"share_on_mastodon":{"url":"","error":""},"_links":{"self":[{"href":"https:\/\/www.europesays.com\/no\/wp-json\/wp\/v2\/posts\/26237","targetHints":{"allow":["GET"]}}],"collection":[{"href":"https:\/\/www.europesays.com\/no\/wp-json\/wp\/v2\/posts"}],"about":[{"href":"https:\/\/www.europesays.com\/no\/wp-json\/wp\/v2\/types\/post"}],"author":[{"embeddable":true,"href":"https:\/\/www.europesays.com\/no\/wp-json\/wp\/v2\/users\/2"}],"replies":[{"embeddable":true,"href":"https:\/\/www.europesays.com\/no\/wp-json\/wp\/v2\/comments?post=26237"}],"version-history":[{"count":0,"href":"https:\/\/www.europesays.com\/no\/wp-json\/wp\/v2\/posts\/26237\/revisions"}],"wp:featuredmedia":[{"embeddable":true,"href":"https:\/\/www.europesays.com\/no\/wp-json\/wp\/v2\/media\/26238"}],"wp:attachment":[{"href":"https:\/\/www.europesays.com\/no\/wp-json\/wp\/v2\/media?parent=26237"}],"wp:term":[{"taxonomy":"category","embeddable":true,"href":"https:\/\/www.europesays.com\/no\/wp-json\/wp\/v2\/categories?post=26237"},{"taxonomy":"post_tag","embeddable":true,"href":"https:\/\/www.europesays.com\/no\/wp-json\/wp\/v2\/tags?post=26237"}],"curies":[{"name":"wp","href":"https:\/\/api.w.org\/{rel}","templated":true}]}}