{"id":262839,"date":"2026-06-11T06:30:13","date_gmt":"2026-06-11T06:30:13","guid":{"rendered":"https:\/\/www.europesays.com\/no\/262839\/"},"modified":"2026-06-11T06:30:13","modified_gmt":"2026-06-11T06:30:13","slug":"onlyfans-modell-pa-torpet-dagbladet","status":"publish","type":"post","link":"https:\/\/www.europesays.com\/no\/262839\/","title":{"rendered":"OnlyFans-modell p\u00e5 \u00abTorpet\u00bb &#8211; Dagbladet"},"content":{"rendered":"<ol>\n<li><a href=\"https:\/\/news.google.com\/rss\/articles\/CBMidkFVX3lxTE9FNTFMTkJpbHBBNmZ1UXJ1XzRIR2FyaFIxLVNMNVFGUmVtUTJUdS1DUm9kOGFtX3VILXZjYTN1OVZNR2RIeGFVcUcxaThzV2ozeEZ5c1E5M292THA5UlhGaVdwX3ppSWFZMlM1QTNfZ0ZFc3lLcWc?oc=5\" target=\"_blank\" rel=\"nofollow noopener\">OnlyFans-modell p\u00e5 \u00abTorpet\u00bb<\/a>&nbsp;&nbsp;Dagbladet<\/li>\n<li><a href=\"https:\/\/news.google.com\/rss\/articles\/CBMiggFBVV95cUxQeDdRam5ZRGxHV0hJRmx0bGVEU2g0MWEtTGxYVFNEYm5kckR1X1dDVjV6bm5sUHBxYmlac0pYell4aUh1MFp5R1pmemt0TER1eC1ONXBmRGRGWmxEQWxVTUVkMG5NVlJ1OHpJbEtlNzJMdXBYbzduZ1gtdWFGQjVGOU1B?oc=5\" target=\"_blank\" rel=\"nofollow noopener\">\u00abTorpet\u00bb 2026: Dette er de nye \u00abTorpet\u00bb-deltakerne<\/a>&nbsp;&nbsp;TV 2<\/li>\n<li><a href=\"https:\/\/news.google.com\/rss\/articles\/CBMizAFBVV95cUxNV2ZTUmRndkNKbW53NWN2ZXMySWl2NTlOdW1IRVFYV2UwYXB6azVGVW52ZnVHNzViZDE5cFRKUTJkOGpOSFg3Q25IRk81T19UZmUtUW9EVVlZY1RNaWJmbFVQaU8zMHRwVk5yel9YUzNXQno2ejlYX2U4SXpNS2cwQ3NxRlBiM1ZnekltdzB0cVg0TUw3M1FBRkhSSXFnZ0FmMVFoMFh3MDUtRWNsckkxcEpuMDBvdzZUZU95anVLNmNkUUFCdHZfYUw2YU8?oc=5\" target=\"_blank\" rel=\"nofollow noopener\">Sykepleier Aurora (27) fra Askim ble utfordret av en pasient \u2013 n\u00e5 er hun klar for Farmen p\u00e5 TV2<\/a>&nbsp;&nbsp;Smaalenenes Avis<\/li>\n<li><a href=\"https:\/\/news.google.com\/rss\/articles\/CBMinwFBVV95cUxNUlN1QnpRQkNfQ3JtRndxa05tYWZWN1o1c0hFUnlFQ3NBOWYzT2JCOXVsT2lLTFZuOW9RV1JlZ3VrN0xPZUJObTgtWGlHQl9MSTBiWGRMQVRrZkltakw4dFRiY3ZtUU1VY2ZQRFhfWEJtZHBScWJwdXZwc3FVUVd3NTN1ajZFbmtwRkxQaUNWZnk2NVN1aWhLcTVKODF1VVU?oc=5\" target=\"_blank\" rel=\"nofollow noopener\">Disse flyttet inn p\u00e5 Farmen-g\u00e5rden i Notodden &#8211; \u00e9n av dem er lokal<\/a>&nbsp;&nbsp;Telen<\/li>\n<li><a href=\"https:\/\/news.google.com\/rss\/articles\/CBMipAFBVV95cUxNaUJYVjc2Nm1JWDdDRjJHU2tiakpCczdfWkFuYzI4OTBCbWpNeHZrbDlsOXpnS2o4V1NiYkpsYjdGTDhWbXpORTBISVZILUM1Q0F2eDB4VUoyOGFyZUFBLUxyNEpadlRFZ3VoTmEtb2NURTBJQ3hwelBUX3ZaWnpMenJ2bWJpa2t6YVZtZXQ4amM0ejdMa0hLZDRlS3VpUC1wMHUxbg?oc=5\" target=\"_blank\" rel=\"nofollow noopener\">&#8211; Helt siden jeg ble b\u00e5ret ut av Farmen, har jeg tenkt p\u00e5 Torpet<\/a>&nbsp;&nbsp;kk.no<\/li>\n<\/ol>\n","protected":false},"excerpt":{"rendered":"OnlyFans-modell p\u00e5 \u00abTorpet\u00bb&nbsp;&nbsp;Dagbladet \u00abTorpet\u00bb 2026: Dette er de nye \u00abTorpet\u00bb-deltakerne&nbsp;&nbsp;TV 2 Sykepleier Aurora (27) fra Askim ble utfordret&hellip;\n","protected":false},"author":2,"featured_media":262840,"comment_status":"","ping_status":"","sticky":false,"template":"","format":"standard","meta":{"footnotes":"","_share_on_mastodon":"0"},"categories":[58],"tags":[22983,71,206,22984,479,30,28,29,2177,22985,15992,208,72],"class_list":["post-262839","post","type-post","status-publish","format-standard","has-post-thumbnail","category-underholdning","tag-amalie-lund","tag-entertainment","tag-farmen","tag-julia-scott","tag-kjendis","tag-no","tag-norge","tag-norway","tag-reality-tv","tag-sebastian-eide","tag-torpet","tag-tv-2","tag-underholdning"],"share_on_mastodon":{"url":"https:\/\/pubeurope.com\/@no\/116730070789083420","error":""},"_links":{"self":[{"href":"https:\/\/www.europesays.com\/no\/wp-json\/wp\/v2\/posts\/262839","targetHints":{"allow":["GET"]}}],"collection":[{"href":"https:\/\/www.europesays.com\/no\/wp-json\/wp\/v2\/posts"}],"about":[{"href":"https:\/\/www.europesays.com\/no\/wp-json\/wp\/v2\/types\/post"}],"author":[{"embeddable":true,"href":"https:\/\/www.europesays.com\/no\/wp-json\/wp\/v2\/users\/2"}],"replies":[{"embeddable":true,"href":"https:\/\/www.europesays.com\/no\/wp-json\/wp\/v2\/comments?post=262839"}],"version-history":[{"count":0,"href":"https:\/\/www.europesays.com\/no\/wp-json\/wp\/v2\/posts\/262839\/revisions"}],"wp:featuredmedia":[{"embeddable":true,"href":"https:\/\/www.europesays.com\/no\/wp-json\/wp\/v2\/media\/262840"}],"wp:attachment":[{"href":"https:\/\/www.europesays.com\/no\/wp-json\/wp\/v2\/media?parent=262839"}],"wp:term":[{"taxonomy":"category","embeddable":true,"href":"https:\/\/www.europesays.com\/no\/wp-json\/wp\/v2\/categories?post=262839"},{"taxonomy":"post_tag","embeddable":true,"href":"https:\/\/www.europesays.com\/no\/wp-json\/wp\/v2\/tags?post=262839"}],"curies":[{"name":"wp","href":"https:\/\/api.w.org\/{rel}","templated":true}]}}