{"id":262968,"date":"2026-06-11T08:34:10","date_gmt":"2026-06-11T08:34:10","guid":{"rendered":"https:\/\/www.europesays.com\/no\/262968\/"},"modified":"2026-06-11T08:34:10","modified_gmt":"2026-06-11T08:34:10","slug":"farmen-tv2-kjendisdatter-skal-inn-pa-torpet","status":"publish","type":"post","link":"https:\/\/www.europesays.com\/no\/262968\/","title":{"rendered":"Farmen, TV2 | Kjendisdatter skal inn p\u00e5 Torpet"},"content":{"rendered":"\n<p>De tre deltagerne som flytter inn p\u00e5 Torpet i \u00e5r er Amalie Lund, Sebastian Eide og Julia Scott. Lund og Eide har deltatt p\u00e5 Farmen tidligere, mens Scott er helt fersk.<\/p>\n<p>Hun er datter av tidligere deltager Robert Michael Scott, bedre kjent som \u00abNorwayrob\u00bb p\u00e5 Tiktok.<\/p>\n<p>N\u00e5 skal datteren Julia Scott kjempe om \u00e5 komme seg inn p\u00e5 Farmen. Det har familien hennes lang erfaring med.<\/p>\n<p>  <a href=\"https:\/\/www.ba.no\/5-8-3429256\" class=\"related-teaser has-image article--c-MkAkR\" rel=\"nofollow noopener\" target=\"_blank\"><\/p>\n<p>    <img decoding=\"async\" width=\"155\"  loading=\"lazy\"  src=\"https:\/\/www.europesays.com\/no\/wp-content\/uploads\/2026\/06\/1781166849_704_4f558430-2f56-4dd3-be62-87d6a5571f9d.jpg\" alt=\"\" class=\"brick-c-cFOWSL\" style=\"\"\/><\/p>\n<p>\n            Les ogs\u00e5<\/p>\n<p>Disse bergenserne skal v\u00e6re med p\u00e5 nye Farmen\n        <\/p>\n<p>  <\/a><br \/>\n  Skal gj\u00f8re det bedre enn far og bror<\/p>\n<p>Faren Robert Michael Scott deltok p\u00e5 Farmen i 2021, Torpet i 2022, og broren Christopher Scott deltok p\u00e5 Torpet i 2023.<\/p>\n<p>Julia ble veldig glad da det var hennes tur.<\/p>\n<p><b>\u2013 N\u00e5 skal jeg inn der og gj\u00f8re det bedre enn pappa og Christopher, det var motivasjonen under hele oppholdet. De tror at de er bedre enn meg i alt, men n\u00e5 skal jeg bevise at jeg ogs\u00e5 kan, forklarer bergenseren. <\/b><\/p>\n<p>Avhengig av dusj og mobilen<\/p>\n<p>Julia forteller at hun er avhengig av dusj, barbering, hudpleie og mobilen. S\u00e5 hun forst\u00e5r familiens skepsis.<\/p>\n<p>Hun forteller ogs\u00e5 at dette er langt fra den f\u00f8rste TV-produksjonen som har tatt kontakt.<\/p>\n<p>\u2013 Men det har v\u00e6rt mest show med fokus p\u00e5 sex og utseende. Jeg synes at Farmen og Torpet er mer respektabelt. Jeg synes det er g\u00f8y \u00e5 gj\u00f8re noe slikt, jeg har aldri utfordret meg p\u00e5 den m\u00e5ten f\u00f8r, smiler Julia.<\/p>\n<p>Farmen og Torpet har premiere p\u00e5 TV 2 Play fredag.<\/p>\n<p>  <a href=\"https:\/\/www.ba.no\/5-8-1690479\" class=\"related-teaser has-image article--c-MkAkR\" rel=\"nofollow noopener\" target=\"_blank\"><\/p>\n<p>    <img decoding=\"async\" width=\"155\"  loading=\"lazy\"  src=\"https:\/\/www.europesays.com\/no\/wp-content\/uploads\/2026\/06\/farmen.jpg\" alt=\"\" class=\"brick-c-cFOWSL\" style=\"\"\/><\/p>\n<p>\n            Les ogs\u00e5<\/p>\n<p>            Tiktok-stjernen fra Bergen er med i \u00e5rets \u00abFarmen\u00bb\n        <\/p>\n<p>  <\/a><\/p>\n<p><a class=\"brick-c-hOTghF\" href=\"#skip-\">Hopp over karusellen.<\/a><\/p>\n<p data-static=\"\" class=\"brick-c-fgNmNC\" id=\"carousel-title-\">Innholdskarusell med 20 artikler.<\/p>\n<ul data-static=\"\" aria-label=\"Navigasjon for innholdskarusell\" class=\"carousel-nav\">\n<li>\n<\/li>\n<li>\n<\/li>\n<\/ul>\n","protected":false},"excerpt":{"rendered":"De tre deltagerne som flytter inn p\u00e5 Torpet i \u00e5r er Amalie Lund, Sebastian Eide og Julia Scott.&hellip;\n","protected":false},"author":2,"featured_media":262969,"comment_status":"","ping_status":"","sticky":false,"template":"","format":"standard","meta":{"footnotes":"","_share_on_mastodon":"0"},"categories":[58],"tags":[36,71,206,30,28,29,1510,15992,1130,72],"class_list":["post-262968","post","type-post","status-publish","format-standard","has-post-thumbnail","category-underholdning","tag-art","tag-entertainment","tag-farmen","tag-no","tag-norge","tag-norway","tag-story","tag-torpet","tag-tv2","tag-underholdning"],"share_on_mastodon":{"url":"https:\/\/pubeurope.com\/@no\/116730558364438905","error":""},"_links":{"self":[{"href":"https:\/\/www.europesays.com\/no\/wp-json\/wp\/v2\/posts\/262968","targetHints":{"allow":["GET"]}}],"collection":[{"href":"https:\/\/www.europesays.com\/no\/wp-json\/wp\/v2\/posts"}],"about":[{"href":"https:\/\/www.europesays.com\/no\/wp-json\/wp\/v2\/types\/post"}],"author":[{"embeddable":true,"href":"https:\/\/www.europesays.com\/no\/wp-json\/wp\/v2\/users\/2"}],"replies":[{"embeddable":true,"href":"https:\/\/www.europesays.com\/no\/wp-json\/wp\/v2\/comments?post=262968"}],"version-history":[{"count":0,"href":"https:\/\/www.europesays.com\/no\/wp-json\/wp\/v2\/posts\/262968\/revisions"}],"wp:featuredmedia":[{"embeddable":true,"href":"https:\/\/www.europesays.com\/no\/wp-json\/wp\/v2\/media\/262969"}],"wp:attachment":[{"href":"https:\/\/www.europesays.com\/no\/wp-json\/wp\/v2\/media?parent=262968"}],"wp:term":[{"taxonomy":"category","embeddable":true,"href":"https:\/\/www.europesays.com\/no\/wp-json\/wp\/v2\/categories?post=262968"},{"taxonomy":"post_tag","embeddable":true,"href":"https:\/\/www.europesays.com\/no\/wp-json\/wp\/v2\/tags?post=262968"}],"curies":[{"name":"wp","href":"https:\/\/api.w.org\/{rel}","templated":true}]}}