{"id":263027,"date":"2026-06-11T09:28:10","date_gmt":"2026-06-11T09:28:10","guid":{"rendered":"https:\/\/www.europesays.com\/no\/263027\/"},"modified":"2026-06-11T09:28:10","modified_gmt":"2026-06-11T09:28:10","slug":"reach-remote-karet-til-arets-teknologiske-gjennombrudd-teknisk-ukeblad","status":"publish","type":"post","link":"https:\/\/www.europesays.com\/no\/263027\/","title":{"rendered":"Reach Remote k\u00e5ret til \u00e5rets teknologiske gjennombrudd &#8211; Teknisk Ukeblad"},"content":{"rendered":"<ol>\n<li><a href=\"https:\/\/news.google.com\/rss\/articles\/CBMikgFBVV95cUxQSHBoeXgwTmlCcDFJemQtQTY5eVk0ZXdkQWlPZlM5STNHZTh3T2xac0tPbGRDMUVNelNUY1BIdzVhZHBTOEFab3VrUVV2Rmt0NGs5RmkyMVBXN2puY0ZTY0RBdnQ0RmoxRXFPbHhncVpZbXdvc3JUNG1kYTYtSlZGM3c3Z19RQzZuMks5RWE4MUU2QQ?oc=5\" target=\"_blank\" rel=\"nofollow noopener\">Reach Remote k\u00e5ret til \u00e5rets teknologiske gjennombrudd<\/a>&nbsp;&nbsp;Teknisk Ukeblad<\/li>\n<li><a href=\"https:\/\/news.google.com\/rss\/articles\/CBMiwgFBVV95cUxOVEUyVGR1Q0gxVThWajN5SV9nSFhYdVpRMk5CZkYzZmtlQkRibTFtaUtJVFctbmhCTzdLMDgySlBpRExSaGk0cldGdGVpZkl3RlFJeWtwc3ZDYmF3SnZsLVdwUVQzQ0JMYnRJMzNsSWJjR29LQW8yMGFkWjY2NXViTmNtY0JiSGJjZXowdkNNMWpaamo1VHVsUzlMU1cwUDA0YXZuaFdPeHUzYjV0Q0lfbjVFNHZrUUlZOW44S3FsX2tpQQ?oc=5\" target=\"_blank\" rel=\"nofollow noopener\">\u2013 Vi synest ikkje akt\u00f8rane i n\u00e6ringa kan vere likegyldige til dette<\/a>&nbsp;&nbsp;vikebladet.no<\/li>\n<li><a href=\"https:\/\/news.google.com\/rss\/articles\/CBMixgFBVV95cUxOY1c5SlFBMXFMRnFGNnVlQ180WkN0VWlQTzdXTEZqZXA1UGR1ZUd1RzFnQXNPc3BodEhGTmZuZkpkMzRudFNrQTZVVjdFeWdFdEN5R0pkZUdkci11UERhTHU5SjgtWHNnbnA1dHVQdWY0X3l0bVJoVGdtTnZfMmg5YnZjU21Ib3JGY3ZSRVptY3JkcE8wZVdFTjQ1MXdid2ViU2hhZVBzVER3eU1xelEwaTY1UmRLTklobTU4eEt4UVJ3U0c0bWc?oc=5\" target=\"_blank\" rel=\"nofollow noopener\">Autonomt gjennombrudd: Internasjonalt regelverk p\u00e5 plass<\/a>&nbsp;&nbsp;MTLogistikk.no<\/li>\n<li><a href=\"https:\/\/news.google.com\/rss\/articles\/CBMimgFBVV95cUxOTnpOQ2dkNlZ4N1lBUG16QW5UT1pOVzIxX29xT3dLeFlQaHp0Q2k3a2ptaDMwTmlzZ1pJaGVFdUxhM0c3NFRGWHJoOVZnWVVvUW4yRjhYejNqdnk4MXBSd25rMy1LM2x6ZjVONGpiMU92cktMS3JqRDNsbWRycVJoVWx1bWZFUWZiYTZwQ0tmdm9SVElNT2RHUy1B?oc=5\" target=\"_blank\" rel=\"nofollow noopener\">Denne teknologien gj\u00f8r det mulig \u00e5 v\u00e6re sj\u00f8mann \u2013 p\u00e5 land<\/a>&nbsp;&nbsp;SINTEF<\/li>\n<li><a href=\"https:\/\/news.google.com\/rss\/articles\/CBMi4wFBVV95cUxPNlRSeGkyeUh3blNna3lremtiRWhMRjl0bkEybnhZNk1FOGg0WlB2YlRldFNQX2s0UzVua0l1ZWc1LXM0T0tJTmY2RG43dVdtQkRjSzRDcXlhUVZ0OUlvS2ZZRmNSY0htWFpjRmR0eTJQNFZZWFFCVGhNRmMzU1BnMFRUcXljRUEzTjFwaUhsMHVGRkw3bWM3dloxRVpsQW5qc19SSnFKMzRtUmtiREtoVnNwX0RPT2F3dmh1Nk53R1VNSy1uNEU1R1pXV0JxMmI2Mlc0RS15dFZvRVhFbWVxZVowOA?oc=5\" target=\"_blank\" rel=\"nofollow noopener\">Autonome skip og nytt regelverk baner vei for gr\u00f8nnere godstransport<\/a>&nbsp;&nbsp;NTB Kommunikasjon<\/li>\n<\/ol>\n","protected":false},"excerpt":{"rendered":"Reach Remote k\u00e5ret til \u00e5rets teknologiske gjennombrudd&nbsp;&nbsp;Teknisk Ukeblad \u2013 Vi synest ikkje akt\u00f8rane i n\u00e6ringa kan vere likegyldige&hellip;\n","protected":false},"author":2,"featured_media":263028,"comment_status":"","ping_status":"","sticky":false,"template":"","format":"standard","meta":{"footnotes":"","_share_on_mastodon":"0"},"categories":[10],"tags":[20,21,24,25,15,22,23,180,13,30,28,29,23008,23009,14,16,6912,26,27],"class_list":["post-263027","post","type-post","status-publish","format-standard","has-post-thumbnail","category-norge","tag-breaking-news","tag-breakingnews","tag-featured-news","tag-featurednews","tag-headlines","tag-latest-news","tag-latestnews","tag-maritim","tag-news","tag-no","tag-norge","tag-norway","tag-norwegian-tech-awards","tag-nta-2026","tag-nyheter","tag-overskrifter","tag-reach-subsea","tag-top-stories","tag-topstories"],"share_on_mastodon":{"url":"https:\/\/pubeurope.com\/@no\/116730770567248798","error":""},"_links":{"self":[{"href":"https:\/\/www.europesays.com\/no\/wp-json\/wp\/v2\/posts\/263027","targetHints":{"allow":["GET"]}}],"collection":[{"href":"https:\/\/www.europesays.com\/no\/wp-json\/wp\/v2\/posts"}],"about":[{"href":"https:\/\/www.europesays.com\/no\/wp-json\/wp\/v2\/types\/post"}],"author":[{"embeddable":true,"href":"https:\/\/www.europesays.com\/no\/wp-json\/wp\/v2\/users\/2"}],"replies":[{"embeddable":true,"href":"https:\/\/www.europesays.com\/no\/wp-json\/wp\/v2\/comments?post=263027"}],"version-history":[{"count":0,"href":"https:\/\/www.europesays.com\/no\/wp-json\/wp\/v2\/posts\/263027\/revisions"}],"wp:featuredmedia":[{"embeddable":true,"href":"https:\/\/www.europesays.com\/no\/wp-json\/wp\/v2\/media\/263028"}],"wp:attachment":[{"href":"https:\/\/www.europesays.com\/no\/wp-json\/wp\/v2\/media?parent=263027"}],"wp:term":[{"taxonomy":"category","embeddable":true,"href":"https:\/\/www.europesays.com\/no\/wp-json\/wp\/v2\/categories?post=263027"},{"taxonomy":"post_tag","embeddable":true,"href":"https:\/\/www.europesays.com\/no\/wp-json\/wp\/v2\/tags?post=263027"}],"curies":[{"name":"wp","href":"https:\/\/api.w.org\/{rel}","templated":true}]}}