{"id":26303,"date":"2025-09-03T21:19:14","date_gmt":"2025-09-03T21:19:14","guid":{"rendered":"https:\/\/www.europesays.com\/no\/26303\/"},"modified":"2025-09-03T21:19:14","modified_gmt":"2025-09-03T21:19:14","slug":"slik-vil-hun-bruke-mer-makt-i-ny-regjering-til-a-endre-norge","status":"publish","type":"post","link":"https:\/\/www.europesays.com\/no\/26303\/","title":{"rendered":"Slik vil hun bruke mer makt i ny regjering til \u00e5 endre Norge"},"content":{"rendered":"\n<ul class=\"_list_ew2ao_3 _list_64s2r_85 _unordered_ew2ao_99 text-sans-m\">\n<li class=\"_item_ew2ao_30\">Sylvi Listhaug sier Frp vil ha mer makt enn tidligere hvis det blir en borgerlig regjering etter valget. <\/li>\n<li class=\"_item_ew2ao_30\">Hun mener Frp og H\u00f8yre kan bli enige om mye, men at H\u00f8yre har blitt litt for like Ap og at man derfor trenger et sterkt Frp. <\/li>\n<li class=\"_item_ew2ao_30\">Listhaug vil redusere skatter og avgifter og fokus p\u00e5 kjerneoppgaver. Hun har en annen politikk enn H\u00f8yre om blant annet klima, narkotika og skole. <\/li>\n<\/ul>\n<p>Vis mer <\/p>\n<p class=\"_paragraph_ew2ao_4 _paragraph_xtcu6_10 layout-component text-serif-m layout-normal text-serif-m layout-padded\">\u2013 Jeg tror veldig mange opplever at Frp er det tydeligste alternativet. Det har vi f\u00e5tt veldig mange tilbakemeldinger p\u00e5 over lang tid, og det er ogs\u00e5 grunnen til at vi er mye st\u00f8rre enn det vi var for bare f\u00e5 \u00e5r siden. <\/p>\n<p class=\"_paragraph_ew2ao_4 _paragraph_xtcu6_10 layout-component text-serif-m layout-normal text-serif-m layout-padded\">Det sier <a href=\"https:\/\/www.vg.no\/tag\/sylvi-listhaug?utm_source=vg-article&amp;utm_medium=auto-tagger&amp;utm_campaign=al60AE\" class=\"_link_ew2ao_39\" rel=\"nofollow noopener\" target=\"_blank\">Sylvi Listhaug<\/a>, mens hun kj\u00f8rer valgkamp-bobilen til Frp inn mot \u00d8rskog der familiens g\u00e5rd ligger. <\/p>\n<p><img alt=\"\" class=\"_image_qp4xg_65 layout-component layout-left\" data-fullscreen- data-track-element-type=\"Article image fullscreen\" data-track-name=\"ImageFullscreen\" decoding=\"async\" loading=\"lazy\" height=\"5504\" itemprop=\"image\"  src=\"https:\/\/www.europesays.com\/no\/wp-content\/uploads\/2025\/09\/7611edbf-7aa7-43a8-8461-425853bef85f\"  style=\"object-position:0% 0%\" width=\"7339\"\/><img alt=\"\" class=\"_image_qp4xg_65 layout-component layout-right\" data-fullscreen- data-track-element-type=\"Article image fullscreen\" data-track-name=\"ImageFullscreen\" decoding=\"async\" loading=\"lazy\" height=\"5504\" itemprop=\"image\"  src=\"https:\/\/www.europesays.com\/no\/wp-content\/uploads\/2025\/09\/9ca5dcb7-54f2-4779-b8ba-5ba49c446c9a\"  style=\"object-position:0% 0%\" width=\"7338\"\/><\/p>\n<p class=\"_paragraph_ew2ao_4 _paragraph_xtcu6_10 layout-component text-serif-m layout-normal text-serif-m layout-padded\">Det har v\u00e6rt en intens valgkamp, med tidlige morgener og sene kvelder. Det tar p\u00e5. Mellom slagene har Listhaug bestemt seg for \u00e5 skvise inn tid til en rask kaffekopp med foreldrene som driver g\u00e5rden hun er vokst opp p\u00e5, selv om r\u00e5dgiverne ikke hadde planlagt for det.\u00a0<\/p>\n<p class=\"_paragraph_ew2ao_4 _paragraph_xtcu6_10 layout-component text-serif-m layout-normal text-serif-m layout-padded\">Man merker p\u00e5 henne at batteriene lades jo n\u00e6rmere hun kommer. Hun ler mer, og lener seg tilbake i f\u00f8rersetet. <\/p>\n<p class=\"_paragraph_ew2ao_4 _paragraph_xtcu6_10 layout-component text-serif-m layout-normal text-serif-m layout-padded\">\u2013 Jeg gr\u00e5t nesten da jeg m\u00e5tte si dette fra meg. Det er det fineste stedet p\u00e5 jord. <\/p>\n<p>Klar for mye mer makt<\/p>\n<p class=\"_paragraph_ew2ao_4 _paragraph_xtcu6_10 layout-component text-serif-m layout-normal text-serif-m layout-padded\">Dagene f\u00f8r turen var preget av debatter og intens borgerlig statsministerstrid: Erna Solberg avviste torsdag blankt<a href=\"https:\/\/www.vg.no\/nyheter\/i\/vgMXMX\/sylvi-listhaug-slaar-tilbake-mot-erna-solberg-mer-opptatt-av-posisjoner-enn-politikk\" data-track-element-type=\"Link\" data-track-id=\"link:vgMXMX\" class=\"_link_ew2ao_39\" rel=\"nofollow noopener\" target=\"_blank\"> mulighetene for at Listhaug kan bli statsminister.<\/a> Listhaug kontret med at det virker som Solberg er mer opptatt av statsministerboligen enn politikken. <\/p>\n<p><img alt=\"\" class=\"_image_qp4xg_65 layout-component layout-left\" data-fullscreen- data-track-element-type=\"Article image fullscreen\" data-track-name=\"ImageFullscreen\" decoding=\"async\" loading=\"lazy\" height=\"5218\" itemprop=\"image\"  src=\"https:\/\/www.europesays.com\/no\/wp-content\/uploads\/2025\/09\/f9913547-a74a-40de-b244-6d1f69c73145\"  style=\"object-position:0% 0%\" width=\"6957\"\/><img alt=\"\" class=\"_image_qp4xg_65 layout-component layout-right\" data-fullscreen- data-track-element-type=\"Article image fullscreen\" data-track-name=\"ImageFullscreen\" decoding=\"async\" loading=\"lazy\" height=\"5450\" itemprop=\"image\"  src=\"https:\/\/www.europesays.com\/no\/wp-content\/uploads\/2025\/09\/617bdec8-1d4a-4dc9-bc7f-521e3a615fe7\"  style=\"object-position:0% 0%\" width=\"7267\"\/><\/p>\n<p class=\"_paragraph_ew2ao_4 _paragraph_xtcu6_10 layout-component text-serif-m layout-normal text-serif-m layout-padded\">Listhaug har konsekvent avvist \u00e5 svare p\u00e5 om hun vil bli statsminister eller ikke, men sagt at det er naturlig at det st\u00f8rste partiet p\u00e5 borgerlig side \u2013 som i dag er Frp \u2013 f\u00e5r statsministeren. <\/p>\n<p class=\"_paragraph_ew2ao_4 _paragraph_xtcu6_10 layout-component text-serif-m layout-normal text-serif-m layout-padded\">Men hun er lei av diskusjonen om dette, sier hun.<\/p>\n<p class=\"_paragraph_ew2ao_4 _paragraph_xtcu6_10 layout-component text-serif-m layout-normal text-serif-m layout-padded\">\u2013 Det beste er \u00e5 prate politikk i stedet for posisjoner, og det har egentlig blitt altfor mye fokus p\u00e5 posisjoner i den valgkampen her. Det som er viktig er jo hvilke visjoner vi har for Norge. <\/p>\n<p class=\"_paragraph_ew2ao_4 _paragraph_xtcu6_10 layout-component text-serif-m layout-normal text-serif-m layout-padded\">P\u00e5 NRKs folkem\u00f8te i Trondheim, ble hun utfordret av en lokalpolitiker fra Venstre <a href=\"https:\/\/www.vg.no\/nyheter\/i\/qP0e1O\/svarer-velgerne-i-trondheim\" data-track-element-type=\"Link\" data-track-id=\"link:qP0e1O\" class=\"_link_ew2ao_39\" rel=\"nofollow noopener\" target=\"_blank\">som ba<\/a> henne gj\u00f8re de borgerlige partiene en tjeneste og peke p\u00e5 Erna. <\/p>\n<p class=\"_paragraph_ew2ao_4 _paragraph_xtcu6_10 layout-component text-serif-m layout-normal text-serif-m layout-padded\">Det tar hun absolutt ikke til seg: <\/p>\n<p class=\"_paragraph_ew2ao_4 _paragraph_xtcu6_10 layout-component text-serif-m layout-normal text-serif-m layout-padded\">\u2013 Jeg synes det var helt utrolig. V\u00e5r strategi ligger fast, s\u00e5 f\u00e5r n\u00e5 de begynne \u00e5 gj\u00f8re jobben sin i stedet for \u00e5 bidra til spill og spetakkel, for det er jo det som skjer n\u00e5.<\/p>\n<p class=\"_paragraph_ew2ao_4 _paragraph_xtcu6_10 layout-component text-serif-m layout-normal text-serif-m layout-padded\">For blir det en borgerlig valgseier, kommer Frp til \u00e5 st\u00e5 mye sterkere enn forrige gang de satt i regjering. Maktbalansen er endret: Frp er langt st\u00f8rre enn H\u00f8yre, og p\u00e5 mange m\u00e5linger st\u00f8rre enn H\u00f8yre, Venstre og KrF til sammen.<\/p>\n<p class=\"_paragraph_ew2ao_4 _paragraph_xtcu6_10 layout-component text-serif-m layout-normal text-serif-m layout-padded\">\u2013 Dere m\u00e5 f\u00e5 mye mer makt enn sist?<\/p>\n<p class=\"_paragraph_ew2ao_4 _paragraph_xtcu6_10 layout-component text-serif-m layout-normal text-serif-m layout-padded\">\u2013 Ja, selvf\u00f8lgelig.<\/p>\n<p><img alt=\"\" class=\"_image_qp4xg_65 layout-component layout-left\" data-fullscreen- data-track-element-type=\"Article image fullscreen\" data-track-name=\"ImageFullscreen\" decoding=\"async\" loading=\"lazy\" height=\"5485\" itemprop=\"image\"  src=\"https:\/\/www.europesays.com\/no\/wp-content\/uploads\/2025\/09\/2729a096-3cc2-419c-8a97-8141eb30903f\"  style=\"object-position:0% 0%\" width=\"7313\"\/><img alt=\"\" class=\"_image_qp4xg_65 layout-component layout-right\" data-fullscreen- data-track-element-type=\"Article image fullscreen\" data-track-name=\"ImageFullscreen\" decoding=\"async\" loading=\"lazy\" height=\"5302\" itemprop=\"image\"  src=\"https:\/\/www.europesays.com\/no\/wp-content\/uploads\/2025\/09\/d6988540-ac1b-42c3-b1ee-027d315c2386\"  style=\"object-position:0% 0%\" width=\"7069\"\/><\/p>\n<p class=\"_paragraph_ew2ao_4 _paragraph_xtcu6_10 layout-component text-serif-m layout-normal text-serif-m layout-padded\">Den makten sier Sylvi Listhaug at hun vil bruke til \u00e5 endre Norge. <\/p>\n<p class=\"_paragraph_ew2ao_4 _paragraph_xtcu6_10 layout-component text-serif-m layout-normal text-serif-m layout-padded\">\u2013 Det viktigste er \u00e5 f\u00e5 startet jobben med \u00e5 stoppe sl\u00f8singen og begynne \u00e5 prioritere kjerneoppgavene, og redusere skatter og avgifter. Det er det store prosjektet jeg mener er helt avgj\u00f8rende for Norge i et lengre perspektiv hvis vi skal opprettholde et godt velferdssamfunn.<\/p>\n<p>Dette vil hun gj\u00f8re f\u00f8rst<\/p>\n<p class=\"_paragraph_ew2ao_4 _paragraph_xtcu6_10 layout-component text-serif-m layout-normal text-serif-m layout-padded\">F\u00f8rste steg, og det aller viktigste, er \u00e5 bli kvitt St\u00f8re som statsminister, sier Listhaug. <\/p>\n<p class=\"_paragraph_ew2ao_4 _paragraph_xtcu6_10 layout-component text-serif-m layout-normal text-serif-m layout-padded\">Og blir det en ny regjering med H\u00f8yre, sier hun det finnes mange omr\u00e5der der de og Frp er samstemte og enkelt kan finne felles politikk. <\/p>\n<p class=\"_paragraph_ew2ao_4 _paragraph_xtcu6_10 layout-component text-serif-m layout-normal text-serif-m layout-padded\">\u2013 Helsepolitikken tror jeg ikke blir noe problem. Det tror jeg vi f\u00e5r l\u00f8sninger p\u00e5 ganske raskt, i tillegg til mye p\u00e5 n\u00e6ring. Det er en del omr\u00e5der der, men s\u00e5 er det andre der H\u00f8yre har glidd over til Ap som skiller oss litt, sier hun, men:<\/p>\n<p class=\"_paragraph_ew2ao_4 _paragraph_xtcu6_10 layout-component text-serif-m layout-normal text-serif-m layout-padded\"><strong class=\"_strong_ew2ao_25\">\u2013 Jeg tror velgerne har sett de siste fire \u00e5rene at H\u00f8yre og Ap er litt for like p\u00e5 flere omr\u00e5der. Klima er et av dem, narkotikapolitikken et annet. Jeg tror de ser at vi trenger et sterkt Frp hvis vi skal ta Norge i riktig retning.<\/strong><\/p>\n<p><img alt=\"\" class=\"_image_qp4xg_65 layout-component layout-normal\" data-fullscreen- data-track-element-type=\"Article image fullscreen\" data-track-name=\"ImageFullscreen\" decoding=\"async\" loading=\"lazy\" height=\"3882\" itemprop=\"image\"  src=\"https:\/\/www.europesays.com\/no\/wp-content\/uploads\/2025\/09\/b34321d6-2ff3-485c-87b0-7166af22f9ea\"  style=\"object-position:0% 0%\" width=\"3107\"\/><\/p>\n<p class=\"_paragraph_ew2ao_4 _paragraph_xtcu6_10 layout-component text-serif-m layout-normal text-serif-m layout-padded\">I en av Listhaugs personlige kjernesaker skiller Frp seg tydelig fra H\u00f8yre<a href=\"https:\/\/www.vg.no\/nyheter\/i\/vgodQB\/hoeyre-presenterer-ny-skolepolitikk-en-sfo-time-til-timeplanen-for-1-klasse\" data-track-element-type=\"Link\" data-track-id=\"link:vgodQB\" class=\"_link_ew2ao_39\" rel=\"nofollow noopener\" target=\"_blank\"> som \u00f8nsker<\/a> \u00e9n time ekstra skole for de minste. Det f\u00e5r Listhaug, som har l\u00e6rerbakgrunn, til \u00e5 le h\u00f8yt.<\/p>\n<p class=\"_paragraph_ew2ao_4 _paragraph_xtcu6_10 layout-component text-serif-m layout-normal text-serif-m layout-padded\">\u2013 Det tror jeg absolutt ingenting p\u00e5! Er det noe disse sm\u00e5 barna har nok av s\u00e5 er det timer, det er ikke det de trenger, utbryter hun.<\/p>\n<p class=\"_paragraph_ew2ao_4 _paragraph_xtcu6_10 layout-component text-serif-m layout-normal text-serif-m layout-padded\">Hennes svar er i stedet mer niv\u00e5tilpasset undervisning, og flere alternative l\u00e6ringsarenaer ute i naturen for elevene som sliter. <\/p>\n<p class=\"_paragraph_ew2ao_4 _paragraph_xtcu6_10 layout-component text-serif-m layout-normal text-serif-m layout-padded\">\u2013 Det er ikke sikkert at alle skal l\u00e6re alt det samme, men de skal bli den beste versjonen av seg selv. Alle elever er absolutt like mye verdt. Men det er v\u00e5r oppgave som samfunn \u00e5 finne hva de er interessert i og legge til rette for at de kan utvikle seg. <\/p>\n<p><img alt=\"\" class=\"_image_qp4xg_65 layout-component layout-left\" data-fullscreen- data-track-element-type=\"Article image fullscreen\" data-track-name=\"ImageFullscreen\" decoding=\"async\" loading=\"lazy\" height=\"5461\" itemprop=\"image\"  src=\"https:\/\/www.europesays.com\/no\/wp-content\/uploads\/2025\/09\/89cbd1d1-205f-4839-bf12-6dfdae8bfe1c\"  style=\"object-position:0% 0%\" width=\"7282\"\/><img alt=\"\" class=\"_image_qp4xg_65 layout-component layout-right\" data-fullscreen- data-track-element-type=\"Article image fullscreen\" data-track-name=\"ImageFullscreen\" decoding=\"async\" loading=\"lazy\" height=\"5492\" itemprop=\"image\"  src=\"https:\/\/www.europesays.com\/no\/wp-content\/uploads\/2025\/09\/aa4a6d40-bff8-41aa-8741-89cb9d37b6e1\"  style=\"object-position:0% 0%\" width=\"7323\"\/><\/p>\n<p class=\"_paragraph_ew2ao_4 _paragraph_xtcu6_10 layout-component text-serif-m layout-normal text-serif-m layout-padded\">Erna Solberg har sagt at H\u00f8yre m\u00e5 bli sterkere, hvis man skal f\u00e5 en borgerlig regjering som fungerer. Listhaug blir tydelig oppgitt n\u00e5r vi trekker det frem.<\/p>\n<p class=\"_paragraph_ew2ao_4 _paragraph_xtcu6_10 layout-component text-serif-m layout-normal text-serif-m layout-padded\">\u2013 Hvis det blir et ikke-sosialistisk flertall er det i alle fall tre partier som har forpliktet seg til at vi skal ha en ikke-sosialistisk regjering. Selvsagt skal vi s\u00f8rge for at det fungerer, sier hun.<\/p>\n<p>I medvind<\/p>\n<p class=\"_paragraph_ew2ao_4 _paragraph_xtcu6_10 layout-component text-serif-m layout-normal text-serif-m layout-padded\">Underveis p\u00e5 turen har Listhaug blant annet stoppet hos Suppe-Kalle i \u00c5lesund. Han deler ut mat til alle som trenger det. <\/p>\n<p class=\"_paragraph_ew2ao_4 _paragraph_xtcu6_10 layout-component text-serif-m layout-normal text-serif-m layout-padded\">De siste \u00e5rene har p\u00e5gangen \u00f8kt, sier han. Han vet ikke om det er fordi flere ikke har r\u00e5d til mat, eller fordi det er flere som sliter med ensomhet og trenger noen \u00e5 dele et m\u00e5ltid med. <\/p>\n<p><img alt=\"\" class=\"_image_qp4xg_65 layout-component layout-left\" data-fullscreen- data-track-element-type=\"Article image fullscreen\" data-track-name=\"ImageFullscreen\" decoding=\"async\" loading=\"lazy\" height=\"5501\" itemprop=\"image\"  src=\"https:\/\/www.europesays.com\/no\/wp-content\/uploads\/2025\/09\/62425f0d-ee37-478f-ad61-8b9bd9c861b6\"  style=\"object-position:0% 0%\" width=\"7334\"\/><img alt=\"\" class=\"_image_qp4xg_65 layout-component layout-right\" data-fullscreen- data-track-element-type=\"Article image fullscreen\" data-track-name=\"ImageFullscreen\" decoding=\"async\" loading=\"lazy\" height=\"5467\" itemprop=\"image\"  src=\"https:\/\/www.europesays.com\/no\/wp-content\/uploads\/2025\/09\/d0f32eab-dcb9-43c9-87ec-bdccf5acce62\"  style=\"object-position:0% 0%\" width=\"7290\"\/><\/p>\n<p class=\"_paragraph_ew2ao_4 _paragraph_xtcu6_10 layout-component text-serif-m layout-normal text-serif-m layout-padded\">Selv om offisielle tall viser nedgang i barnefattigdom, gj\u00f8r matpriser og dyrtid at den er minst like h\u00f8y som f\u00f8r,<a href=\"https:\/\/www.vg.no\/nyheter\/i\/mPJXqE\/aleneforeldre-sliter-halvparten-har-ikke-raad-til-nok-mat\" data-track-element-type=\"Link\" data-track-id=\"link:mPJXqE\" class=\"_link_ew2ao_39\" rel=\"nofollow noopener\" target=\"_blank\"> if\u00f8lge en ny<\/a> SIFOSIFOStatens institutt for forbruksforskning-rapport.<\/p>\n<p class=\"_paragraph_ew2ao_4 _paragraph_xtcu6_10 layout-component text-serif-m layout-normal text-serif-m layout-padded\">Listhaugs svar p\u00e5 det? Igjen: Hun sier man m\u00e5 slutte \u00e5 sl\u00f8se.<\/p>\n<p class=\"_paragraph_ew2ao_4 _paragraph_xtcu6_10 layout-component text-serif-m layout-normal text-serif-m layout-padded\">\u2013 Det er s\u00e5 mye penger som g\u00e5r til disse gr\u00f8nne industriprosjektene, bistand, innvandring og et byr\u00e5krati som stadig vokser p\u00e5 grunn av nye s\u00f8knadsbaserte ordninger. Samtidig kuttes det p\u00e5 eldreomsorg, skole, sykehus og de grunnleggende tjenestene. <\/p>\n<p class=\"_paragraph_ew2ao_4 _paragraph_xtcu6_10 layout-component text-serif-m layout-normal text-serif-m layout-padded\">Sola skinner i \u00c5lesund. Frp-lederen sier det har v\u00e6rt s\u00e5nn gjennom hele valgkampen: Hvor enn hun drar er det str\u00e5lende v\u00e6r, og det begynner f\u00f8rst \u00e5 regne n\u00e5r hun har dratt. <\/p>\n<p class=\"_paragraph_ew2ao_4 _paragraph_xtcu6_10 layout-component text-serif-m layout-normal text-serif-m layout-padded\">Valgdagen vil vise om det er et tegn. <\/p>\n<p>Vil v\u00e6re st\u00f8rst<\/p>\n<p class=\"_paragraph_ew2ao_4 _paragraph_xtcu6_10 layout-component text-serif-m layout-normal text-serif-m layout-padded\">Hvor enn hun drar, m\u00f8tes hun ogs\u00e5 av unge som vil ta selfier med henne. \u00c9n av de VG sp\u00f8r, forteller at han vil stemme p\u00e5 Sylvi \u00abfordi det er det mest aksepterte i guttegjengen\u00bb. <\/p>\n<p><img alt=\"\" class=\"_image_qp4xg_65 layout-component layout-normal\" data-fullscreen- data-track-element-type=\"Article image fullscreen\" data-track-name=\"ImageFullscreen\" decoding=\"async\" loading=\"lazy\" height=\"5431\" itemprop=\"image\"  src=\"https:\/\/www.europesays.com\/no\/wp-content\/uploads\/2025\/09\/dd9c27a9-6f2e-47dc-a8b9-74d718e882f8\"  style=\"object-position:0% 0%\" width=\"7241\"\/><\/p>\n<p class=\"_paragraph_ew2ao_4 _paragraph_xtcu6_10 layout-component text-serif-m layout-normal text-serif-m layout-padded\">\u2013 Frp har blitt mainstream blant de unge n\u00e5?<\/p>\n<p class=\"_paragraph_ew2ao_4 _paragraph_xtcu6_10 layout-component text-serif-m layout-normal text-serif-m layout-padded\">\u2013 Ja, der har ungdomspartiet gjort en formidabel innsats. Jeg h\u00e5per n\u00e5 at vi f\u00e5r inn flest mulig damer i stortingsgruppen ogs\u00e5, for det er viktig at vi har en bredde fremover.<\/p>\n<p class=\"_paragraph_ew2ao_4 _paragraph_xtcu6_10 layout-component text-serif-m layout-normal text-serif-m layout-padded\">\u2013 Tenker du at Frp kan v\u00e6re det brede partiet p\u00e5 borgerlig side, er det ambisjonen?<\/p>\n<p class=\"_paragraph_ew2ao_4 _paragraph_xtcu6_10 layout-component text-serif-m layout-normal text-serif-m layout-padded\">\u2013 Ja, det mener jeg absolutt. Vi \u00f8nsker selvsagt \u00e5 bygge Frp videre. Man m\u00e5 ikke hvile p\u00e5 sine laurb\u00e6r.<\/p>\n<p><img alt=\"\" class=\"_image_qp4xg_65 layout-component layout-left\" data-fullscreen- data-track-element-type=\"Article image fullscreen\" data-track-name=\"ImageFullscreen\" decoding=\"async\" loading=\"lazy\" height=\"4888\" itemprop=\"image\"  src=\"https:\/\/www.europesays.com\/no\/wp-content\/uploads\/2025\/09\/8090c3d9-5da3-4009-a634-27fdfc8ca7cf\"  style=\"object-position:0% 0%\" width=\"6520\"\/><img alt=\"\" class=\"_image_qp4xg_65 layout-component layout-right\" data-fullscreen- data-track-element-type=\"Article image fullscreen\" data-track-name=\"ImageFullscreen\" decoding=\"async\" loading=\"lazy\" height=\"5367\" itemprop=\"image\"  src=\"https:\/\/www.europesays.com\/no\/wp-content\/uploads\/2025\/09\/0cb0ea26-2d63-4540-8ad7-a01451eed849\"  style=\"object-position:0% 0%\" width=\"7151\"\/><\/p>\n<p class=\"_paragraph_ew2ao_4 _paragraph_xtcu6_10 layout-component text-serif-m layout-normal text-serif-m layout-padded\">Andre er mer i tvil: To jenter VG snakker med sier at de liker n\u00e5r Sylvi forsvarer oljen\u00e6ringen \u2013 men de har begge selv en forelder fra et annet land, og blir skremt n\u00e5r \u00abstem Frp\u00bb <a href=\"https:\/\/www.vg.no\/nyheter\/i\/73qygv\/det-skjulte-budskapet\" data-track-element-type=\"Link\" data-track-id=\"link:73qygv\" class=\"_link_ew2ao_39\" rel=\"nofollow noopener\" target=\"_blank\">brukes p\u00e5 det mange mener er en rasistisk m\u00e5te <\/a>i kommentarfelt p\u00e5 videoer av utlendinger. <\/p>\n<p>Listhaugs rike<\/p>\n<p class=\"_paragraph_ew2ao_4 _paragraph_xtcu6_10 layout-component text-serif-m layout-normal text-serif-m layout-padded\">Men intervjuet m\u00e5 avsluttes n\u00e5r vi n\u00e6rmer oss g\u00e5rden, der Listhaug skal ta sin etterlengtede pustepause.<\/p>\n<p class=\"_paragraph_ew2ao_4 _paragraph_xtcu6_10 layout-component text-serif-m layout-normal text-serif-m layout-padded\">\u2013 Dette er det absolutt fineste jeg vet om alts\u00e5, sier hun entusiastisk, og ber VG ta innover seg stillheten, der den eneste svake lyden som h\u00f8res kommer fra en brekende sau.<\/p>\n<p><img alt=\"\" class=\"_image_qp4xg_65 layout-component layout-normal\" data-fullscreen- data-track-element-type=\"Article image fullscreen\" data-track-name=\"ImageFullscreen\" decoding=\"async\" loading=\"lazy\" height=\"5500\" itemprop=\"image\"  src=\"https:\/\/www.europesays.com\/no\/wp-content\/uploads\/2025\/09\/175512c0-fa3c-49b0-bc3f-cdd5d5ed6435\"  style=\"object-position:0% 0%\" width=\"7333\"\/><\/p>\n<p class=\"_paragraph_ew2ao_4 _paragraph_xtcu6_10 layout-component text-serif-m layout-normal text-serif-m layout-padded\">Hun peker og forklarer om alle oppgraderingene foreldrene og broren har gjort for \u00e5 sette den bedre i stand til neste generasjon. <\/p>\n<p class=\"_paragraph_ew2ao_4 _paragraph_xtcu6_10 layout-component text-serif-m layout-normal text-serif-m layout-padded\">\u2013 Her ser du egentlig hva slags verdier jeg har med meg. Det er nettopp det vi trenger for landet ogs\u00e5.<\/p>\n<p><img alt=\"\" class=\"_image_qp4xg_65 layout-component layout-left\" data-fullscreen- data-track-element-type=\"Article image fullscreen\" data-track-name=\"ImageFullscreen\" decoding=\"async\" loading=\"lazy\" height=\"5504\" itemprop=\"image\"  src=\"https:\/\/www.europesays.com\/no\/wp-content\/uploads\/2025\/09\/b75791df-9d5a-43b8-ac4b-7b5cf01bf5be\"  style=\"object-position:0% 0%\" width=\"7339\"\/><img alt=\"\" class=\"_image_qp4xg_65 layout-component layout-right\" data-fullscreen- data-track-element-type=\"Article image fullscreen\" data-track-name=\"ImageFullscreen\" decoding=\"async\" loading=\"lazy\" height=\"5504\" itemprop=\"image\"  src=\"https:\/\/www.europesays.com\/no\/wp-content\/uploads\/2025\/09\/a0e32b7e-3326-4469-ae83-3b0e740cd377\"  style=\"object-position:0% 0%\" width=\"7467\"\/><\/p>\n<p class=\"_paragraph_ew2ao_4 _paragraph_xtcu6_10 layout-component text-serif-m layout-normal text-serif-m layout-padded\">Foreldrene steller i stand med kaffe og kjeks til gutta i PST, som alltid henger p\u00e5. De er private av seg, og faren ber VG holde ham langt ute av bildene. <\/p>\n<p class=\"_paragraph_ew2ao_4 _paragraph_xtcu6_10 layout-component text-serif-m layout-normal text-serif-m layout-padded\">G\u00e5rden er Listhaugs fristed, og hun sier hun pr\u00f8ver \u00e5 v\u00e6re der s\u00e5 mye som mulig n\u00e5r kalenderen ikke er full.<\/p>\n<p class=\"_paragraph_ew2ao_4 _paragraph_xtcu6_10 layout-component text-serif-m layout-normal text-serif-m layout-padded\">\u2013 Du har ikke vurdert \u00e5 bli med p\u00e5 DJ-oppdrag og s\u00e5nt og, <a href=\"https:\/\/www.fvn.no\/kultur\/i\/dRA92O\/erna-solberg-skal-opptre-paa-palmesus-haaper-paa-dj-battle-med-stoere\" class=\"_link_ew2ao_39\" rel=\"nofollow noopener\" target=\"_blank\">som Erna<\/a>?<\/p>\n<p class=\"_paragraph_ew2ao_4 _paragraph_xtcu6_10 layout-component text-serif-m layout-normal text-serif-m layout-padded\">\u2013 Haha, nei, jeg holder meg til politikk, sier Listhaug. <\/p>\n","protected":false},"excerpt":{"rendered":"Sylvi Listhaug sier Frp vil ha mer makt enn tidligere hvis det blir en borgerlig regjering etter valget.&hellip;\n","protected":false},"author":2,"featured_media":26304,"comment_status":"","ping_status":"","sticky":false,"template":"","format":"standard","meta":{"footnotes":""},"categories":[5],"tags":[20,21,24,25,15,19,22,23,17,18,13,30,28,281,29,14,16,199,200,26,27,205],"class_list":{"0":"post-26303","1":"post","2":"type-post","3":"status-publish","4":"format-standard","5":"has-post-thumbnail","7":"category-overskrifter","8":"tag-breaking-news","9":"tag-breakingnews","10":"tag-featured-news","11":"tag-featurednews","12":"tag-headlines","13":"tag-hovedoppslag","14":"tag-latest-news","15":"tag-latestnews","16":"tag-main-news","17":"tag-mainnews","18":"tag-news","19":"tag-no","20":"tag-norge","21":"tag-norsk-politikk","22":"tag-norway","23":"tag-nyheter","24":"tag-overskrifter","25":"tag-stortingsvalg","26":"tag-sylvi-listhaug","27":"tag-top-stories","28":"tag-topstories","29":"tag-vgsamfunn"},"share_on_mastodon":{"url":"","error":""},"_links":{"self":[{"href":"https:\/\/www.europesays.com\/no\/wp-json\/wp\/v2\/posts\/26303","targetHints":{"allow":["GET"]}}],"collection":[{"href":"https:\/\/www.europesays.com\/no\/wp-json\/wp\/v2\/posts"}],"about":[{"href":"https:\/\/www.europesays.com\/no\/wp-json\/wp\/v2\/types\/post"}],"author":[{"embeddable":true,"href":"https:\/\/www.europesays.com\/no\/wp-json\/wp\/v2\/users\/2"}],"replies":[{"embeddable":true,"href":"https:\/\/www.europesays.com\/no\/wp-json\/wp\/v2\/comments?post=26303"}],"version-history":[{"count":0,"href":"https:\/\/www.europesays.com\/no\/wp-json\/wp\/v2\/posts\/26303\/revisions"}],"wp:featuredmedia":[{"embeddable":true,"href":"https:\/\/www.europesays.com\/no\/wp-json\/wp\/v2\/media\/26304"}],"wp:attachment":[{"href":"https:\/\/www.europesays.com\/no\/wp-json\/wp\/v2\/media?parent=26303"}],"wp:term":[{"taxonomy":"category","embeddable":true,"href":"https:\/\/www.europesays.com\/no\/wp-json\/wp\/v2\/categories?post=26303"},{"taxonomy":"post_tag","embeddable":true,"href":"https:\/\/www.europesays.com\/no\/wp-json\/wp\/v2\/tags?post=26303"}],"curies":[{"name":"wp","href":"https:\/\/api.w.org\/{rel}","templated":true}]}}