{"id":26325,"date":"2025-09-03T21:47:20","date_gmt":"2025-09-03T21:47:20","guid":{"rendered":"https:\/\/www.europesays.com\/no\/26325\/"},"modified":"2025-09-03T21:47:20","modified_gmt":"2025-09-03T21:47:20","slug":"fransk-vinprodusent-domt-for-falsk-champagne-fengsel-og-millionboter","status":"publish","type":"post","link":"https:\/\/www.europesays.com\/no\/26325\/","title":{"rendered":"Fransk Vinprodusent D\u00f8mt for Falsk Champagne: Fengsel og Millionb\u00f8ter"},"content":{"rendered":"<p>  En fransk vinprodusent som solgte flere hundre tusen flasker falsk champagne, er d\u00f8mt til fengsel og store b\u00f8ter.<\/p>\n<p>\n    Champagnejuks blir ikke sett p\u00e5 med blide \u00f8yne i den boblende drikkens hjemland Frankrike. Foto: AP \/ NTB\n  <\/p>\n<p>Under rettssaken mot Didier Chopin kom det fram at han hadde tilf\u00f8rt bobler i hvitvin laget i S\u00f8r-Frankrike og Spania, for deretter \u00e5 selge flere hundre tusen flasker med falsk champagne.<\/p>\n<p>Den slags gj\u00f8r man ikke ustraffet i champagnens hjemland, og dommen lyder p\u00e5 18 m\u00e5neders ubetinget fengsel, samt 30 m\u00e5neder betinget fengsel.<\/p>\n<p>Chopin er ogs\u00e5 frad\u00f8mt retten til noensinne \u00e5 drive et selskap igjen, og han f\u00e5r heller ikke ta seg jobb innen champagneindustrien de neste fem \u00e5rene.<\/p>\n<p>Kona fikk en betinget dom p\u00e5 to \u00e5rs fengsel.<\/p>\n<p>Ekteparet fikk ogs\u00e5 b\u00f8ter p\u00e5 n\u00e6rmere 5 millioner kroner, og de m\u00e5 betale erstatning til champagneprodusentenes forening og flere kj\u00f8pere.<\/p>\n<p>\u2013 Jeg gjorde en feil, jeg er ruinert og jeg har ikke mer \u00e5 tilf\u00f8ye, sa Chopin til journalister under rettssaken.<\/p>\n","protected":false},"excerpt":{"rendered":"En fransk vinprodusent som solgte flere hundre tusen flasker falsk champagne, er d\u00f8mt til fengsel og store b\u00f8ter.&hellip;\n","protected":false},"author":2,"featured_media":26326,"comment_status":"","ping_status":"","sticky":false,"template":"","format":"standard","meta":{"footnotes":""},"categories":[12],"tags":[20,21,4208,24,25,2507,15,22,23,13,30,28,29,14,16,26,27,42,43,44,45],"class_list":{"0":"post-26325","1":"post","2":"type-post","3":"status-publish","4":"format-standard","5":"has-post-thumbnail","7":"category-verden","8":"tag-breaking-news","9":"tag-breakingnews","10":"tag-champagne","11":"tag-featured-news","12":"tag-featurednews","13":"tag-fengsel","14":"tag-headlines","15":"tag-latest-news","16":"tag-latestnews","17":"tag-news","18":"tag-no","19":"tag-norge","20":"tag-norway","21":"tag-nyheter","22":"tag-overskrifter","23":"tag-top-stories","24":"tag-topstories","25":"tag-verden","26":"tag-world","27":"tag-world-news","28":"tag-worldnews"},"share_on_mastodon":{"url":"","error":""},"_links":{"self":[{"href":"https:\/\/www.europesays.com\/no\/wp-json\/wp\/v2\/posts\/26325","targetHints":{"allow":["GET"]}}],"collection":[{"href":"https:\/\/www.europesays.com\/no\/wp-json\/wp\/v2\/posts"}],"about":[{"href":"https:\/\/www.europesays.com\/no\/wp-json\/wp\/v2\/types\/post"}],"author":[{"embeddable":true,"href":"https:\/\/www.europesays.com\/no\/wp-json\/wp\/v2\/users\/2"}],"replies":[{"embeddable":true,"href":"https:\/\/www.europesays.com\/no\/wp-json\/wp\/v2\/comments?post=26325"}],"version-history":[{"count":0,"href":"https:\/\/www.europesays.com\/no\/wp-json\/wp\/v2\/posts\/26325\/revisions"}],"wp:featuredmedia":[{"embeddable":true,"href":"https:\/\/www.europesays.com\/no\/wp-json\/wp\/v2\/media\/26326"}],"wp:attachment":[{"href":"https:\/\/www.europesays.com\/no\/wp-json\/wp\/v2\/media?parent=26325"}],"wp:term":[{"taxonomy":"category","embeddable":true,"href":"https:\/\/www.europesays.com\/no\/wp-json\/wp\/v2\/categories?post=26325"},{"taxonomy":"post_tag","embeddable":true,"href":"https:\/\/www.europesays.com\/no\/wp-json\/wp\/v2\/tags?post=26325"}],"curies":[{"name":"wp","href":"https:\/\/api.w.org\/{rel}","templated":true}]}}