{"id":26343,"date":"2025-09-03T22:05:20","date_gmt":"2025-09-03T22:05:20","guid":{"rendered":"https:\/\/www.europesays.com\/no\/26343\/"},"modified":"2025-09-03T22:05:20","modified_gmt":"2025-09-03T22:05:20","slug":"atb-age-aleksandersen-setter-opp-ekstra-busser-til-konsertene-vaer-ute-i-god-tid","status":"publish","type":"post","link":"https:\/\/www.europesays.com\/no\/26343\/","title":{"rendered":"AtB, \u00c5ge Aleksandersen | Setter opp ekstra busser til konsertene: \u2013 V\u00e6r ute i god tid"},"content":{"rendered":"\n<p>De neste dagene blir det fullt kj\u00f8r p\u00e5 Lerkendal med \u00c5ge-konserter. AtB har satt opp ekstra busser i byen, i tillegg til ekstra regionsbusser. <\/p>\n<p>\u2013 Som ved Rosenborgs hjemmekamper blir det ekstra busser p\u00e5 linje 1 (Kattem-sentrum-Ranheim) og 2 (Lund \u2013 sentrum \u2013 Strindheim) i begge retninger ved konsertslutt, samt ekstra busser p\u00e5 linje 11 (Risvollan \u2013 sentrum \u2013 Stavset) og 13 (\u00d8stmarkneset \u2013 Lerkendal \u2013 Sverresborg) mot By\u00e5sen, opplyser selskapet i en pressemelding. <\/p>\n<p>I tillegg kj\u00f8res det ekstra busser til Orkanger, St\u00f8ren og Stj\u00f8rdal. <\/p>\n<p>V\u00e6r obs p\u00e5 dette<\/p>\n<p>Nattbusser g\u00e5r som vanlig fredag og l\u00f8rdag, men de som skal p\u00e5 konsert torsdag kan kanskje f\u00e5 utfordringer om de tar seg noen pils etter \u00c5ge-festen. Da g\u00e5r det nemlig ikke nattbuss. <\/p>\n<p>\u2013 Det er derfor lurt \u00e5 gj\u00f8re seg kjent med avgangene b\u00e5de f\u00f8r og etter konserten p\u00e5 forh\u00e5nd. Vi anbefaler \u00e5 planlegge reisen og kj\u00f8pe billett i AtB-appen, sier Grethe Opsal, leder for Marked i AtB.<\/p>\n<p>N\u00e5r konserten p\u00e5g\u00e5r, fra klokken 16 torsdag, fredag og l\u00f8rdag, vil Kl\u00e6buvegen v\u00e6re stengt. Transportselskapet ber alle konsertgjengere om \u00e5 v\u00e6re ute i god tid. <\/p>\n<p>\u2013 \u00c5ge har v\u00e6rt en viktig stemme for hele Tr\u00f8ndelag i snart 50 \u00e5r, og det blir vemodig \u00e5 ta farvel. Vi h\u00e5per alle f\u00e5r en trygg og god reise, og en minnerik konsertopplevelse, sier Opsal.<\/p>\n<p>Les mer om: artikkelemnene<\/p>\n","protected":false},"excerpt":{"rendered":"De neste dagene blir det fullt kj\u00f8r p\u00e5 Lerkendal med \u00c5ge-konserter. AtB har satt opp ekstra busser i&hellip;\n","protected":false},"author":2,"featured_media":10392,"comment_status":"","ping_status":"","sticky":false,"template":"","format":"standard","meta":{"footnotes":""},"categories":[58],"tags":[2061,36,1813,71,155,30,28,29,1510,72],"class_list":{"0":"post-26343","1":"post","2":"type-post","3":"status-publish","4":"format-standard","5":"has-post-thumbnail","7":"category-underholdning","8":"tag-age-aleksandersen","9":"tag-art","10":"tag-atb","11":"tag-entertainment","12":"tag-konsert","13":"tag-no","14":"tag-norge","15":"tag-norway","16":"tag-story","17":"tag-underholdning"},"share_on_mastodon":{"url":"","error":""},"_links":{"self":[{"href":"https:\/\/www.europesays.com\/no\/wp-json\/wp\/v2\/posts\/26343","targetHints":{"allow":["GET"]}}],"collection":[{"href":"https:\/\/www.europesays.com\/no\/wp-json\/wp\/v2\/posts"}],"about":[{"href":"https:\/\/www.europesays.com\/no\/wp-json\/wp\/v2\/types\/post"}],"author":[{"embeddable":true,"href":"https:\/\/www.europesays.com\/no\/wp-json\/wp\/v2\/users\/2"}],"replies":[{"embeddable":true,"href":"https:\/\/www.europesays.com\/no\/wp-json\/wp\/v2\/comments?post=26343"}],"version-history":[{"count":0,"href":"https:\/\/www.europesays.com\/no\/wp-json\/wp\/v2\/posts\/26343\/revisions"}],"wp:featuredmedia":[{"embeddable":true,"href":"https:\/\/www.europesays.com\/no\/wp-json\/wp\/v2\/media\/10392"}],"wp:attachment":[{"href":"https:\/\/www.europesays.com\/no\/wp-json\/wp\/v2\/media?parent=26343"}],"wp:term":[{"taxonomy":"category","embeddable":true,"href":"https:\/\/www.europesays.com\/no\/wp-json\/wp\/v2\/categories?post=26343"},{"taxonomy":"post_tag","embeddable":true,"href":"https:\/\/www.europesays.com\/no\/wp-json\/wp\/v2\/tags?post=26343"}],"curies":[{"name":"wp","href":"https:\/\/api.w.org\/{rel}","templated":true}]}}