{"id":26354,"date":"2025-09-03T22:37:02","date_gmt":"2025-09-03T22:37:02","guid":{"rendered":"https:\/\/www.europesays.com\/no\/26354\/"},"modified":"2025-09-03T22:37:02","modified_gmt":"2025-09-03T22:37:02","slug":"lisa-cook-advokater-langer-ut-mot-donald-trump","status":"publish","type":"post","link":"https:\/\/www.europesays.com\/no\/26354\/","title":{"rendered":"Lisa Cook-advokater langer ut mot Donald Trump"},"content":{"rendered":"<p>Lisa Cook <a href=\"https:\/\/www.finansavisen.no\/samfunn\/2025\/08\/28\/8289188\/saksoker-trump\" target=\"_blank\" rel=\"nofollow noopener\">gikk i forrige uke til s\u00f8ksm\u00e5l <\/a> for \u00e5 stanse president Donald Trump i hans fors\u00f8k p\u00e5 \u00e5 <a href=\"https:\/\/www.finansavisen.no\/samfunn\/2025\/08\/26\/8288276\/trump-sparker-styremedlem-i-sentralbanken\" target=\"_blank\" rel=\"nofollow noopener\">fjerne henne fra styret i Federal Reserve<\/a>. Mens markedet n\u00e5 venter p\u00e5 den banebrytende dommen om Trump har legitime grunner til \u00e5 sparke Cook, har hennes advokat Abbe Lowell servert en tirade i presidentens retning.<\/p>\n<p><img decoding=\"async\" class=\"lazyload \" src=\"https:\/\/www.europesays.com\/no\/wp-content\/uploads\/2025\/09\/1756939022_413_pipe\"  data- alt=\"\"\/><\/p>\n<p>COOK-ADVOKAT: Abbe Lowell. <strong>Foto: Bloomberg<\/strong><\/p>\n<p>Tiraden som g\u00e5r frem av rettsdokumenter <a href=\"https:\/\/www.bloomberg.com\/news\/articles\/2025-09-02\/trump-fed-firing-ruling-not-expected-until-after-sept-4-filing\" target=\"_blank\" rel=\"nofollow noopener\">Bloomberg<\/a> gjengir onsdag, er en skjerpelse av argumentasjonen Lowell brukte i en h\u00f8ring i forrige uke.<\/p>\n<p>\u00abAnklagene mot Cook er ikke noe mer enn et sett utvalgte, klipp-og-lim-beskyldninger for \u00e5 gi presidenten politisk dekning til \u00e5 fjerne et styremedlem han er uenig med politisk,\u00bb skriver advokaten.<\/p>\n<p>Lowell understreker at Trump ikke har gyldig grunnlag for \u00e5 avskjedige Cook \u00abmed saklig grunn\u00bb \u2013 i det som er et n\u00f8kkelpunkt i s\u00f8ksm\u00e5let. Han bedyrer at Cook aldri har beg\u00e5tt boligl\u00e5ns\u00adbedrageri.<\/p>\n<p class=\"subhead\" data-element-type=\"subhead\" data-element-label=\"Mellomtittel\">Ba justisministeren unders\u00f8ke<\/p>\n<p><a href=\"https:\/\/www.finansavisen.no\/finans\/2025\/08\/20\/8287130\/trump-krever-at-fed-medlem-gar-av\" target=\"_blank\" rel=\"nofollow noopener\">Presidentens krav om at Cook m\u00e5tte g\u00e5<\/a> kom etter at en av hans allierte, direkt\u00f8r Bill Pulte i Federal Housing Finance Agency (FHFA), oppfordret justisminister Pam Bondi til \u00e5 unders\u00f8ke to boligl\u00e5n Cook har tatt opp.<\/p>\n<p>I et brev til Bondi datert 15. august hevdet Pulte at Cook kan ha beg\u00e5tt straffbare handlinger ved \u00e5 \u00abforfalske bankdokumenter og eiendomsregistre\u00bb for \u00e5 sikre seg gunstigere l\u00e5nebetingelser. Brevet dokumenterer to l\u00e5n Cook tok opp i 2021: ett i Ann Arbor, Michigan og ett i Georgia.<\/p>\n<p>Begge kontraktene forpliktet henne til \u00e5 bruke eiendommene som prim\u00e6rbolig. En rapport fra Philadelphia Fed, gjengitt av Bloomberg, p\u00e5peker dog at det finnes tilfeller av utilsiktet feilrapportering, for eksempel n\u00e5r l\u00e5ntakere ikke har klart \u00e5 selge opprinnelig bolig grunnet et svakere boligmarked enn forventet.<\/p>\n<p class=\"subhead\" data-element-type=\"subhead\" data-element-label=\"Mellomtittel\">\u2013 L\u00e5ser henne ute av kontoret<\/p>\n<p>Cook har bedt om en s\u00e5kalt \u00abemergency ruling\u00bb for \u00e5 beholde jobben, men tirsdagens rettsdokumenter viser if\u00f8lge nyhetsbyr\u00e5et at en avgj\u00f8relse trolig ikke kommer f\u00f8r slutten av uken. Dommer Jia Cobb i den f\u00f8derale distriktsdomstolen i Washington D.C. har gitt regjeringen frist til torsdag for \u00e5 levere ytterligere argumenter.<\/p>\n<p>\u00abDet \u00e5 la presidenten l\u00e5se Cook ute av kontoret, selv midlertidig, vil lage en sprekk i grunnmuren som utgj\u00f8r Federal Reserves n\u00e6r hundre\u00e5rige uavhengighet. Det er noe som ikke kan gj\u00f8res ugjort, selv om Cook til slutt skulle bli gjeninnsatt\u00bb, skriver Cook-advokat Lowell.\u00a0<\/p>\n<p>Fed har if\u00f8lge Bloomberg ikke tatt stilling til tvisten, men uttalt at enhver rettslig kjennelse vil bli respektert.<\/p>\n","protected":false},"excerpt":{"rendered":"Lisa Cook gikk i forrige uke til s\u00f8ksm\u00e5l for \u00e5 stanse president Donald Trump i hans fors\u00f8k p\u00e5&hellip;\n","protected":false},"author":2,"featured_media":26355,"comment_status":"","ping_status":"","sticky":false,"template":"","format":"standard","meta":{"footnotes":""},"categories":[56],"tags":[4217,4219,60,55,61,2755,4218,62,30,28,29,4220],"class_list":{"0":"post-26354","1":"post","2":"type-post","3":"status-publish","4":"format-standard","5":"has-post-thumbnail","7":"category-naeringsliv","8":"tag-abbe-lowell","9":"tag-bill-pulte","10":"tag-business","11":"tag-donald-trump","12":"tag-economy","13":"tag-federal-reserve","14":"tag-lisa-cook","15":"tag-naeringsliv","16":"tag-no","17":"tag-norge","18":"tag-norway","19":"tag-pam-bondi"},"share_on_mastodon":{"url":"","error":""},"_links":{"self":[{"href":"https:\/\/www.europesays.com\/no\/wp-json\/wp\/v2\/posts\/26354","targetHints":{"allow":["GET"]}}],"collection":[{"href":"https:\/\/www.europesays.com\/no\/wp-json\/wp\/v2\/posts"}],"about":[{"href":"https:\/\/www.europesays.com\/no\/wp-json\/wp\/v2\/types\/post"}],"author":[{"embeddable":true,"href":"https:\/\/www.europesays.com\/no\/wp-json\/wp\/v2\/users\/2"}],"replies":[{"embeddable":true,"href":"https:\/\/www.europesays.com\/no\/wp-json\/wp\/v2\/comments?post=26354"}],"version-history":[{"count":0,"href":"https:\/\/www.europesays.com\/no\/wp-json\/wp\/v2\/posts\/26354\/revisions"}],"wp:featuredmedia":[{"embeddable":true,"href":"https:\/\/www.europesays.com\/no\/wp-json\/wp\/v2\/media\/26355"}],"wp:attachment":[{"href":"https:\/\/www.europesays.com\/no\/wp-json\/wp\/v2\/media?parent=26354"}],"wp:term":[{"taxonomy":"category","embeddable":true,"href":"https:\/\/www.europesays.com\/no\/wp-json\/wp\/v2\/categories?post=26354"},{"taxonomy":"post_tag","embeddable":true,"href":"https:\/\/www.europesays.com\/no\/wp-json\/wp\/v2\/tags?post=26354"}],"curies":[{"name":"wp","href":"https:\/\/api.w.org\/{rel}","templated":true}]}}