{"id":263645,"date":"2026-06-11T21:58:14","date_gmt":"2026-06-11T21:58:14","guid":{"rendered":"https:\/\/www.europesays.com\/no\/263645\/"},"modified":"2026-06-11T21:58:14","modified_gmt":"2026-06-11T21:58:14","slug":"kultur-underholdning-nyheter-syv-tenaringer-lager-sommerfest-for-jevnaldrende-i-moss","status":"publish","type":"post","link":"https:\/\/www.europesays.com\/no\/263645\/","title":{"rendered":"Kultur &#038; underholdning, Nyheter | Syv ten\u00e5ringer lager sommerfest for jevnaldrende i Moss"},"content":{"rendered":"\n<p><b>\u2013 Vi \u00f8nsker \u00e5 gi Moss en skikkelig festlig start p\u00e5 sommeren! V\u00e5rt m\u00e5l er at dette skal bli en sv\u00e6rt hyggelig kveld for alle som kommer, sier arrang\u00f8rgruppen.<\/b><\/p>\n<p>De syv ungdommene jobber som  ved F15, og har brukt ukevis p\u00e5 \u00e5 planlegge det fire timer lange arrangementet de kaller for \u00abMidtsommar dr\u00f8m\u00bb.<\/p>\n<p>   <img decoding=\"async\" width=\"6000\" height=\"4000\" fetchpriority=\"low\"  loading=\"lazy\"  src=\"https:\/\/www.europesays.com\/no\/wp-content\/uploads\/2026\/06\/IMG_2989.JPG\" alt=\"\" class=\"brick-c-cFOWSL\" style=\"--brick-image-ratio: 6000 \/ 4000;\"\/><\/p>\n<p>      Luca Pollen \u00d8string (17) og Kajsa Regn Martinussen (17) viser stolt fram plakaten for \u00abMidtsommar dr\u00f8m\u00bb inne p\u00e5 F15s verksted. De to er blant de syv ungdommene som har planlagt sommerfesten.<br \/>\n      Foto: Andreas Korssund\n    <\/p>\n<p>Festen g\u00e5r fra klokka 17 til 21 p\u00e5 F15s verksted p\u00e5 Alby, og er rettet mot ungdom mellom 15 og 20 \u00e5r. Alt som skjer denne kvelden er gratis, og arrang\u00f8rene h\u00e5per \u00e5 trekke mange nye ansikter. Deltakerne oppfordres til \u00e5 komme i hvite sommerkl\u00e6r for \u00e5 sette stemningen.<\/p>\n<p>\u2013 Vi gleder oss enormt og har stor tro p\u00e5 at dette blir en suksess. Selv om hoveddelen av arrangementet blir innend\u00f8rs p\u00e5 grunn av v\u00e6rmeldingen, vil vi ha en matbil og bord ute for de som \u00f8nsker \u00e5 spise der, forteller de.<\/p>\n<p>   <img decoding=\"async\" width=\"6000\" height=\"4000\" fetchpriority=\"low\"  loading=\"lazy\"  src=\"https:\/\/www.europesays.com\/no\/wp-content\/uploads\/2026\/06\/IMG_2992.JPG\" alt=\"\" class=\"brick-c-cFOWSL\" style=\"--brick-image-ratio: 6000 \/ 4000;\"\/><\/p>\n<p>      Kreativt utl\u00f8p: Sverre-Andreas Fagertun (16) inviterer til \u00abdoodle booth\u00bb under sommerfesten.<br \/>\n      Foto: Andreas Korssund\n    <\/p>\n<p>  Konsert med Molly og Julian<\/p>\n<p>Programmet byr p\u00e5 en konsert med Molly og Julian fra Kirkeparken videreg\u00e5ende skole, og flere kreative verksteder der deltakerne kan lage ting \u00e5 ta med hjem.<\/p>\n<p><b>\u2013 P\u00e5 v\u00e5re verksteder kan deltakerne utfolde seg kreativt med alt fra blomsterkranser til maling p\u00e5 lys, lerret og steiner. Vi har ogs\u00e5 en button-maskin, karaktertegninger og, for \u00e5 toppe det hele, et morsomt potetl\u00f8p, forteller de \u00e5tte entusiastiske arrang\u00f8rene.<\/b><\/p>\n<p>I tillegg til de kreative aktivitetene, blir det ogs\u00e5 \u00abspiselig kunst\u00bb, popkorn, kake, sukkerspinn og andre forfriskninger \u2013 alt gratis.<\/p>\n<p>M\u00f8teplass for alle<\/p>\n<p>M\u00e5let er \u00e5 skape en trygg sosial arena for unge i Moss:<\/p>\n<p><b>\u2013 V\u00e5rt hovedm\u00e5l er \u00e5 skape et sosialt m\u00f8tepunkt hvor unge kan knytte nye vennskap. Vi legger vekt p\u00e5 trygge rammer slik at alle f\u00f8ler seg inkluderte, og det er helt fint \u00e5 komme alene, understreker gruppen.<\/b><\/p>\n<p>Arrang\u00f8rene opplyser at mer informasjon og p\u00e5meldingsdetaljer er tilgjengelig p\u00e5 deres Instagram-profil, <a href=\"https:\/\/www.instagram.com\/generasjonf15?igsh=MW8wdTJiam1yZGw4YQ==\" rel=\"Follow nofollow noopener\" target=\"_blank\">GenerasjonF15<\/a>.<\/p>\n<p>   <img decoding=\"async\" width=\"4032\" height=\"3024\" fetchpriority=\"low\"  loading=\"lazy\"  src=\"https:\/\/www.europesays.com\/no\/wp-content\/uploads\/2026\/06\/IMG_3988.JPG\" alt=\"\" class=\"brick-c-cFOWSL\" style=\"--brick-image-ratio: 4032 \/ 3024;\"\/><\/p>\n<p>      Klar for sommerfest! Dette er \u00abblikk\u00e5pnerne\u00bb som st\u00e5r bak s\u00f8ndagens gratisarrangement p\u00e5 Alby, med verkstedet i bakgrunnen. Gruppen best\u00e5r av Kajsa Regn Martinussen (17), Sverre-Andreas Fagertun (16), Luca Pollen \u00d8string (17), Laura H\u00f8g (18), Alma Pagaander (19), Live Dahlsperr (16) og Bj\u00f8rn-Tore Lund Markussen (18).<br \/>\n      Foto: Andreas Korssund\n    <\/p>\n<p><script async src=\"\/\/www.instagram.com\/embed.js\"><\/script><\/p>\n","protected":false},"excerpt":{"rendered":"\u2013 Vi \u00f8nsker \u00e5 gi Moss en skikkelig festlig start p\u00e5 sommeren! V\u00e5rt m\u00e5l er at dette skal&hellip;\n","protected":false},"author":2,"featured_media":263646,"comment_status":"","ping_status":"","sticky":false,"template":"","format":"standard","meta":{"footnotes":"","_share_on_mastodon":"0"},"categories":[58],"tags":[36,71,23033,282,116,30,28,29,14,1510,72],"class_list":["post-263645","post","type-post","status-publish","format-standard","has-post-thumbnail","category-underholdning","tag-art","tag-entertainment","tag-jeloy","tag-kultur-underholdning","tag-moss","tag-no","tag-norge","tag-norway","tag-nyheter","tag-story","tag-underholdning"],"share_on_mastodon":{"url":"https:\/\/pubeurope.com\/@no\/116733719848156468","error":""},"_links":{"self":[{"href":"https:\/\/www.europesays.com\/no\/wp-json\/wp\/v2\/posts\/263645","targetHints":{"allow":["GET"]}}],"collection":[{"href":"https:\/\/www.europesays.com\/no\/wp-json\/wp\/v2\/posts"}],"about":[{"href":"https:\/\/www.europesays.com\/no\/wp-json\/wp\/v2\/types\/post"}],"author":[{"embeddable":true,"href":"https:\/\/www.europesays.com\/no\/wp-json\/wp\/v2\/users\/2"}],"replies":[{"embeddable":true,"href":"https:\/\/www.europesays.com\/no\/wp-json\/wp\/v2\/comments?post=263645"}],"version-history":[{"count":0,"href":"https:\/\/www.europesays.com\/no\/wp-json\/wp\/v2\/posts\/263645\/revisions"}],"wp:featuredmedia":[{"embeddable":true,"href":"https:\/\/www.europesays.com\/no\/wp-json\/wp\/v2\/media\/263646"}],"wp:attachment":[{"href":"https:\/\/www.europesays.com\/no\/wp-json\/wp\/v2\/media?parent=263645"}],"wp:term":[{"taxonomy":"category","embeddable":true,"href":"https:\/\/www.europesays.com\/no\/wp-json\/wp\/v2\/categories?post=263645"},{"taxonomy":"post_tag","embeddable":true,"href":"https:\/\/www.europesays.com\/no\/wp-json\/wp\/v2\/tags?post=263645"}],"curies":[{"name":"wp","href":"https:\/\/api.w.org\/{rel}","templated":true}]}}