{"id":26369,"date":"2025-09-03T23:09:30","date_gmt":"2025-09-03T23:09:30","guid":{"rendered":"https:\/\/www.europesays.com\/no\/26369\/"},"modified":"2025-09-03T23:09:30","modified_gmt":"2025-09-03T23:09:30","slug":"flykaos-i-europa-streiker-i-september","status":"publish","type":"post","link":"https:\/\/www.europesays.com\/no\/26369\/","title":{"rendered":"Flykaos i Europa: Streiker i september"},"content":{"rendered":"<p class=\"kicker bg-cyan color_mobile_bg-cyan hasTextPadding mobile-hasTextPadding\" style=\"\">Reise<\/p>\n<p>  Ny streik vil ramme tusenvis av reisende. Dette m\u00e5 du gj\u00f8re.<\/p>\n<p>\n    TR\u00d8BBEL IGJEN.: Mange flypassasjerer, blant annet til Nice (bildet) vil f\u00e5 tr\u00f8bbel p\u00e5 grunn av ny flygelederstreik. Foto: Odd Roar Lange\n  <\/p>\n<p>    Kort fortalt<\/p>\n<p lang=\"nb-NO\">Frankrikes st\u00f8rste flygelederforbund SNCTA varsler en 24-timers streik fra 18. til 19. september.<\/p>\n<p lang=\"nb-NO\">Streiken kan f\u00f8re til betydelige forstyrrelser i flytrafikken over hele Europa.<\/p>\n<p lang=\"nb-NO\">Passasjerer oppfordres til \u00e5 holde kontakt med flyselskapene for oppdateringer.<\/p>\n<p lang=\"nb-NO\">SNCTA krever l\u00f8nnsjusteringer og endringer i ledelsen hos DGAC.<\/p>\n<p class=\"italic ai-disclaimer\" data-lab-italic=\"italic\">Sammendraget er laget av ChatGPT og godkjent av DinSide.<\/p>\n<p>      Vis mer<br \/>\n      Vis mindre<\/p>\n<p>Tusenvis av passasjerer kan bli rammet n\u00e5r Frankrikes st\u00f8rste flygelederforbund varsler streik.<\/p>\n<p class=\"font-weight-bold m-font-weight-bold\" data-lab-font_weight=\"font-weight-bold\">Det franske flygelederforbundet SNCTA har kunngjort at de vil g\u00e5 ut i streik i 24 timer fra morgenen 18. september til slutten av 19. september.\u00a0<\/p>\n<p>Forbundet representerer rundt 60 prosent av alle flygeledere i Frankrike, og aksjonen vekker n\u00e5 bekymring for betydelige forstyrrelser i flytrafikken i hele Europa.<\/p>\n<p>        NYTT: Det er ikke mange som har f\u00e5tt med seg dette! Video: Embla Hjort-Larsen<\/p>\n<p>Det er uklart om de andre flygelederorganisasjonene blir p\u00e5 p\u00e5 streiken. I s\u00e5 fall vil problemene for de reisende bli massive.<\/p>\n<p>Kan bli mer omfattende enn i juli\t<\/p>\n<p>I juli ble over en million passasjerer rammet da mindre flygelederforbund stanset arbeidet i to d\u00f8gn, forteller Euro News Travel.<\/p>\n<p>Flere tusen flyvninger ble kansellert, og flyselskapene tapte if\u00f8lge <a href=\"https:\/\/www.euronews.com\/travel\/2025\/07\/15\/air-traffic-strikes-and-staffing-gaps-can-the-eu-fix-europes-summer-of-travel-chaos\" rel=\"nofollow noopener\" target=\"_blank\">Ryanair mer enn 100 millioner euro.<\/a>\u00a0<\/p>\n<p>          <img loading=\"lazy\" decoding=\"async\" src=\"https:\/\/www.europesays.com\/no\/wp-content\/uploads\/2025\/09\/83531330.webp\" width=\"980\" height=\"559\" title=\"INGEN AVGANGER: N\u00e5r flygelederstreiken er et faktum i Frankrike. vil maje reisende bli rammet. Foto: Odd Roar Lange\" alt=\"\" class=\"\" style=\"--aspect-ratio-image: 1.75; \"\/><\/p>\n<p>\n          INGEN AVGANGER: N\u00e5r flygelederstreiken er et faktum i Frankrike. vil maje reisende bli rammet. Foto: Odd Roar Lange\n      <\/p>\n<p>EasyJet kansellerte 660 flyvninger p\u00e5 grunn av aksjonen i sommer, noe som kostet totalt 15 millioner pund (203,9 millioner norske kroner). <br \/>Fransk flykontroll har v\u00e6rt den viktigste \u00e5rsaken til forsinkelser for selskapet siden starten av sommeren.<\/p>\n<p>    <a itemprop=\"url\" href=\"https:\/\/sol.no\/nyheter\/spiste-potetgull-avslorte-kreft\/83531612\" rel=\"nofollow noopener\" target=\"_blank\"><\/p>\n<p>      <img loading=\"lazy\" decoding=\"async\" src=\"https:\/\/www.europesays.com\/no\/wp-content\/uploads\/2025\/09\/83532050.webp\" width=\"980\" height=\"441\" title=\"Spiste potetgull - avsl\u00f8rte kreft\" alt=\"\" class=\"lazyload\" style=\"--aspect-ratio-image: 2.22; \"\/><\/p>\n<p>        Spiste potetgull &#8211; avsl\u00f8rte kreft<\/p>\n<p>sol.no<\/p>\n<p>    <\/a><\/p>\n<p>Den gangen sto SNCTA utenfor, men n\u00e5 har de selv levert inn streikevarsel \u2013 noe som kan gj\u00f8re september-streiken enda mer omfattende.<\/p>\n<p>Frykter full stans i fransk luftrom\t<\/p>\n<p>Streiken ventes \u00e5 p\u00e5virke ikke bare fly som lander og letter fra franske flyplasser som Paris Charles de Gaulle, men ogs\u00e5 en lang rekke overflygninger gjennom fransk luftrom.\u00a0<\/p>\n<p class=\"font-weight-bold m-font-weight-bold\" data-lab-font_weight=\"font-weight-bold\">Det betyr at ruter mellom andre europeiske land blir rammet. Det er ventet at mange flyavganger bli forsinket eller kansellert.\u00a0<\/p>\n<p>Hvilke flyavganger til og fra Norge og Skandinavia som blir ber\u00f8rt er forel\u00f8pig uklart.<\/p>\n<p>          <img loading=\"lazy\" decoding=\"async\" src=\"https:\/\/www.europesays.com\/no\/wp-content\/uploads\/2025\/09\/83531327.webp\" width=\"980\" height=\"559\" title=\"NORGES RAMMES: Ogs\u00e5 norske flyselskap vil m\u00e5tte endre flyvningene sine. Foto: Odd Roar Lange\" alt=\"\" class=\"\" style=\"--aspect-ratio-image: 1.75; \"\/><\/p>\n<p>\n          NORGES RAMMES: Ogs\u00e5 norske flyselskap vil m\u00e5tte endre flyvningene sine. Foto: Odd Roar Lange\n      <\/p>\n<p>Trangt om plassen\t<\/p>\n<p>Norwegians administerende direkt\u00f8r Geir Karlsen har tidligere forklart at n\u00e5r ett europeisk land stenger luftrommet blir alle flyvninger over dette landet dirigert til nye \u00abkorridorer\u00bb og da blir det trangere om plassen.\u00a0<\/p>\n<p>    <a itemprop=\"url\" href=\"https:\/\/sol.no\/nyheter\/ma-punge-ut-etter-trekningsfeil\/83530417\" rel=\"nofollow noopener\" target=\"_blank\"><\/p>\n<p>      <img loading=\"lazy\" decoding=\"async\" src=\"https:\/\/www.europesays.com\/no\/wp-content\/uploads\/2025\/09\/83530423.webp\" width=\"980\" height=\"441\" title=\"M\u00e5 punge ut etter trekningsfeil\" alt=\"\" class=\"lazyload\" style=\"--aspect-ratio-image: 2.22; \"\/><\/p>\n<p>        M\u00e5 punge ut etter trekningsfeil<\/p>\n<p>sol.no<\/p>\n<p>    <\/a><\/p>\n<p>P\u00e5 samme m\u00e5te som en stengt bilvei p\u00e5 bakken f\u00f8rer til tettere trafikk p\u00e5 sideveiene.\u00a0<\/p>\n<p>Avgj\u00f8res senere\t<\/p>\n<p>Eksakte detaljer om kanselleringer og forsinkelser er enn\u00e5 ikke tilgjengelige, men vil bli offentliggjort av Frankrikes luftfartsmyndighet to dager f\u00f8r streiken.<\/p>\n<p class=\"font-weight-bold m-font-weight-bold\" data-lab-font_weight=\"font-weight-bold\">Passasjerer som skal fly i perioden, blir bedt om \u00e5 holde kontakt med flyselskapet sitt for oppdateringer.<\/p>\n<p>          <img loading=\"lazy\" decoding=\"async\" src=\"https:\/\/www.europesays.com\/no\/wp-content\/uploads\/2025\/09\/83531363.webp\" width=\"980\" height=\"559\" title=\"HVA SKJER: F\u00f8rst to dager f\u00f8r streiken vil Norwegian og SAS f\u00e5 vite hvilke fly som rammes av aksjonen i Frankrike. Foto: Odd Roar Lange\" alt=\"\" class=\"\" style=\"--aspect-ratio-image: 1.75; \"\/><\/p>\n<p>\n          HVA SKJER: F\u00f8rst to dager f\u00f8r streiken vil Norwegian og SAS f\u00e5 vite hvilke fly som rammes av aksjonen i Frankrike. Foto: Odd Roar Lange\n      <\/p>\n<p>Streik som siste utvei\t<\/p>\n<p>Bakgrunnen for konflikten er if\u00f8lge SNCTA en fastl\u00e5st dialog med den franske luftfartsmyndigheten (DGAC). Forbundet mener styringen av flytrafikken har v\u00e6rt preget av mistillit, straffende praksiser og nedbrytende ledelsesmetoder.<\/p>\n<p>    <a itemprop=\"url\" href=\"https:\/\/sol.no\/nyheter\/tatt-med-juveler-til-117-millioner-i-underbuksa\/83533432\" rel=\"nofollow noopener\" target=\"_blank\"><\/p>\n<p>      <img loading=\"lazy\" decoding=\"async\" src=\"https:\/\/www.europesays.com\/no\/wp-content\/uploads\/2025\/09\/83533450.webp\" width=\"980\" height=\"441\" title=\"Tatt med juveler til 117 millioner i underbuksa\" alt=\"\" class=\"lazyload\" style=\"--aspect-ratio-image: 2.22; \"\/><\/p>\n<p>        Tatt med juveler til 117 millioner i underbuksa<\/p>\n<p>sol.no<\/p>\n<p>    <\/a><\/p>\n<p class=\"font-weight-bold m-font-weight-bold\" data-lab-font_weight=\"font-weight-bold\">SNCTA krever blant annet:<\/p>\n<p>\u00abP\u00e5 en rekke tidspunkter har SNCTA valgt sosial dialog og kommet med konkrete forslag. Det er tydelig at denne fruktl\u00f8se dialogen n\u00e5 blokkerer enhver mulighet for fremgang og reform\u00bb, skriver forbundet i en uttalelse.<\/p>\n<p>Hva betyr dette for reisende?\t<\/p>\n<p>Konsekvensene for passasjerer kan bli store. Det forventes mange kanselleringer og lange forsinkelser, og reisende som skal fly via Frankrike eller gjennom Europa oppfordres til \u00e5:<\/p>\n<ul>\n<li>\n<p>Sjekke flyselskapets informasjon jevnlig<\/p>\n<\/li>\n<li>\n<p>Ha god tid til eventuelle mellomlandinger<\/p>\n<\/li>\n<li>\n<p>Forberede seg p\u00e5 endringer i reiseplanene<\/p>\n<\/li>\n<\/ul>\n<p>            <img loading=\"lazy\" decoding=\"async\" src=\"https:\/\/www.europesays.com\/no\/wp-content\/uploads\/2025\/09\/83532199.webp\" width=\"980\" height=\"441\" title=\"Tips meg om tr\u00f8bbel grunnet streiken\" alt=\"\" class=\"\" style=\"--aspect-ratio-image: 2.22; \"\/><\/p>\n<p>        Tips meg om tr\u00f8bbel grunnet streiken<\/p>\n<p class=\"subtitle\">Hei, jeg heter Odd Roar Lange og er reiseekspert og -journalist for DinSide og Dagbladet. Har du et tips om flygelederstreiken eller andre vansker knyttet til reiser, eller har du en historie du \u00f8nsker \u00e5 fortelle p\u00e5 Norges st\u00f8rste forbrukernettsted DinSide.no?<\/p>\n","protected":false},"excerpt":{"rendered":"Reise Ny streik vil ramme tusenvis av reisende. Dette m\u00e5 du gj\u00f8re. TR\u00d8BBEL IGJEN.: Mange flypassasjerer, blant annet&hellip;\n","protected":false},"author":2,"featured_media":26370,"comment_status":"","ping_status":"","sticky":false,"template":"","format":"standard","meta":{"footnotes":""},"categories":[12],"tags":[20,21,24,25,1991,4225,15,22,23,13,30,28,4224,29,2379,14,16,1992,3283,4227,4226,26,27,42,43,44,45],"class_list":{"0":"post-26369","1":"post","2":"type-post","3":"status-publish","4":"format-standard","5":"has-post-thumbnail","7":"category-verden","8":"tag-breaking-news","9":"tag-breakingnews","10":"tag-featured-news","11":"tag-featurednews","12":"tag-ferie","13":"tag-flystreik","14":"tag-headlines","15":"tag-latest-news","16":"tag-latestnews","17":"tag-news","18":"tag-no","19":"tag-norge","20":"tag-norgesferie","21":"tag-norway","22":"tag-norwegian","23":"tag-nyheter","24":"tag-overskrifter","25":"tag-reise","26":"tag-sas","27":"tag-streik","28":"tag-thetravelinspector","29":"tag-top-stories","30":"tag-topstories","31":"tag-verden","32":"tag-world","33":"tag-world-news","34":"tag-worldnews"},"share_on_mastodon":{"url":"","error":""},"_links":{"self":[{"href":"https:\/\/www.europesays.com\/no\/wp-json\/wp\/v2\/posts\/26369","targetHints":{"allow":["GET"]}}],"collection":[{"href":"https:\/\/www.europesays.com\/no\/wp-json\/wp\/v2\/posts"}],"about":[{"href":"https:\/\/www.europesays.com\/no\/wp-json\/wp\/v2\/types\/post"}],"author":[{"embeddable":true,"href":"https:\/\/www.europesays.com\/no\/wp-json\/wp\/v2\/users\/2"}],"replies":[{"embeddable":true,"href":"https:\/\/www.europesays.com\/no\/wp-json\/wp\/v2\/comments?post=26369"}],"version-history":[{"count":0,"href":"https:\/\/www.europesays.com\/no\/wp-json\/wp\/v2\/posts\/26369\/revisions"}],"wp:featuredmedia":[{"embeddable":true,"href":"https:\/\/www.europesays.com\/no\/wp-json\/wp\/v2\/media\/26370"}],"wp:attachment":[{"href":"https:\/\/www.europesays.com\/no\/wp-json\/wp\/v2\/media?parent=26369"}],"wp:term":[{"taxonomy":"category","embeddable":true,"href":"https:\/\/www.europesays.com\/no\/wp-json\/wp\/v2\/categories?post=26369"},{"taxonomy":"post_tag","embeddable":true,"href":"https:\/\/www.europesays.com\/no\/wp-json\/wp\/v2\/tags?post=26369"}],"curies":[{"name":"wp","href":"https:\/\/api.w.org\/{rel}","templated":true}]}}