{"id":26389,"date":"2025-09-04T00:00:08","date_gmt":"2025-09-04T00:00:08","guid":{"rendered":"https:\/\/www.europesays.com\/no\/26389\/"},"modified":"2025-09-04T00:00:08","modified_gmt":"2025-09-04T00:00:08","slug":"umiddelbar-trussel-dagbladet","status":"publish","type":"post","link":"https:\/\/www.europesays.com\/no\/26389\/","title":{"rendered":"&#8211; Umiddelbar trussel &#8211; Dagbladet"},"content":{"rendered":"<ol>\n<li><a href=\"https:\/\/news.google.com\/rss\/articles\/CBMibEFVX3lxTE83bW51VE9mcXdTa1RmQWtITy1CWFNKV2NPUFMxODlEdUh1SHh4UHNSeFRGcVFkbi1QREhQRkRXMVVFUjZIdkZNdnA5V3RkTUEtbmFDMVpxSjN0cGlsc2hEajV6RFVKZG9Od09YRQ?oc=5\" target=\"_blank\" rel=\"nofollow noopener\">&#8211; Umiddelbar trussel<\/a>&nbsp;&nbsp;Dagbladet<\/li>\n<li><a href=\"https:\/\/news.google.com\/rss\/articles\/CBMimgFBVV95cUxPVnhfUmJYb2dJRGJvb0pNeUpyOG5POHFmTVlfcERRaUl2VU1QSlpQMVdzOVdVdklidkZyM3Y4MEJMR1NVSUNyQTFOcFB2d2JDUkZuc1RPVG1iOHNrYkZwaEFBZG9tR0JhbWNHNGtMeEFIakZPRWZhNzVxOG1oUHJZcklSNTVqLV92UjU4MXpEX3NDdl90Tl9oZm5R?oc=5\" target=\"_blank\" rel=\"nofollow noopener\">Folkerettsekspert: \u2013 Dette er i strid med havrettens regler<\/a>&nbsp;&nbsp;NRK<\/li>\n<li><a href=\"https:\/\/news.google.com\/rss\/articles\/CBMimAFBVV95cUxOVFVlbFp0SjdmM1RUbUV6U296UXJtQl9JMHRrTGU5QXV4VzRFXzN1UkZpX1MyUWlwZ2pPdHprTUZQb2FoMUtibmNHZXY2M0kwOGJjUjdxS1VyQ09XRzlkc0pIcEtOcFpKWndEdzRFQ1ZOOEVoclZfZWxqYzVqVzhZR1ZsaE9QUlZlMFVDV3kwbVR4RWNuNmlKTA?oc=5\" target=\"_blank\" rel=\"nofollow noopener\">Trump: Amerikanske styrker drepte 11 i angrep p\u00e5 narkob\u00e5t<\/a>&nbsp;&nbsp;VG<\/li>\n<li><a href=\"https:\/\/news.google.com\/rss\/articles\/CBMi4AFBVV95cUxQR0ZDUlNHT25XQ1VyQkdqQkhZZi1rU1RjUmR4bFlYMllRVzdmbTZIdVRITE5lUlJRLWl4SDZDNkZ4cXB3YXowajk2cVlZMWt4cWFZY1JZZmthbVBFdUNhZDJIUTd5cUJsZzFzTC1rdHpxVmNZVFRCbGt5Q1piVUpOTEpoTHhGckQ4cF9hTko5SVAxNGJYLWdrMkVmR21XOWxRVXcyVzIxUUdpSXJxUEllTURiQkp0WjhMYk9xdDRQTUVkZy12LVhqNWtGUTNVR3YxZHhTdmZ3UmxHb1pEREZmdQ?oc=5\" target=\"_blank\" rel=\"nofollow noopener\">Rubio: Venezuelansk b\u00e5t var trussel mot USA \u2013 varsler flere angrep mot p\u00e5st\u00e5tte kartellb\u00e5ter<\/a>&nbsp;&nbsp;adressa.no<\/li>\n<li><a href=\"https:\/\/news.google.com\/rss\/articles\/CBMiS0FVX3lxTE9UUXM0TkpWdG8zNHpSSTRrNTlmcDNaM29KQm5MVWpROENYS3VYYmRzdEJWbjFKSVlZM29mQjJaZmJFbDNNdU1XSFZFZw?oc=5\" target=\"_blank\" rel=\"nofollow noopener\">Amerikanske krigsskip seiler i Karibia. Venezuelas husm\u00f8dre og pensjonister gj\u00f8r seg klare til krig.<\/a>&nbsp;&nbsp;Aftenposten<\/li>\n<\/ol>\n","protected":false},"excerpt":{"rendered":"&#8211; Umiddelbar trussel&nbsp;&nbsp;Dagbladet Folkerettsekspert: \u2013 Dette er i strid med havrettens regler&nbsp;&nbsp;NRK Trump: Amerikanske styrker drepte 11 i&hellip;\n","protected":false},"author":2,"featured_media":26008,"comment_status":"","ping_status":"","sticky":false,"template":"","format":"standard","meta":{"footnotes":""},"categories":[5],"tags":[20,21,24,25,15,19,22,23,17,18,13,30,28,29,14,16,26,27,412],"class_list":{"0":"post-26389","1":"post","2":"type-post","3":"status-publish","4":"format-standard","5":"has-post-thumbnail","7":"category-overskrifter","8":"tag-breaking-news","9":"tag-breakingnews","10":"tag-featured-news","11":"tag-featurednews","12":"tag-headlines","13":"tag-hovedoppslag","14":"tag-latest-news","15":"tag-latestnews","16":"tag-main-news","17":"tag-mainnews","18":"tag-news","19":"tag-no","20":"tag-norge","21":"tag-norway","22":"tag-nyheter","23":"tag-overskrifter","24":"tag-top-stories","25":"tag-topstories","26":"tag-utenriks"},"share_on_mastodon":{"url":"","error":""},"_links":{"self":[{"href":"https:\/\/www.europesays.com\/no\/wp-json\/wp\/v2\/posts\/26389","targetHints":{"allow":["GET"]}}],"collection":[{"href":"https:\/\/www.europesays.com\/no\/wp-json\/wp\/v2\/posts"}],"about":[{"href":"https:\/\/www.europesays.com\/no\/wp-json\/wp\/v2\/types\/post"}],"author":[{"embeddable":true,"href":"https:\/\/www.europesays.com\/no\/wp-json\/wp\/v2\/users\/2"}],"replies":[{"embeddable":true,"href":"https:\/\/www.europesays.com\/no\/wp-json\/wp\/v2\/comments?post=26389"}],"version-history":[{"count":0,"href":"https:\/\/www.europesays.com\/no\/wp-json\/wp\/v2\/posts\/26389\/revisions"}],"wp:featuredmedia":[{"embeddable":true,"href":"https:\/\/www.europesays.com\/no\/wp-json\/wp\/v2\/media\/26008"}],"wp:attachment":[{"href":"https:\/\/www.europesays.com\/no\/wp-json\/wp\/v2\/media?parent=26389"}],"wp:term":[{"taxonomy":"category","embeddable":true,"href":"https:\/\/www.europesays.com\/no\/wp-json\/wp\/v2\/categories?post=26389"},{"taxonomy":"post_tag","embeddable":true,"href":"https:\/\/www.europesays.com\/no\/wp-json\/wp\/v2\/tags?post=26389"}],"curies":[{"name":"wp","href":"https:\/\/api.w.org\/{rel}","templated":true}]}}