{"id":26394,"date":"2025-09-04T00:17:08","date_gmt":"2025-09-04T00:17:08","guid":{"rendered":"https:\/\/www.europesays.com\/no\/26394\/"},"modified":"2025-09-04T00:17:08","modified_gmt":"2025-09-04T00:17:08","slug":"resident-evil-requiem-vil-bli-utgitt-for-playstation-4-og-switch-2","status":"publish","type":"post","link":"https:\/\/www.europesays.com\/no\/26394\/","title":{"rendered":"Resident Evil Requiem vil bli utgitt for PlayStation 4 og Switch 2"},"content":{"rendered":"<p>Under Gamescom fikk vi endelig ta en n\u00e6rmere titt p\u00e5 Resident Evil Requiem og kunne dele inntrykkene v\u00e5re i en forh\u00e5ndsvisning som du finner <a href=\"https:\/\/www.gamereactor.no\/resident-evil-requiem-et-virkeliggjort-mareritt-1846873\/\" title=\"Resident Evil Requiem: Et virkeliggjort mareritt\" rel=\"nofollow noopener\" target=\"_blank\">her.<\/a> Dette sv\u00e6rt lovende skrekkspillet er for \u00f8yeblikket annonsert for PC, PlayStation 5 og Xbox Series S\/X &#8211; og det ser ut til \u00e5 bli utrolig bra.<\/p>\n<p>Men til tross for dette ser det ut til at Capcom \u00f8nsker at flere skal f\u00e5 sjansen til \u00e5 spille det, selv p\u00e5 svakere formater. Det er i det minste det den ofte veldig n\u00f8yaktige Capcom-innsideren <a href=\"https:\/\/xcancel.com\/AestheticGamer1\/status\/1963021049014190354\" target=\"_blank\" rel=\"nofollow noopener\">Dusk Golem<\/a> hevder, og skriver at han er enig med tidligere rykter om at Requiem ogs\u00e5 kommer til PlayStation 4 og Switch 2 :<\/p>\n<p>&laquo;Jeg vil ikke sl\u00e5 rundt busken, Resident Evil Requiem skal slippes p\u00e5 PlayStation 4 &amp; Nintendo Switch 2, ser ut til at dette var litt kjent bak kulissene og i grapevine. Jeg er ikke den f\u00f8rste personen som sier dette offentlig faktisk, bare bekrefter. Snakket om det med fem forskjellige mennesker de siste ukene, og vet at en annen fyr med et godt rykte sa s\u00e5 mye for mindre enn en uke siden. S\u00e5 ikke fra meg, men jeg har h\u00f8rt det samme.<\/p>\n<p>Usikker p\u00e5 om det kommer ved lansering, og jeg gjetter p\u00e5 at det blir en annen versjon med annen teknologi, litt som 360\/PS3 og Wii\/PS2-tiden, siden noen av funksjonene i Requiem, som ray tracing, er fokusert p\u00e5 moderne plattformer.<\/p>\n<p>Men hvis sp\u00f8rsm\u00e5let er om det skjer eller ikke, er svaret stort sett: &laquo;Ja, det skjer.&raquo;<\/p>\n<p>Med tanke p\u00e5 at disse versjonene ikke har blitt offisielt annonsert enn\u00e5, virker det sannsynlig (forutsatt at informasjonen er korrekt, selvf\u00f8lgelig) at Capcom ikke tar sikte p\u00e5 \u00e5 ha dem klare for lansering p\u00e5 andre formater i februar. Ta dette med en klype kosher salt, da det tross alt er ubekreftet informasjon, men Dusk Golem er i det minste en av de mer p\u00e5litelige lekkasjene.<\/p>\n<p><img loading=\"lazy\" decoding=\"async\" id=\"img-1855083-4576653\" data-fullsize=\"\/media\/66\/capcomavslutarsummer_4576653b.jpg\" data-lazy=\"\" src=\"https:\/\/www.europesays.com\/no\/wp-content\/uploads\/2025\/09\/capcomavslutarsummer_4576653_650x.jpg\" width=\"650\" onclick=\"if (!window.__cfRLUnblockHandlers) return false; gallery_openmodal('1855083','4576653',false,'9ae548c513b3186a6ffa01e5567f8e25');\" height=\"366\" alt=\"Resident Evil Requiem\" class=\"rwd_col_content lazy\" data-cf-modified-ea08715fc81354fa80eb574f-=\"\"\/><\/p>\n","protected":false},"excerpt":{"rendered":"Under Gamescom fikk vi endelig ta en n\u00e6rmere titt p\u00e5 Resident Evil Requiem og kunne dele inntrykkene v\u00e5re&hellip;\n","protected":false},"author":2,"featured_media":26395,"comment_status":"","ping_status":"","sticky":false,"template":"","format":"standard","meta":{"footnotes":""},"categories":[57],"tags":[30,28,29,65,63,64,66,70,69,67,68],"class_list":{"0":"post-26394","1":"post","2":"type-post","3":"status-publish","4":"format-standard","5":"has-post-thumbnail","7":"category-vitenskap-og-teknologi","8":"tag-no","9":"tag-norge","10":"tag-norway","11":"tag-science","12":"tag-science-and-technology","13":"tag-scienceandtechnology","14":"tag-technology","15":"tag-teknologi","16":"tag-vitenskap","17":"tag-vitenskap-og-teknologi","18":"tag-vitenskapteknologi"},"share_on_mastodon":{"url":"","error":""},"_links":{"self":[{"href":"https:\/\/www.europesays.com\/no\/wp-json\/wp\/v2\/posts\/26394","targetHints":{"allow":["GET"]}}],"collection":[{"href":"https:\/\/www.europesays.com\/no\/wp-json\/wp\/v2\/posts"}],"about":[{"href":"https:\/\/www.europesays.com\/no\/wp-json\/wp\/v2\/types\/post"}],"author":[{"embeddable":true,"href":"https:\/\/www.europesays.com\/no\/wp-json\/wp\/v2\/users\/2"}],"replies":[{"embeddable":true,"href":"https:\/\/www.europesays.com\/no\/wp-json\/wp\/v2\/comments?post=26394"}],"version-history":[{"count":0,"href":"https:\/\/www.europesays.com\/no\/wp-json\/wp\/v2\/posts\/26394\/revisions"}],"wp:featuredmedia":[{"embeddable":true,"href":"https:\/\/www.europesays.com\/no\/wp-json\/wp\/v2\/media\/26395"}],"wp:attachment":[{"href":"https:\/\/www.europesays.com\/no\/wp-json\/wp\/v2\/media?parent=26394"}],"wp:term":[{"taxonomy":"category","embeddable":true,"href":"https:\/\/www.europesays.com\/no\/wp-json\/wp\/v2\/categories?post=26394"},{"taxonomy":"post_tag","embeddable":true,"href":"https:\/\/www.europesays.com\/no\/wp-json\/wp\/v2\/tags?post=26394"}],"curies":[{"name":"wp","href":"https:\/\/api.w.org\/{rel}","templated":true}]}}