{"id":263969,"date":"2026-06-12T08:51:37","date_gmt":"2026-06-12T08:51:37","guid":{"rendered":"https:\/\/www.europesays.com\/no\/263969\/"},"modified":"2026-06-12T08:51:37","modified_gmt":"2026-06-12T08:51:37","slug":"billy-ray-cyrus-avslorer-dramatisk-helsekrise-og-familiekonflikt","status":"publish","type":"post","link":"https:\/\/www.europesays.com\/no\/263969\/","title":{"rendered":"Billy Ray Cyrus avsl\u00f8rer dramatisk helsekrise og familiekonflikt"},"content":{"rendered":"<p class=\"kicker \" style=\"\">Billy Ray Cyrus:<\/p>\n<p>    Countryartisten var hoven i hele kroppen og fryktet det verste. N\u00e5 snakker han ut.<\/p>\n<p>\n    DRAMATISK: Billy Ray Cyrus snakker ut om den krevende tiden. Foto: Jim Ruymen \/ Shutterstock\n  <\/p>\n<p> Dramaet i Cyrus-familien har lenge v\u00e6rt gjenstand for overskrifter. <\/p>\n<p>Etter skilsmissen mellom Tish (59) og Billy Ray (64) i 2022, kunne det se ut som at familien aldri hadde v\u00e6rt mer splittet. Datter Miley (33) har tidligere snakket \u00e5penhjertig om den betente konflikten.<\/p>\n<p>I den siste tiden har mye tydet p\u00e5 at de fleste i familien har skv\u00e6ret opp.<\/p>\n<p class=\"font-weight-bold m-font-weight-bold\" data-lab-font_weight=\"font-weight-bold\">Men samtidig som at uoverenstemmelsene p\u00e5gikk, utspilte det seg ogs\u00e5 et helt annet drama bak lukkede d\u00f8rer.<\/p>\n<p>    <a itemprop=\"url\" href=\"https:\/\/www.seher.no\/kjendis\/har-fatt-brystkreft\/84745711\" rel=\"nofollow noopener\" target=\"_blank\"><\/p>\n<p>        <img loading=\"lazy\" decoding=\"async\" src=\"https:\/\/www.europesays.com\/no\/wp-content\/uploads\/2026\/06\/84745549.webp\" width=\"980\" height=\"441\" alt=\"\" class=\"lazyload\" style=\"--aspect-ratio-image: 2.22; \"\/><\/p>\n<p>        Har f\u00e5tt brystkreft<\/p>\n<p>    <\/a><\/p>\n<p>&#8211; Mitt verste mareritt\t<\/p>\n<p>I et intervju med <a href=\"https:\/\/www.youtube.com\/watch?v=mQXxhTWmgiE\" target=\"_blank\" rel=\"nofollow noopener\">People<\/a> forteller nemlig Billy Ray at han nesten mistet livet i 2024.<\/p>\n<p>Countryveteranen forteller \u00e5penhjertig at han ble diagnostisert med blodforgiftning.<\/p>\n<p>        <img loading=\"lazy\" decoding=\"async\" src=\"https:\/\/www.europesays.com\/no\/wp-content\/uploads\/2026\/06\/84750126.webp\" width=\"667\" height=\"487\" alt=\"\" class=\"\" style=\"--aspect-ratio-image: 1.37; \"\/><\/p>\n<p>\n        CYRUS: Billy Ray sammen med datter Miley og ekskona Tish i 2019. Foto: Jim Ruymen \/ Shutterstock\n    <\/p>\n<p>\u00abAchy Breaky Heart\u00bb-sangeren legger ikke skjul p\u00e5 alvorlighetsgraden, og forteller at han m\u00e5tte legges inn p\u00e5 sykehus.<\/p>\n<p>&#8211; Jeg vet ikke helt hvordan det utviklet seg. Det var mitt verste mareritt. To \u00e5r f\u00f8r det hadde moren min d\u00f8dd p\u00e5 det sykehuset, i samme etasje som jeg l\u00e5 p\u00e5, sier han.<\/p>\n<p>        Etter innsettelsen av USAs 47. president Donald Trump mandag 20. januar, fulgte feiringen og Liberty Ball &#8211; et ball ment for \u00e5 hedre den nye presidenten og visepresidenten. Det musikalske innslaget til country-artisten Billy Ray Cyrus vekker oppsikt. Video: Youtube. Reporter: Christina H. Korneliussen<\/p>\n<p>64-\u00e5ringen forteller videre at hele kroppen hans hovnet opp, og at legene ba ham om \u00e5 ha orden p\u00e5 juridiske og \u00f8konomiske papirer i tilfelle han ikke skulle overleve.<\/p>\n<p class=\"font-weight-bold m-font-weight-bold\" data-lab-font_weight=\"font-weight-bold\">Over tid ble imidlertid helsen bedre og Billy Ray kom seg tilbake p\u00e5 beina. Likevel skulle det ikke g\u00e5 lang tid f\u00f8r han m\u00f8tte p\u00e5 ytterligere utfordringer.<\/p>\n<p>        <img loading=\"lazy\" decoding=\"async\" src=\"https:\/\/www.europesays.com\/no\/wp-content\/uploads\/2026\/06\/1781254296_762_84751075.webp\" width=\"667\" height=\"494\" alt=\"\" class=\"\" style=\"--aspect-ratio-image: 1.35; \"\/><\/p>\n<p>\n        KJ\u00c6RESTER: Elizabeth Hurley og Billy Ray Cyrus fant kj\u00e6rligheten for over et \u00e5r siden. Foto: Splash News\/NTB\n    <\/p>\n<p>&#8211; Reddet livet mitt\t<\/p>\n<p>Etter blodforgiftningen fikk 64-\u00e5ringen ogs\u00e5 problemer med stemmen. Han ble diagnostisert med stemmeb\u00e5ndslammelse og var usikker p\u00e5 om han noensinne ville kunne synge igjen.<\/p>\n<p>    <a itemprop=\"url\" href=\"https:\/\/www.seher.no\/kjendis\/mistet-faren-bratt\/84748245\" rel=\"nofollow noopener\" target=\"_blank\"><\/p>\n<p>        <img loading=\"lazy\" decoding=\"async\" src=\"https:\/\/www.europesays.com\/no\/wp-content\/uploads\/2026\/06\/1781254296_37_84748196.webp\" width=\"147\" height=\"98\" alt=\"\" class=\"lazyload\" style=\"--aspect-ratio-image: 1.50; \"\/><\/p>\n<p>        Mistet pappa br\u00e5tt<\/p>\n<p>    <\/a><\/p>\n<p>Det var datteren Noahs (26) sangtekster om motstandskraft som ga ham motivasjonen til \u00e5 trene opp stemmen igjen, forteller Billy Ray.<\/p>\n<p>&#8211; Noahs sang \u00abDon&#8217;t Put It All on Me\u00bb reddet livet mitt, sier han.<\/p>\n<p>Cyrus forteller at sangen var hans eneste tr\u00f8st i en m\u00f8rk periode. Han takker ogs\u00e5 barnebarnet Bear (5) for \u00e5 ha hjulpet ham.<\/p>\n<p>        <img loading=\"lazy\" decoding=\"async\" src=\"https:\/\/www.europesays.com\/no\/wp-content\/uploads\/2026\/06\/84749639.webp\" width=\"667\" height=\"507\" alt=\"\" class=\"\" style=\"--aspect-ratio-image: 1.32; \"\/><\/p>\n<p>\n        FAMILIE: Tish Cyrus sammen med datteren Noah og eksmannen Billy Ray Cyrus. Foto: Rob Latour\/REX\/NTB\n    <\/p>\n<p>&#8211; I dette veldig vanskelige \u00f8yeblikket i livet mitt s\u00e5 barnebarnet mitt Bear p\u00e5 meg og sa: \u00abPr\u00f8v igjen\u00bb. Og fram til det \u00f8yeblikket hadde han aldri snakket til meg i det hele tatt, forteller \u00abHannah Montana\u00bb-skuespilleren.<\/p>\n<p>Avslutningsvis takker han ogs\u00e5 kj\u00e6resten Elizabeth Hurley (61) for all st\u00f8tte hun har gitt ham.<\/p>\n","protected":false},"excerpt":{"rendered":"Billy Ray Cyrus: Countryartisten var hoven i hele kroppen og fryktet det verste. N\u00e5 snakker han ut. DRAMATISK:&hellip;\n","protected":false},"author":2,"featured_media":263970,"comment_status":"","ping_status":"","sticky":false,"template":"","format":"standard","meta":{"footnotes":"","_share_on_mastodon":"0"},"categories":[59],"tags":[10091,23050,736,479,2543,30,28,29,83,82],"class_list":["post-263969","post","type-post","status-publish","format-standard","has-post-thumbnail","category-sport","tag-billy-ray-cyrus","tag-blodforgiftning","tag-helse","tag-kjendis","tag-kjendisdesken","tag-no","tag-norge","tag-norway","tag-sport","tag-sports"],"share_on_mastodon":{"url":"https:\/\/pubeurope.com\/@no\/116736287910929218","error":""},"_links":{"self":[{"href":"https:\/\/www.europesays.com\/no\/wp-json\/wp\/v2\/posts\/263969","targetHints":{"allow":["GET"]}}],"collection":[{"href":"https:\/\/www.europesays.com\/no\/wp-json\/wp\/v2\/posts"}],"about":[{"href":"https:\/\/www.europesays.com\/no\/wp-json\/wp\/v2\/types\/post"}],"author":[{"embeddable":true,"href":"https:\/\/www.europesays.com\/no\/wp-json\/wp\/v2\/users\/2"}],"replies":[{"embeddable":true,"href":"https:\/\/www.europesays.com\/no\/wp-json\/wp\/v2\/comments?post=263969"}],"version-history":[{"count":0,"href":"https:\/\/www.europesays.com\/no\/wp-json\/wp\/v2\/posts\/263969\/revisions"}],"wp:featuredmedia":[{"embeddable":true,"href":"https:\/\/www.europesays.com\/no\/wp-json\/wp\/v2\/media\/263970"}],"wp:attachment":[{"href":"https:\/\/www.europesays.com\/no\/wp-json\/wp\/v2\/media?parent=263969"}],"wp:term":[{"taxonomy":"category","embeddable":true,"href":"https:\/\/www.europesays.com\/no\/wp-json\/wp\/v2\/categories?post=263969"},{"taxonomy":"post_tag","embeddable":true,"href":"https:\/\/www.europesays.com\/no\/wp-json\/wp\/v2\/tags?post=263969"}],"curies":[{"name":"wp","href":"https:\/\/api.w.org\/{rel}","templated":true}]}}