{"id":26398,"date":"2025-09-04T01:16:09","date_gmt":"2025-09-04T01:16:09","guid":{"rendered":"https:\/\/www.europesays.com\/no\/26398\/"},"modified":"2025-09-04T01:16:09","modified_gmt":"2025-09-04T01:16:09","slug":"jente-besvimte-pa-overfylt-vy-tog","status":"publish","type":"post","link":"https:\/\/www.europesays.com\/no\/26398\/","title":{"rendered":"Jente besvimte p\u00e5 overfylt Vy-tog"},"content":{"rendered":"<p>  En uke etter at tre personer besvimte p\u00e5 et Vy-tog, bekrefter Vy en ny hendelse p\u00e5 et stappfullt Oslo-tog.<\/p>\n<p>\n    Igjen har en passasjer besvimt p\u00e5 et stappfullt Vy-tog i Oslo-omr\u00e5det. Foto: Gorm Kallestad \/ NTB\n  <\/p>\n<p>Toget gikk fra Oslo til Kolbotn i 16-tiden onsdag, og et vitne har forklart til\u00a0<a href=\"https:\/\/www.vg.no\/nyheter\/i\/5Ex13X\/jente-besvimte-paa-stappfullt-tog-skammelig-sier-vitne\" target=\"_blank\" rel=\"nofollow noopener\">VG<\/a>\u00a0at det var stappfullt, mye trengsel og sv\u00e6rt varmt p\u00e5 toget.<\/p>\n<p>Vys pressevakt Kaja Rynning Moen bekrefter hendelsen overfor avisen og sier det var en jente som fikk et illebefinnende.<\/p>\n<p>\u00c5rsaken kan ikke Vy konkludere med, men Moen sier at det helt sikkert kan stemme at det b\u00e5de var varmt og fullt p\u00e5 toget.<\/p>\n<p>\u2013 Vi pr\u00f8ver s\u00e5 godt vi kan \u00e5 f\u00e5 til doble avganger i rushtiden. Vi har hatt mange enkeltsett i dag, der vi til vanlig skulle ha dobbeltsett. Det er kjempekjedelig for kundene, sier hun til VG.<\/p>\n<p>    <a itemprop=\"url\" href=\"https:\/\/sol.no\/nyheter\/varme-men-fuktige-dager-framover\/83541823\" rel=\"nofollow noopener\" target=\"_blank\"><\/p>\n<p>      <img loading=\"lazy\" decoding=\"async\" src=\"https:\/\/www.europesays.com\/no\/wp-content\/uploads\/2025\/09\/83541830.webp\" width=\"980\" height=\"441\" title=\"Varme, men fuktige dager framover\" alt=\"\" class=\"lazyload\" style=\"--aspect-ratio-image: 2.22; \"\/><\/p>\n<p>        Varme, men fuktige dager framover<\/p>\n<p>sol.no<\/p>\n<p>    <\/a><\/p>\n<p>\u00c5rsaken til at toget var overfylt, var at det tirsdag denne uken var togtr\u00f8bbel i hele Oslo med flere forsinkelser. Det gjorde at togene ikke kom seg til verkstedet der de ble vedlikeholdt og rengjort, if\u00f8lge Moen.<\/p>\n<p>Jenta ble ivaretatt av en lege om bord, if\u00f8lge vitnet. Etterp\u00e5 ble hun tatt med ut p\u00e5 plattformen av en Vy-ansatt og ivaretatt, if\u00f8lge Moen.<\/p>\n<p>Hendelsen skjer en uke etter at tre personer besvimte p\u00e5 et annet overfylt Vy-tog fra Drammen til Oslo.<\/p>\n<p>\u00c5rsaken til kaoset for en uke siden var den forlengede stengingen av Drammen stasjon, som har f\u00f8rt til at Vy m\u00e5 kj\u00f8re med redusert togkapasitet. Flere togsett sto fast p\u00e5 togverkstedet og kunne ikke tas i bruk.<\/p>\n","protected":false},"excerpt":{"rendered":"En uke etter at tre personer besvimte p\u00e5 et Vy-tog, bekrefter Vy en ny hendelse p\u00e5 et stappfullt&hellip;\n","protected":false},"author":2,"featured_media":26399,"comment_status":"","ping_status":"","sticky":false,"template":"","format":"standard","meta":{"footnotes":""},"categories":[10],"tags":[4230,20,21,24,25,15,22,23,13,30,28,29,14,16,1923,26,27,2396],"class_list":{"0":"post-26398","1":"post","2":"type-post","3":"status-publish","4":"format-standard","5":"has-post-thumbnail","7":"category-norge","8":"tag-besvimte","9":"tag-breaking-news","10":"tag-breakingnews","11":"tag-featured-news","12":"tag-featurednews","13":"tag-headlines","14":"tag-latest-news","15":"tag-latestnews","16":"tag-news","17":"tag-no","18":"tag-norge","19":"tag-norway","20":"tag-nyheter","21":"tag-overskrifter","22":"tag-tog","23":"tag-top-stories","24":"tag-topstories","25":"tag-vy"},"share_on_mastodon":{"url":"","error":""},"_links":{"self":[{"href":"https:\/\/www.europesays.com\/no\/wp-json\/wp\/v2\/posts\/26398","targetHints":{"allow":["GET"]}}],"collection":[{"href":"https:\/\/www.europesays.com\/no\/wp-json\/wp\/v2\/posts"}],"about":[{"href":"https:\/\/www.europesays.com\/no\/wp-json\/wp\/v2\/types\/post"}],"author":[{"embeddable":true,"href":"https:\/\/www.europesays.com\/no\/wp-json\/wp\/v2\/users\/2"}],"replies":[{"embeddable":true,"href":"https:\/\/www.europesays.com\/no\/wp-json\/wp\/v2\/comments?post=26398"}],"version-history":[{"count":0,"href":"https:\/\/www.europesays.com\/no\/wp-json\/wp\/v2\/posts\/26398\/revisions"}],"wp:featuredmedia":[{"embeddable":true,"href":"https:\/\/www.europesays.com\/no\/wp-json\/wp\/v2\/media\/26399"}],"wp:attachment":[{"href":"https:\/\/www.europesays.com\/no\/wp-json\/wp\/v2\/media?parent=26398"}],"wp:term":[{"taxonomy":"category","embeddable":true,"href":"https:\/\/www.europesays.com\/no\/wp-json\/wp\/v2\/categories?post=26398"},{"taxonomy":"post_tag","embeddable":true,"href":"https:\/\/www.europesays.com\/no\/wp-json\/wp\/v2\/tags?post=26398"}],"curies":[{"name":"wp","href":"https:\/\/api.w.org\/{rel}","templated":true}]}}