{"id":264041,"date":"2026-06-12T09:52:18","date_gmt":"2026-06-12T09:52:18","guid":{"rendered":"https:\/\/www.europesays.com\/no\/264041\/"},"modified":"2026-06-12T09:52:18","modified_gmt":"2026-06-12T09:52:18","slug":"okonomi-utdanning-disse-kommunene-far-tilskudd-er-avgjorende-for-a-snu-denne-utviklingen","status":"publish","type":"post","link":"https:\/\/www.europesays.com\/no\/264041\/","title":{"rendered":"\u00d8konomi, Utdanning | Disse kommunene f\u00e5r tilskudd: \u2013 Er avgj\u00f8rende for \u00e5 snu denne utviklingen"},"content":{"rendered":"\n<p>Kunnskapsdepartementet melder at i \u00e5r er potten p\u00e5 rekordh\u00f8ye 103,2 millioner kroner som skal fordeles.\u00a0<\/p>\n<p>Det er mer enn en dobling fra i fjor,\u00a0<\/p>\n<p>Kommuner i Innlandet f\u00e5r 4,1 millioner kroner av denne potten.\u00a0<\/p>\n<p>\u2013 Jeg er veldig bekymret for leseferdighetene til elevene og deres manglende leselyst. Gode skolebibliotek er avgj\u00f8rende for \u00e5 snu denne utviklingen. Derfor har vi i flere \u00e5r prioritert midler til skolebibliotek, og i \u00e5r er denne potten rekordstor, sier kunnskapsminister Kari Nessa Nordtun.\u00a0<\/p>\n<p>Kommunene kan bruke pengene p\u00e5 personalressurser eller p\u00e5 \u00e5 \u00f8ke kompetansen til de ansatte.\u00a0<\/p>\n<p>Nytt av \u00e5ret er at kommunene ogs\u00e5 kan s\u00f8ke om penger til \u00e5 kj\u00f8pe inn flere b\u00f8ker til skolebibliotekene.\u00a0<\/p>\n<p>Totalt er det 208 kommuner som s\u00f8kte om tilskudd. Av disse er det 174 kommuner som har f\u00e5tt midler.<\/p>\n<p>I fjor var det 52 kommuner som fikk tilskudd.<\/p>\n<p>Det er Utdanningsdirektoratet som har behandlet s\u00f8knadene.<\/p>\n<p>Kommunene m\u00e5 ogs\u00e5 forplikte seg til \u00e5 delta i satsingen med egne midler.\u00a0<\/p>\n<p>\u2013 \u00c5 styrke lesingen i skolen krever innsats over tid, og det ansvaret tar jeg p\u00e5 alvor, Nessa Nordtun.\u00a0<\/p>\n<p>Disse lokale kommunene fikk tilskudd:<\/p>\n<tr>\n<td><b>Kommune<\/b><\/td>\n<td><b>Tilskudd til b\u00f8ker<\/b><\/td>\n<td><b>Tilskudd kompetanse og personal<\/b><\/td>\n<td><b>Totalt<\/b><\/td>\n<\/tr>\n<tr>\n<td>Elverum<\/td>\n<td>71.883 kroner<\/td>\n<td>0 kroner<\/td>\n<td>\n<p>71.883<\/p>\n<\/td>\n<\/tr>\n<tr>\n<td>Hamar<\/td>\n<td>99.540 kroner<\/td>\n<td>0 kroner<\/td>\n<td>\n<p>99.540<\/p>\n<\/td>\n<\/tr>\n<tr>\n<td>Tolga<\/td>\n<td>0 kroner<\/td>\n<td>770.000 kroner<\/td>\n<td>770.000<\/td>\n<\/tr>\n<tr>\n<td>Trysil<\/td>\n<td>0 kroner<\/td>\n<td>756.000 kroner<\/td>\n<td>\n<p>756.000<\/p>\n<\/td>\n<\/tr>\n<tr>\n<td>Tynset<\/td>\n<td>18.762 kroner<\/td>\n<td>492.500 kroner<\/td>\n<td>511.262<\/td>\n<\/tr>\n<tr>\n<td>V\u00e5ler<\/td>\n<td>10.000 kroner<\/td>\n<td>0 kroner<\/td>\n<td>10.000<\/td>\n<\/tr>\n<tr>\n<td>\u00c5mot<\/td>\n<td>10.538 kroner<\/td>\n<td>595.500 kroner<\/td>\n<td>606.038<\/td>\n<\/tr>\n<tr>\n<td>\u00c5snes<\/td>\n<td>18.336 kroner<\/td>\n<td>0 kroner<\/td>\n<td>\n<p>18.336<\/p>\n<\/td>\n<\/tr>\n","protected":false},"excerpt":{"rendered":"Kunnskapsdepartementet melder at i \u00e5r er potten p\u00e5 rekordh\u00f8ye 103,2 millioner kroner som skal fordeles.\u00a0 Det er mer&hellip;\n","protected":false},"author":2,"featured_media":264042,"comment_status":"","ping_status":"","sticky":false,"template":"","format":"standard","meta":{"footnotes":"","_share_on_mastodon":"0"},"categories":[10],"tags":[7554,36,575,20,21,1070,24,25,15,22,23,13,30,1745,28,29,14,16,572,478,1510,4176,26,27,2040,4177,132,1986],"class_list":["post-264041","post","type-post","status-publish","format-standard","has-post-thumbnail","category-norge","tag-amot","tag-art","tag-asnes","tag-breaking-news","tag-breakingnews","tag-elverum","tag-featured-news","tag-featurednews","tag-headlines","tag-latest-news","tag-latestnews","tag-news","tag-no","tag-nord-osterdal","tag-norge","tag-norway","tag-nyheter","tag-overskrifter","tag-okonomi","tag-solor","tag-story","tag-tolga","tag-top-stories","tag-topstories","tag-trysil","tag-tynset","tag-utdanning","tag-valer"],"share_on_mastodon":{"url":"https:\/\/pubeurope.com\/@no\/116736527356784385","error":""},"_links":{"self":[{"href":"https:\/\/www.europesays.com\/no\/wp-json\/wp\/v2\/posts\/264041","targetHints":{"allow":["GET"]}}],"collection":[{"href":"https:\/\/www.europesays.com\/no\/wp-json\/wp\/v2\/posts"}],"about":[{"href":"https:\/\/www.europesays.com\/no\/wp-json\/wp\/v2\/types\/post"}],"author":[{"embeddable":true,"href":"https:\/\/www.europesays.com\/no\/wp-json\/wp\/v2\/users\/2"}],"replies":[{"embeddable":true,"href":"https:\/\/www.europesays.com\/no\/wp-json\/wp\/v2\/comments?post=264041"}],"version-history":[{"count":0,"href":"https:\/\/www.europesays.com\/no\/wp-json\/wp\/v2\/posts\/264041\/revisions"}],"wp:featuredmedia":[{"embeddable":true,"href":"https:\/\/www.europesays.com\/no\/wp-json\/wp\/v2\/media\/264042"}],"wp:attachment":[{"href":"https:\/\/www.europesays.com\/no\/wp-json\/wp\/v2\/media?parent=264041"}],"wp:term":[{"taxonomy":"category","embeddable":true,"href":"https:\/\/www.europesays.com\/no\/wp-json\/wp\/v2\/categories?post=264041"},{"taxonomy":"post_tag","embeddable":true,"href":"https:\/\/www.europesays.com\/no\/wp-json\/wp\/v2\/tags?post=264041"}],"curies":[{"name":"wp","href":"https:\/\/api.w.org\/{rel}","templated":true}]}}