{"id":264128,"date":"2026-06-12T11:55:22","date_gmt":"2026-06-12T11:55:22","guid":{"rendered":"https:\/\/www.europesays.com\/no\/264128\/"},"modified":"2026-06-12T11:55:22","modified_gmt":"2026-06-12T11:55:22","slug":"carsten-smiths-bisettes-i-oslo-domkirke","status":"publish","type":"post","link":"https:\/\/www.europesays.com\/no\/264128\/","title":{"rendered":"Carsten Smiths bisettes i Oslo domkirke"},"content":{"rendered":"<p class=\"kicker \" style=\"\">Carsten Smith (1932-2026)<\/p>\n<p>    Folk str\u00f8mmet til Oslo domkirke for \u00e5 ta farvel med en av Norges mest fremtredende jurister.\u00a0<\/p>\n<p>\n    BISETTELSE: En rekke norske samfunnsprofiler har samlet seg i domkirken for \u00e5 ta farvel med Carsten Smith. Foto: NTB\n  <\/p>\n<p>29. mai kom den triste nyheten om at tidligere h\u00f8yesterettjustitiarius, Carsten Smith, hadde g\u00e5tt bort. Han ble 93 \u00e5r gammel.\u00a0<\/p>\n<p>&#8211; Far sovnet stille inn i g\u00e5r kveld, med hele familien samlet rundt ham, bekreftet familien til NRK.<\/p>\n<p>    <a itemprop=\"url\" href=\"https:\/\/www.seher.no\/kongelig\/na-avlyser-statsrad\/84755611\" rel=\"nofollow noopener\" target=\"_blank\"><\/p>\n<p>        <img loading=\"lazy\" decoding=\"async\" src=\"https:\/\/www.europesays.com\/no\/wp-content\/uploads\/2026\/06\/84755648.webp\" width=\"980\" height=\"441\" alt=\"\" class=\"lazyload\" style=\"--aspect-ratio-image: 2.22; \"\/><\/p>\n<p>        N\u00c5: Avlyser statsr\u00e5d<\/p>\n<p>    <\/a><\/p>\n<p>Smith spilte en viktig rolle i utviklingen av sameretten og styrket menneskerettighetenes stilling i Norge.\u00a0Han var ogs\u00e5 leder for Norges H\u00f8yesterett fra 1991 til 2002, og har blitt beskrevet som en bauta i norsk rettsliv.\u00a0<\/p>\n<p>        <img loading=\"lazy\" decoding=\"async\" src=\"https:\/\/www.europesays.com\/no\/wp-content\/uploads\/2026\/06\/84755920.webp\" width=\"667\" height=\"447\" alt=\"\" class=\"\" style=\"--aspect-ratio-image: 1.49; \"\/><\/p>\n<p>\n        KONGEPARETS AVSKJED: Kong Harald og dronning Sonjas krans ble lagt ned under gravferdsseremonien for tidligere h\u00f8yesterettsjustitiarius Carsten Smith fredag.Foto: Ole Berg-Rusten \/ NTB \/ POOL\n    <\/p>\n<p>&#8211; Carsten Smith har satt dype spor. Jeg traff ham ved flere anledninger, og jeg satte pris p\u00e5 hans kloke og kunnskapsrike vurderinger og ikke minst hans \u00e5penhet for \u00e5 sikre rettssikkerhet for nye grupper i befolkningen. I dag g\u00e5r mine tanker til hans n\u00e6rmeste, sa statsminister Jonas Gahr St\u00f8re.<\/p>\n<p>        D\u00d8DE BR\u00c5TT: Forretningsmannen Stein Erik Hagen er d\u00f8d, 69 \u00e5r gammel. Video: H\u00e5vard Bj\u00f8rnerem \/\/ Foto: Se og H\u00f8r<\/p>\n<p>I 1958 giftet han seg med sin store kj\u00e6rlighet, Lucy, og sammen fikk de tre d\u00f8tre som alle har blitt jurister.\u00a0<\/p>\n<p>        <img loading=\"lazy\" decoding=\"async\" src=\"https:\/\/www.europesays.com\/no\/wp-content\/uploads\/2026\/06\/84756013.webp\" width=\"686\" height=\"460\" alt=\"\" class=\"\" style=\"--aspect-ratio-image: 1.49; \"\/><\/p>\n<p>\n        TOK FARVEL: Flere blomsterkranser og vakker utsmykning prydet bisettelsen. Foto: NTB\n    <\/p>\n<p>Lucy gikk bort i 2013, 78 \u00e5r gammel. Hun var Norges f\u00f8rste kvinnelige jusprofessor og hadde, i likhet med ektemannen, en imponerende merittliste.<\/p>\n<p>P\u00e5 plass i Oslo domkirke var blant andre statsminister Jonas Gahr St\u00f8re, justisminister Astri-Aas Hansen og en rekke profilerte advokater som John Christian Elden og Ellen Holager Anden\u00e6s.<\/p>\n<p>        <img loading=\"lazy\" decoding=\"async\" src=\"https:\/\/www.europesays.com\/no\/wp-content\/uploads\/2026\/06\/84755915.webp\" width=\"667\" height=\"868\" alt=\"\" class=\"\" style=\"--aspect-ratio-image: 0.77; \"\/><\/p>\n<p>\n        P\u00c5 PLASS: Statsminister Jonas Gahr St\u00f8re minnes Carsten som et kunnskapsrikt og \u00e5pent medmenneske. Her ankommer han bisettelsen fredag. Foto: NTB\n    <\/p>\n<p>Jens Stoltenberg kom sammen med s\u00f8steren Camilla. Til Se og H\u00f8r forteller han \u00e5penhjertig om den n\u00e6re relasjonen.\u00a0<\/p>\n<p>&#8211; Carsten Smith har v\u00e6rt der i hele mitt liv. Han var en n\u00e6r venn av mine foreldre, helt fra deres felles ungdomstid. I min barndom var han en slags onkel for mine s\u00f8stre, Camilla og Nini, og meg, sier finansministeren, og r\u00f8per at familiene deres stadig ferierte sammen, reiste p\u00e5 turer og hadde mange fine opplevelser sammen.<\/p>\n<p>        <img loading=\"lazy\" decoding=\"async\" src=\"https:\/\/www.europesays.com\/no\/wp-content\/uploads\/2026\/06\/84755910.webp\" width=\"667\" height=\"654\" alt=\"\" class=\"\" style=\"--aspect-ratio-image: 1.02; \"\/><\/p>\n<p>\n        KOM SAMMEN: Jens Stoltenberg og s\u00f8steren Camilla Stoltenberg. Foto: NTB\n    <\/p>\n<p>&#8211; Senere i livet har Carsten v\u00e6rt en r\u00e5dgiver &#8211; en som jeg har kunnet lytte til og l\u00e6re mye av, s\u00e6rlig i juridiske sp\u00f8rsm\u00e5l. Han var h\u00f8yesterettsjustitiarius under min f\u00f8rste periode som statsminister, og jeg hadde alltid tillit til hans d\u00f8mmekraft og stor respekt for hans stemme i samfunnsdebatten, fortsetter han, og legger til:\u00a0<\/p>\n<p>&#8211; Carsten forandret Norge med sin kunnskap, prinsippfasthet og store faglige tyngde. Helt til det siste hadde vi kontakt, og jeg er glad for at jeg fikk kjenne Carsten.<\/p>\n<p>        <img loading=\"lazy\" decoding=\"async\" src=\"https:\/\/www.europesays.com\/no\/wp-content\/uploads\/2026\/06\/84755905.webp\" width=\"667\" height=\"808\" alt=\"\" class=\"\" style=\"--aspect-ratio-image: 0.83; \"\/><\/p>\n<p>\n        KOLLEGA I SORG: Jurist Mette Yvonne Larsen var p\u00e5 plass i kirken. Foto: NTB\n    <\/p>\n<p>        <img loading=\"lazy\" decoding=\"async\" src=\"https:\/\/www.europesays.com\/no\/wp-content\/uploads\/2026\/06\/84755904.webp\" width=\"667\" height=\"868\" alt=\"\" class=\"\" style=\"--aspect-ratio-image: 0.77; \"\/><\/p>\n<p>\n        FARVEL: Tidligere utenriksminister, Bj\u00f8rn Tore Godal, var ogs\u00e5 tilstede for en siste avskjed. Foto: NTB\n    <\/p>\n<p>        <img loading=\"lazy\" decoding=\"async\" src=\"https:\/\/www.europesays.com\/no\/wp-content\/uploads\/2026\/06\/84755912.webp\" width=\"667\" height=\"801\" alt=\"\" class=\"\" style=\"--aspect-ratio-image: 0.83; \"\/><\/p>\n<p>\n        AVSKJED: Tidligere biskop av Den norske kirkes bisped\u00f8mme, Gunnar St\u00e5lsett, var blant de oppm\u00f8tte.Foto: NTB\n    <\/p>\n","protected":false},"excerpt":{"rendered":"Carsten Smith (1932-2026) Folk str\u00f8mmet til Oslo domkirke for \u00e5 ta farvel med en av Norges mest fremtredende&hellip;\n","protected":false},"author":2,"featured_media":264129,"comment_status":"","ping_status":"","sticky":false,"template":"","format":"standard","meta":{"footnotes":"","_share_on_mastodon":"0"},"categories":[10],"tags":[380,20,21,23053,24,25,15,479,22,23,13,30,28,29,14,16,26,27],"class_list":["post-264128","post","type-post","status-publish","format-standard","has-post-thumbnail","category-norge","tag-bisettelse","tag-breaking-news","tag-breakingnews","tag-carsten-smith","tag-featured-news","tag-featurednews","tag-headlines","tag-kjendis","tag-latest-news","tag-latestnews","tag-news","tag-no","tag-norge","tag-norway","tag-nyheter","tag-overskrifter","tag-top-stories","tag-topstories"],"share_on_mastodon":{"url":"https:\/\/pubeurope.com\/@no\/116737011463333069","error":""},"_links":{"self":[{"href":"https:\/\/www.europesays.com\/no\/wp-json\/wp\/v2\/posts\/264128","targetHints":{"allow":["GET"]}}],"collection":[{"href":"https:\/\/www.europesays.com\/no\/wp-json\/wp\/v2\/posts"}],"about":[{"href":"https:\/\/www.europesays.com\/no\/wp-json\/wp\/v2\/types\/post"}],"author":[{"embeddable":true,"href":"https:\/\/www.europesays.com\/no\/wp-json\/wp\/v2\/users\/2"}],"replies":[{"embeddable":true,"href":"https:\/\/www.europesays.com\/no\/wp-json\/wp\/v2\/comments?post=264128"}],"version-history":[{"count":0,"href":"https:\/\/www.europesays.com\/no\/wp-json\/wp\/v2\/posts\/264128\/revisions"}],"wp:featuredmedia":[{"embeddable":true,"href":"https:\/\/www.europesays.com\/no\/wp-json\/wp\/v2\/media\/264129"}],"wp:attachment":[{"href":"https:\/\/www.europesays.com\/no\/wp-json\/wp\/v2\/media?parent=264128"}],"wp:term":[{"taxonomy":"category","embeddable":true,"href":"https:\/\/www.europesays.com\/no\/wp-json\/wp\/v2\/categories?post=264128"},{"taxonomy":"post_tag","embeddable":true,"href":"https:\/\/www.europesays.com\/no\/wp-json\/wp\/v2\/tags?post=264128"}],"curies":[{"name":"wp","href":"https:\/\/api.w.org\/{rel}","templated":true}]}}