{"id":264483,"date":"2026-06-12T18:30:17","date_gmt":"2026-06-12T18:30:17","guid":{"rendered":"https:\/\/www.europesays.com\/no\/264483\/"},"modified":"2026-06-12T18:30:17","modified_gmt":"2026-06-12T18:30:17","slug":"espen-eskas-skal-domme-fotball-vm","status":"publish","type":"post","link":"https:\/\/www.europesays.com\/no\/264483\/","title":{"rendered":"Espen Esk\u00e5s skal d\u00f8mme fotball-VM"},"content":{"rendered":"\n<ul class=\"_list_145nj_3 _list_64s2r_85 _unordered_145nj_106 text-sans-m\">\n<li class=\"_item_145nj_30\">Espen Esk\u00e5s (37) droppet et nesten fullf\u00f8rt jusstudium for \u00e5 satse p\u00e5 dommerkarriere. N\u00e5 skal han d\u00f8mme i fotball-VM.<\/li>\n<li class=\"_item_145nj_30\">Han blir den f\u00f8rste norske dommeren i et VM for herrer siden 2002.<\/li>\n<li class=\"_item_145nj_30\">I USA, Mexico og Canada m\u00f8ter han ekstreme kontraster fra temperaturene han er vant til \u00e5 d\u00f8mme under i Norge. <\/li>\n<li class=\"_item_145nj_30\">I VM skal flere regelendringer testes ut. <\/li>\n<\/ul>\n<p>Vis mer <\/p>\n<p class=\"_paragraph_145nj_4 _paragraph_6fko5_10 layout-component text-serif-m layout-normal text-serif-m layout-padded\">Den siste kampen han d\u00f8mte i Eliteserien var Troms\u00f8 mot AalesundTroms\u00f8 mot AalesundEndte 1-1.  25. mai. Rundt stadion l\u00e5 sn\u00f8dekte fjell, og temperaturen kr\u00f8p s\u00e5 vidt over syv grader.<\/p>\n<p class=\"_paragraph_145nj_4 _paragraph_6fko5_10 layout-component text-serif-m layout-normal text-serif-m layout-padded\">Da VG m\u00f8ter <a href=\"https:\/\/www.vg.no\/tag\/espen-eskaas?utm_source=vg-article&amp;utm_medium=auto-tagger&amp;utm_campaign=7pVmGV\" class=\"_link_145nj_39\" rel=\"nofollow noopener\" target=\"_blank\">Espen Esk\u00e5s<\/a> i Oslo i slutten av mai, gjenst\u00e5r det bare to dager f\u00f8r han setter seg p\u00e5 flyet til USA.<\/p>\n<p class=\"_paragraph_145nj_4 _paragraph_6fko5_10 layout-component text-serif-m layout-normal text-serif-m layout-padded\">I l\u00f8pet av de neste ukene skal han st\u00e5 p\u00e5 banen i temperaturer godt over 30 grader under fotball-VM.<\/p>\n<p class=\"_paragraph_145nj_4 _paragraph_6fko5_10 layout-component text-serif-m layout-normal text-serif-m layout-padded\">37-\u00e5ringen er sammen med assistentdommerne Jan Erik Engan og Isaak Bashevkin p\u00e5 plass i Miami for precamp med resten av VM-dommerne.<\/p>\n<p class=\"_paragraph_145nj_4 _paragraph_6fko5_10 layout-component text-serif-m layout-normal text-serif-m layout-padded\">\u2013 Kontrastene kunne jo ikke blitt st\u00f8rre. Jeg tror ingen dommere har st\u00f8rre kontraster fra hjemlig liga til det vi skal m\u00f8te, sier Esk\u00e5s.<\/p>\n<p><img alt=\"Trioen da de ledet Eliteserie-oppgj\u00f8ret mellom Aalesund og Lillestr\u00f8m i mars. F.v.: Isaak Bashevkin, Espen Esk\u00e5s og Jan Erik Engan.  Foto: JON OLAV NESVOLD \/ Bildbyr\u00e5n\" class=\"_image_jw3bv_65 layout-component layout-normal\" data-fullscreen- data-track-element-type=\"Article image fullscreen\" data-track-name=\"ImageFullscreen\" decoding=\"async\" loading=\"lazy\" height=\"2524\" itemprop=\"image\"  src=\"https:\/\/www.europesays.com\/no\/wp-content\/uploads\/2026\/06\/d4a43963-4943-3e07-a201-78bf6ae7c27e.jpeg\"  style=\"object-position:0% 0%\" width=\"4487\"\/>Trioen da de ledet Eliteserie-oppgj\u00f8ret mellom Aalesund og Lillestr\u00f8m i mars. F.v.: Isaak Bashevkin, Espen Esk\u00e5s og Jan Erik Engan.  Foto: JON OLAV NESVOLD \/ Bildbyr\u00e5n<\/p>\n<p class=\"_paragraph_145nj_4 _paragraph_6fko5_10 layout-component text-serif-m layout-normal text-serif-m layout-padded\">I april kom telefonen.<\/p>\n<p class=\"_paragraph_145nj_4 _paragraph_6fko5_10 layout-component text-serif-m layout-normal text-serif-m layout-padded\">I andre enden var NFFNFFNorges Fotballforbund, som er organisasjonen som styrer fotballen i Norge.s dommersjef Terje Hauge \u2013 den siste nordmannen som selv har d\u00f8mt i et verdensmesterskap for herrer.<\/p>\n<p><img decoding=\"async\" alt=\"Bilde av Terje Hauge\" class=\"_image_148z4_25\" height=\"46\" itemprop=\"image\" loading=\"lazy\"  src=\"https:\/\/www.europesays.com\/no\/wp-content\/uploads\/2026\/06\/e8c484e4-b732-3983-a769-1c36712bb4d8.jpeg\"  width=\"40\"\/><strong class=\"_name_148z4_34 title-serif-xs\">Terje Hauge<\/strong><\/p>\n<p class=\"_paragraph_145nj_4 _paragraph_6fko5_10 layout-component text-serif-m layout-normal text-serif-m layout-padded\">Esk\u00e5s var <a href=\"https:\/\/www.vg.no\/sport\/i\/ArbP3x\/espen-eskaas-og-to-assistenter-uttatt-til-fotball-vm\" data-track-element-type=\"Link\" data-track-id=\"link:ArbP3x\" class=\"_link_145nj_39\" rel=\"nofollow noopener\" target=\"_blank\">tatt ut<\/a> som en av de 52 dommerne til mesterskapet i USA, Mexico og Canada. Det blir det f\u00f8rste fotball-VM for herrer med norsk dommerrepresentasjon siden 2002.<\/p>\n<p class=\"_paragraph_145nj_4 _paragraph_6fko5_10 layout-component text-serif-m layout-normal text-serif-m layout-padded\">\u2013 P\u00e5 den ene siden var det veldig, veldig surrealistisk. P\u00e5 den andre siden var det en f\u00f8lelse av at \u00abvet du hva, dette var fortjent\u00bb. Det var mye eufori, men ogs\u00e5 litt lettelse.<\/p>\n<p>Norske dommere i fotball-VM for herrer<\/p>\n<p class=\"_paragraph_145nj_4 _paragraph_6fko5_10 _paragraph_12fix_11 layout-component text-serif-m layout-normal text-sans-m layout-padded\">Rune Pedersen, Frankrike i 1998: <\/p>\n<ul class=\"_list_145nj_3 _list_6fko5_9 _list_12fix_10 _unordered_145nj_106 layout-component text-serif-m layout-normal text-sans-m layout-padded\">\n<li class=\"_item_145nj_30\">Ledet gruppespillskampen mellom Argentina og Jamaica (5-0 til Argentina) og kvartfinalen mellom Tyskland og Kroatia (3-0 til Kroatia).<\/li>\n<\/ul>\n<p class=\"_paragraph_145nj_4 _paragraph_6fko5_10 _paragraph_12fix_11 layout-component text-serif-m layout-normal text-sans-m layout-padded\">Terje Hauge, Japan og S\u00f8r-Korea i 2002: <\/p>\n<ul class=\"_list_145nj_3 _list_6fko5_9 _list_12fix_10 _unordered_145nj_106 layout-component text-serif-m layout-normal text-sans-m layout-padded\">\n<li class=\"_item_145nj_30\">Gruppespillskampen mellom Kamerun og Saudi-Arabia (1-0 til Kamerun).<\/li>\n<\/ul>\n<p>Vis mer<\/p>\n<p class=\"_paragraph_145nj_4 _paragraph_6fko5_10 layout-component text-serif-m layout-normal text-serif-m layout-padded\">Det var selvf\u00f8lgelig kona Ingrid som fikk beskjeden f\u00f8rst.<\/p>\n<p class=\"_paragraph_145nj_4 _paragraph_6fko5_10 layout-component text-serif-m layout-normal text-serif-m layout-padded\">\u2013 Hun er superraus. Det er jeg som er n\u00f8dt til \u00e5 leve livet mitt ut fra det \u00e5 v\u00e6re fotballdommer p\u00e5 internasjonalt toppniv\u00e5, og hun m\u00e5 noen ganger gi avkall p\u00e5 egne prioriteringer og preferanser.<\/p>\n<p class=\"_paragraph_145nj_4 _paragraph_6fko5_10 layout-component text-serif-m layout-normal text-serif-m layout-padded\">Paret har v\u00e6rt sammen i fem \u00e5r. Denne sommeren blir den fjerde p\u00e5 rad der de tilbringer sommerferien hver for seg.<\/p>\n<p class=\"_paragraph_145nj_4 _paragraph_6fko5_10 layout-component text-serif-m layout-normal text-serif-m layout-padded\">\u2013 Det har v\u00e6rt en reise med mange prioriteringer, ofringer og dedikasjon. Innimellom tenker jeg og lurer litt p\u00e5 om alt jeg styrer med er verdt det, men s\u00e5 st\u00e5r jeg her i dag med en VM-billett \u2013 og da faller liksom alt p\u00e5 plass.<\/p>\n<p>Esk\u00e5s\u2019 karriere<\/p>\n<p class=\"_paragraph_145nj_4 _paragraph_6fko5_10 _paragraph_12fix_11 layout-component text-serif-m layout-normal text-sans-m layout-padded\">Han d\u00f8mte sin f\u00f8rste Eliteseriekamp i 2015, da det het TippeligaenTippeligaenDet gjorde det til og med 2016-sesongen..<\/p>\n<p class=\"_paragraph_145nj_4 _paragraph_6fko5_10 _paragraph_12fix_11 layout-component text-serif-m layout-normal text-sans-m layout-padded\">Siden den gang har han d\u00f8mt flere kamper i Champions League og andre europacupturneringer. Han var ogs\u00e5 med i klubb-VM i USA i fjor.<\/p>\n<p class=\"_paragraph_145nj_4 _paragraph_6fko5_10 _paragraph_12fix_11 layout-component text-serif-m layout-normal text-sans-m layout-padded\">I EM-sluttspillet i 2024 var han fjerdedommer.<\/p>\n<p class=\"_paragraph_145nj_4 _paragraph_6fko5_10 _paragraph_12fix_11 layout-component text-serif-m layout-normal text-sans-m layout-padded\">I OL i 2024 d\u00f8mte han tre kamper, blant dem bronsefinalen.<\/p>\n<p class=\"_paragraph_145nj_4 _paragraph_6fko5_10 _paragraph_12fix_11 layout-component text-serif-m layout-normal text-sans-m layout-padded\">Han har ogs\u00e5 d\u00f8mt b\u00e5de EM- og VM-finaler for aldersbestemte lag.<\/p>\n<p>Vis mer<\/p>\n<p class=\"_paragraph_145nj_4 _paragraph_6fko5_10 layout-component text-serif-m layout-normal text-serif-m layout-padded\">Selv om VM-billetten er sikret, er Esk\u00e5s n\u00f8ye med \u00e5 understreke at ingen dommere er garantert en kamp.<\/p>\n<p class=\"_paragraph_145nj_4 _paragraph_6fko5_10 layout-component text-serif-m layout-normal text-serif-m layout-padded\">\u2013 Jeg er med i en tropp med dommere, s\u00e5 jeg har ikke lyst til \u00e5 bli sitert p\u00e5 at jeg skal d\u00f8mme. Men vi skal prestere n\u00e5r muligheten byr seg, sier han.<\/p>\n<p class=\"_paragraph_145nj_4 _paragraph_6fko5_10 layout-component text-serif-m layout-normal text-serif-m layout-padded\">Beskjeden om hvilke kamper de skal d\u00f8mme, kommer f\u00f8rst et par dager f\u00f8r avspark.<\/p>\n<p class=\"_paragraph_145nj_4 _paragraph_6fko5_10 layout-component text-serif-m layout-normal text-serif-m layout-padded\">I mesterskap er det prestasjonene som teller. Dommere som leverer, f\u00e5r nye kamper. De som ikke gj\u00f8r det, sendes hjem.<\/p>\n<p class=\"_paragraph_145nj_4 _paragraph_6fko5_10 layout-component text-serif-m layout-normal text-serif-m layout-padded\">\u2013 Det er r\u00e5tt og brutalt s\u00e5nn sett.<\/p>\n<p>\u2013 Et stort sjansespill<\/p>\n<p class=\"_paragraph_145nj_4 _paragraph_6fko5_10 layout-component text-serif-m layout-normal text-serif-m layout-padded\">For Esk\u00e5s er VM-billetten resultatet av en elleve \u00e5r lang reise siden debuten i TippeligaenTippeligaenDet som n\u00e5 heter Eliteserien. i 2015.<\/p>\n<p class=\"_paragraph_145nj_4 _paragraph_6fko5_10 layout-component text-serif-m layout-normal text-serif-m layout-padded\">Underveis har han tatt noen valg han selv omtaler som \u00abkontroversielle\u00bb.<\/p>\n<p class=\"_paragraph_145nj_4 _paragraph_6fko5_10 layout-component text-serif-m layout-normal text-serif-m layout-padded\">Han studerte jusjusJus er l\u00e6ren om lover og regler som styrer samfunnet og forholdet mellom mennesker, bedrifter og myndigheter. Et jusstudium er utdanningen der man l\u00e6rer \u00e5 forst\u00e5, tolke og bruke disse lovene i praksis. ved Universitetet i Oslo og hadde nesten fullf\u00f8rt fjerde avdelingfjerde avdelingAv fem., men da hodet stadig oftere vandret bort i fotballtanker, valgte han \u00e5 legge studiene p\u00e5 hylla for \u00e5 satse p\u00e5 dommerkarrieren.<\/p>\n<p class=\"_paragraph_145nj_4 _paragraph_6fko5_10 layout-component text-serif-m layout-normal text-serif-m layout-padded\">\u2013 Det var et t\u00f8ft valg p\u00e5 den tiden. Jeg d\u00f8mte i AdeccoligaenAdeccoligaenTidligere navn p\u00e5 det som i dag heter Obosligaen, den nest h\u00f8yeste divisjonen i norsk fotball. og hadde ingen garantier for \u00e5 lykkes i det hele tatt. Det var et stort sjansespill, sier Esk\u00e5s.<\/p>\n<p class=\"_paragraph_145nj_4 _paragraph_6fko5_10 layout-component text-serif-m layout-normal text-serif-m layout-padded\">Beslutningen ble m\u00f8tt med skepsis av foreldrene.<\/p>\n<p class=\"_paragraph_145nj_4 _paragraph_6fko5_10 layout-component text-serif-m layout-normal text-serif-m layout-padded\">\u2013 Der og da forsto jeg ikke s\u00e5 mye av detdetAt foreldrene var skeptisk til valget hans. , men i ettertid skj\u00f8nner jeg at det var begrunnet i en tanke om at de \u00f8nsket meg det beste. Det \u00e5 satse p\u00e5 noe som er veldig utrygt, s\u00e6rt og rart f\u00f8ltes sikkert spesielt for dem.<\/p>\n<p class=\"_paragraph_145nj_4 _paragraph_6fko5_10 layout-component text-serif-m layout-normal text-serif-m layout-padded\">I dag ser han annerledes p\u00e5 reaksjonene.<\/p>\n<p class=\"_paragraph_145nj_4 _paragraph_6fko5_10 layout-component text-serif-m layout-normal text-serif-m layout-padded\">\u2013 I ettertid forst\u00e5r jeg jo skepsisen deres, og jeg hadde nok tenkt det samme selv hadde jeg v\u00e6rt i deres posisjon.<\/p>\n<p><img alt=\"Foto: Gisle Oddstad \/ VG\" class=\"_image_jw3bv_65 layout-component layout-normal\" data-fullscreen- data-track-element-type=\"Article image fullscreen\" data-track-name=\"ImageFullscreen\" decoding=\"async\" loading=\"lazy\" height=\"5299\" itemprop=\"image\"  src=\"https:\/\/www.europesays.com\/no\/wp-content\/uploads\/2026\/06\/bf6f2106-8f71-3b27-b82d-1bda899f85ee.jpeg\"  style=\"object-position:0% 0%\" width=\"7545\"\/>Foto: Gisle Oddstad \/ VG<\/p>\n<p class=\"_paragraph_145nj_4 _paragraph_6fko5_10 layout-component text-serif-m layout-normal text-serif-m layout-padded\">Senere tok han Sports ManagementSports ManagementEt studieprogram som fokuserer p\u00e5 ledelse og administrasjon innen sportsindustrien. p\u00e5 Norges idrettsh\u00f8gskole. Frem til nylig kombinerte han dommerkarrieren med en fulltidsjobb hos VerifoneVerifoneEt selskap som spesialiserer seg p\u00e5 elektroniske betalingssystemer..<\/p>\n<p class=\"_paragraph_145nj_4 _paragraph_6fko5_10 layout-component text-serif-m layout-normal text-serif-m layout-padded\">De siste \u00e5rene har 150 reised\u00f8gn i \u00e5ret mer eller mindre v\u00e6rt normalen.<\/p>\n<p class=\"_paragraph_145nj_4 _paragraph_6fko5_10 layout-component text-serif-m layout-normal text-serif-m layout-padded\">En vanlig uke kunne best\u00e5 av trening f\u00f8r jobb, arbeid fra 8 til 16, en ny trenings\u00f8kt p\u00e5 ettermiddagen \u2013 og en kampreise midt i uken.<\/p>\n<p class=\"_paragraph_145nj_4 _paragraph_6fko5_10 layout-component text-serif-m layout-normal text-serif-m layout-padded\">F\u00f8r VM ble han og Verifone enige om \u00e5 g\u00e5 hver til sitt. If\u00f8lge Esk\u00e5s var det en l\u00f8sning som passet begge parter.<\/p>\n<p class=\"_paragraph_145nj_4 _paragraph_6fko5_10 layout-component text-serif-m layout-normal text-serif-m layout-padded\">\u2013 For min egen del handler det om \u00e5 ha fullt fokus p\u00e5 VM og slippe \u00e5 v\u00e6re i USA og f\u00f8le at du m\u00e5 koble p\u00e5 Teams-m\u00f8ter og svare p\u00e5 e-post.<\/p>\n<p><img alt=\"Foto: Gisle Oddstad \/ VG\" class=\"_image_jw3bv_65 layout-component layout-normal\" data-fullscreen- data-track-element-type=\"Article image fullscreen\" data-track-name=\"ImageFullscreen\" decoding=\"async\" loading=\"lazy\" height=\"3362\" itemprop=\"image\"  src=\"https:\/\/www.europesays.com\/no\/wp-content\/uploads\/2026\/06\/3d18e030-d2c2-3236-892e-97394940577a.jpeg\"  style=\"object-position:0% 0%\" width=\"4903\"\/>Foto: Gisle Oddstad \/ VGFlere nyvinninger<\/p>\n<p class=\"_paragraph_145nj_4 _paragraph_6fko5_10 layout-component text-serif-m layout-normal text-serif-m layout-padded\">Det er ikke bare varmen som er en forandring i USA.<\/p>\n<p class=\"_paragraph_145nj_4 _paragraph_6fko5_10 layout-component text-serif-m layout-normal text-serif-m layout-padded\">Under VM skal flere omfattende regelendringer testes p\u00e5 den st\u00f8rste scenen i fotballen.<\/p>\n<p class=\"_paragraph_145nj_4 _paragraph_6fko5_10 layout-component text-serif-m layout-normal text-serif-m layout-padded\">Landslagssjef St\u00e5le Solbakken <a href=\"https:\/\/www.vg.no\/sport\/i\/5pLdbK\/landslagssjef-staale-solbakken-angriper-nye-var-regler-i-vm-jeg-vil-ha-bort-alt-det-der\" data-track-element-type=\"Link\" data-track-id=\"link:5pLdbK\" class=\"_link_145nj_39\" rel=\"nofollow noopener\" target=\"_blank\">er kritisk<\/a> til flere av grepene. Blant annet f\u00e5r VARVARVAR st\u00e5r for &laquo;Video Assistant Referee&raquo; og er et system som bruker videoopptak for \u00e5 hjelpe dommere med \u00e5 ta avgj\u00f8relser i fotballkamper. n\u00e5 mulighet til \u00e5 gripe inn ved feilaktig tildelte hj\u00f8rnespark og ved feilaktige gule kort nummer to \u2013 som sender en spiller i garderoben.<\/p>\n<p>I tillegg kommer det en rekke andre regler:<\/p>\n<ul class=\"_list_145nj_3 _list_6fko5_9 _list_12fix_10 _unordered_145nj_106 layout-component text-serif-m layout-normal text-sans-m layout-padded\">\n<li class=\"_item_145nj_30\">Nedtelling p\u00e5 utspark fra keeper, innkast og bytter. Bruker spillerne for lang tid, g\u00e5r ballen til motstanderen \u2013 for eksempel hvis et innkast g\u00e5r motsatt vei.<\/li>\n<li class=\"_item_145nj_30\">Spillere som byttes ut, m\u00e5 forlate banen innen ti sekunder. Hvis det ikke skjer, f\u00e5r ikke innbytteren komme inn umiddelbart. Laget m\u00e5 da spille med \u00e9n mann mindre i minst 60 sekunder \u2013 og til ballen neste gang er ute av spill.<\/li>\n<li class=\"_item_145nj_30\">Skadde spillere m\u00e5 holde seg utenfor banen dobbelt s\u00e5 lenge som f\u00f8r \u2013 ett minutt i stedet for 30 sekunder.<\/li>\n<\/ul>\n<p>Vis mer<\/p>\n<p class=\"_paragraph_145nj_4 _paragraph_6fko5_10 layout-component text-serif-m layout-normal text-serif-m layout-padded\">\u2013 Jeg tror f\u00f8rst og fremst at dette er noen positive regelendringer, mener Esk\u00e5s.<\/p>\n<p class=\"_paragraph_145nj_4 _paragraph_6fko5_10 layout-component text-serif-m layout-normal text-serif-m layout-padded\">\u2013 Hva blir den st\u00f8rste forskjellen som publikum og TV-seerne kommer til \u00e5 merke?<\/p>\n<p class=\"_paragraph_145nj_4 _paragraph_6fko5_10 layout-component text-serif-m layout-normal text-serif-m layout-padded\">\u2013 En dommer som jager i gang spillet, for det er kanskje den st\u00f8rste delen av regelendringene. Form\u00e5let med de reglene som kommer, er \u00e5 fjerne tidstyver og f\u00e5 mye mer effektiv spilletid.<\/p>\n<p class=\"_paragraph_145nj_4 _paragraph_6fko5_10 layout-component text-serif-m layout-normal text-serif-m layout-padded\">Men det er ikke det eneste nye som m\u00f8ter seerne i sommer.<\/p>\n<p class=\"_paragraph_145nj_4 _paragraph_6fko5_10 layout-component text-serif-m layout-normal text-serif-m layout-padded\">For f\u00f8rste gang skal VM-dommerne ogs\u00e5 utstyres med \u00abRef Cam\u00bb \u2013 et lite kamera festet ved \u00f8ret som gir publikum innblikk i dommerens perspektiv.<\/p>\n<p><img decoding=\"async\" alt=\"Bilde av Ref Cam\" class=\"_image_148z4_25\" height=\"43\" itemprop=\"image\" loading=\"lazy\"  src=\"https:\/\/www.europesays.com\/no\/wp-content\/uploads\/2026\/06\/bd6fa4a2-a044-322d-95d0-6b8aa0a62501.jpeg\"  width=\"40\"\/><strong class=\"_name_148z4_34 title-serif-xs\">Ref Cam<\/strong><\/p>\n<p class=\"_paragraph_145nj_4 text-sans-m _description_148z4_39\">P\u00e5 dommer Wilton Sampaio i \u00e5pningskampen mellom Mexico og S\u00f8r-Afrika.<\/p>\n<p class=\"_paragraph_145nj_4 _paragraph_6fko5_10 layout-component text-serif-m layout-normal text-serif-m layout-padded\">\u2013 For min egen del blir det f\u00f8lelsen av \u00e5 v\u00e6re litt s\u00e5nn RoboCop, med veldig mange duppeditter og ledninger.<\/p>\n<p><img decoding=\"async\" alt=\"Bilde av RoboCop\" class=\"_image_148z4_25\" height=\"44\" itemprop=\"image\" loading=\"lazy\"  src=\"https:\/\/www.europesays.com\/no\/wp-content\/uploads\/2026\/06\/adb307af-0e2b-3f43-9ac1-133254095c05.jpeg\"  width=\"40\"\/><strong class=\"_name_148z4_34 title-serif-xs\">RoboCop<\/strong><\/p>\n<p class=\"_paragraph_145nj_4 text-sans-m _description_148z4_39\">En ikonisk filmfigur som er halvt menneske og halvt maskin.<\/p>\n<p class=\"_paragraph_145nj_4 _paragraph_6fko5_10 layout-component text-serif-m layout-normal text-serif-m layout-padded\">\u2013 S\u00e5 f\u00e5r vi dommerne bare akseptere at vi er et instrument i fotballfamilien for \u00e5 \u00f8ke muligheten for gode TV-bilder, gliser han.<\/p>\n<p class=\"_paragraph_145nj_4 _paragraph_6fko5_10 layout-component text-serif-m layout-normal text-serif-m layout-padded\">Se hvordan det s\u00e5 ut og h\u00f8rtes ut gjennom dommer Deniz Aytekins kamera da han d\u00f8mte Antonio Nusas Leipzig mot Stuttgart:<\/p>\n<p class=\"_paragraph_145nj_4 _paragraph_6fko5_10 layout-component text-serif-m layout-normal text-serif-m layout-padded\">Elleve \u00e5r etter Eliteserie-debuten har han n\u00e5dd det st\u00f8rste en fotballdommer kan dr\u00f8mme om.<\/p>\n<p class=\"_paragraph_145nj_4 _paragraph_6fko5_10 layout-component text-serif-m layout-normal text-serif-m layout-padded\">N\u00e5r han l\u00f8per ut p\u00e5 en VM-arena med kamera p\u00e5 kroppen og millioner av TV-seere f\u00f8lger med, er m\u00e5let fortsatt det samme som alltid:<\/p>\n<p class=\"_paragraph_145nj_4 _paragraph_6fko5_10 layout-component text-serif-m layout-normal text-serif-m layout-padded\">\u00c5 se riktig. \u00c5 d\u00f8mme riktig. Og helst ikke bli hovedpersonen.<\/p>\n","protected":false},"excerpt":{"rendered":"Espen Esk\u00e5s (37) droppet et nesten fullf\u00f8rt jusstudium for \u00e5 satse p\u00e5 dommerkarriere. N\u00e5 skal han d\u00f8mme i&hellip;\n","protected":false},"author":2,"featured_media":264484,"comment_status":"","ping_status":"","sticky":false,"template":"","format":"standard","meta":{"footnotes":"","_share_on_mastodon":"0"},"categories":[59],"tags":[134,20159,4472,30,28,29,23079,83,82,23078],"class_list":["post-264483","post","type-post","status-publish","format-standard","has-post-thumbnail","category-sport","tag-eliteserien","tag-espen-eskas","tag-fotball-vm","tag-no","tag-norge","tag-norway","tag-rune-pedersen","tag-sport","tag-sports","tag-terje-hauge"],"share_on_mastodon":{"url":"https:\/\/pubeurope.com\/@no\/116738564779581907","error":""},"_links":{"self":[{"href":"https:\/\/www.europesays.com\/no\/wp-json\/wp\/v2\/posts\/264483","targetHints":{"allow":["GET"]}}],"collection":[{"href":"https:\/\/www.europesays.com\/no\/wp-json\/wp\/v2\/posts"}],"about":[{"href":"https:\/\/www.europesays.com\/no\/wp-json\/wp\/v2\/types\/post"}],"author":[{"embeddable":true,"href":"https:\/\/www.europesays.com\/no\/wp-json\/wp\/v2\/users\/2"}],"replies":[{"embeddable":true,"href":"https:\/\/www.europesays.com\/no\/wp-json\/wp\/v2\/comments?post=264483"}],"version-history":[{"count":0,"href":"https:\/\/www.europesays.com\/no\/wp-json\/wp\/v2\/posts\/264483\/revisions"}],"wp:featuredmedia":[{"embeddable":true,"href":"https:\/\/www.europesays.com\/no\/wp-json\/wp\/v2\/media\/264484"}],"wp:attachment":[{"href":"https:\/\/www.europesays.com\/no\/wp-json\/wp\/v2\/media?parent=264483"}],"wp:term":[{"taxonomy":"category","embeddable":true,"href":"https:\/\/www.europesays.com\/no\/wp-json\/wp\/v2\/categories?post=264483"},{"taxonomy":"post_tag","embeddable":true,"href":"https:\/\/www.europesays.com\/no\/wp-json\/wp\/v2\/tags?post=264483"}],"curies":[{"name":"wp","href":"https:\/\/api.w.org\/{rel}","templated":true}]}}