{"id":26450,"date":"2025-09-04T04:25:09","date_gmt":"2025-09-04T04:25:09","guid":{"rendered":"https:\/\/www.europesays.com\/no\/26450\/"},"modified":"2025-09-04T04:25:09","modified_gmt":"2025-09-04T04:25:09","slug":"to-personer-omkom-i-trafikkulykke-med-tre-biler","status":"publish","type":"post","link":"https:\/\/www.europesays.com\/no\/26450\/","title":{"rendered":"To personer omkom i trafikkulykke med tre biler"},"content":{"rendered":"\n<p class=\"_lead_ew2ao_2 _lead_xtcu6_50 layout-component text-serif-m layout-normal text-serif-l layout-component layout-wide layout-padded _wide_17hqh_1 layout-padded\">To personer mistet livet i en trafikkulykke p\u00e5 E10 ved Gims\u00f8ybrua i V\u00e5gan kommune i Lofoten natt til torsdag.<\/p>\n<p>Aktiver kart<\/p>\n<ul aria-hidden=\"true\" class=\"_images_1y6fe_106\">\n<li><a class=\"_link_1y6fe_111\" href=\"https:\/\/www.vg.no\/forfatter\/kari-aarstad-aase\" style=\"z-index:1\" title=\"Kari Aarstad Aase\" rel=\"nofollow noopener\" target=\"_blank\"><img alt=\"Bilde av Kari Aarstad Aase\" class=\"_image_1y6fe_88\" fetchpriority=\"low\" loading=\"lazy\" decoding=\"async\" itemprop=\"image\"  src=\"https:\/\/www.europesays.com\/no\/wp-content\/uploads\/2025\/09\/1756959907_573_0dbde33e-6d8e-4680-8e4f-e2a64281e2b8\"  width=\"480\"\/><\/a><\/li>\n<\/ul>\n<p> Oppdatert torsdag 4. september kl. 05:29     <\/p>\n<p class=\"_paragraph_ew2ao_4 _paragraph_xtcu6_10 layout-component text-serif-m layout-normal text-serif-m layout-padded\">Tre biler med fem personer er involvert i ulykken. <\/p>\n<p class=\"_paragraph_ew2ao_4 _paragraph_xtcu6_10 layout-component text-serif-m layout-normal text-serif-m layout-padded\">\u2013 To personer ble bekreftet omkommet p\u00e5 stedet, opplyser operasjonsleder May Wenche Hansen i Nordland politidistrikt .<\/p>\n<p class=\"_paragraph_ew2ao_4 _paragraph_xtcu6_10 layout-component text-serif-m layout-normal text-serif-m layout-padded\"> kl. 01.03 mottok politiet melding om en trafikkulykke rett s\u00f8r for Gims\u00f8ybrua i <a href=\"https:\/\/www.vg.no\/tag\/vaagan?utm_source=vg-article&amp;utm_medium=auto-tagger&amp;utm_campaign=mPkOLl\" class=\"_link_ew2ao_39\" rel=\"nofollow noopener\" target=\"_blank\">V\u00e5gan<\/a> kommune. Tre personbiler med totalt fem personer var involvert i ulykken. N\u00f8detatene samt redningshelikopter fra Bod\u00f8 og Luftambulansen fra Harstad ble omg\u00e5ende sendt til ulykkesstedet.<\/p>\n<p class=\"_paragraph_ew2ao_4 _paragraph_xtcu6_10 layout-component text-serif-m layout-normal text-serif-m layout-padded\">\u2013 \u00a0Dessverre ble to personer bekreftet omkommet p\u00e5 stedet, sier Hansen.<\/p>\n<p class=\"_paragraph_ew2ao_4 _paragraph_xtcu6_10 layout-component text-serif-m layout-normal text-serif-m layout-padded\"> De p\u00e5r\u00f8rende er varslet. <\/p>\n<p class=\"_paragraph_ew2ao_4 _paragraph_xtcu6_10 layout-component text-serif-m layout-normal text-serif-m layout-padded\">De tre andre involverte er tatt h\u00e5nd om av helse.<\/p>\n<p class=\"_paragraph_ew2ao_4 _paragraph_xtcu6_10 layout-component text-serif-m layout-normal text-serif-m layout-padded\">Ulykken har skjedd i en 80 sone. En personbil ligger p\u00e5 taket, meldte politiet ved ankomst til ulykkesstedet natt til torsdag. <\/p>\n<p class=\"_paragraph_ew2ao_4 _paragraph_xtcu6_10 layout-component text-serif-m layout-normal text-serif-m layout-padded\">Politiet har gjennom natten jobbet p\u00e5 ulykkesstedet med taktiske og tekniske unders\u00f8kelser. Ulykkesgruppen til statens vegvesen er varslet og vil ankomme ulykkesstedet i l\u00f8pet av dagen. <\/p>\n<p class=\"_paragraph_ew2ao_4 _paragraph_xtcu6_10 layout-component text-serif-m layout-normal text-serif-m layout-padded\">Den vel 800 meter lange Gims\u00f8ybrua er en del av E10 og krysser Gims\u00f8ystraumen mellom Austv\u00e5g\u00f8ya og Gims\u00f8ya i Lofoten.<\/p>\n<p class=\"_paragraph_ew2ao_4 _paragraph_xtcu6_10 layout-component text-serif-m layout-normal text-serif-m layout-padded\">Ulykken skal ha skjedd i svingen rett f\u00f8r man kj\u00f8rer ut p\u00e5 broen.<\/p>\n<p class=\"_paragraph_ew2ao_4 _paragraph_xtcu6_10 layout-component text-serif-m layout-normal text-serif-m layout-padded\">E10 vil bli stengt i perioder, n\u00e5r ulykkesgruppen og politiet skal gj\u00f8re sine unders\u00f8kelser.<\/p>\n<p>    <img decoding=\"async\" alt=\"Tips oss illustrasjon\" width=\"62px\" height=\"auto\" src=\"https:\/\/www.europesays.com\/no\/wp-content\/uploads\/2025\/08\/1754784428_95_W9avJzE.png\"\/>    <\/p>\n<p class=\"title-serif-s\">Har du tips til oss?<\/p>\n<p class=\"text-sans-m\">Send oss informasjon, bilder eller video<\/p>\n<p>  <a href=\"https:\/\/www.vg.no\/tips-oss\" rel=\"nofollow noopener\" target=\"_blank\"> Tips oss <\/a>      <\/p>\n","protected":false},"excerpt":{"rendered":"To personer mistet livet i en trafikkulykke p\u00e5 E10 ved Gims\u00f8ybrua i V\u00e5gan kommune i Lofoten natt til&hellip;\n","protected":false},"author":2,"featured_media":26451,"comment_status":"","ping_status":"","sticky":false,"template":"","format":"standard","meta":{"footnotes":""},"categories":[10],"tags":[31,20,21,2100,24,25,15,22,23,803,13,30,3657,28,29,14,16,26,27,1459],"class_list":{"0":"post-26450","1":"post","2":"type-post","3":"status-publish","4":"format-standard","5":"has-post-thumbnail","7":"category-norge","8":"tag-breaking","9":"tag-breaking-news","10":"tag-breakingnews","11":"tag-e10","12":"tag-featured-news","13":"tag-featurednews","14":"tag-headlines","15":"tag-latest-news","16":"tag-latestnews","17":"tag-lofoten","18":"tag-news","19":"tag-no","20":"tag-nordland-politidistrikt","21":"tag-norge","22":"tag-norway","23":"tag-nyheter","24":"tag-overskrifter","25":"tag-top-stories","26":"tag-topstories","27":"tag-vagan"},"share_on_mastodon":{"url":"","error":""},"_links":{"self":[{"href":"https:\/\/www.europesays.com\/no\/wp-json\/wp\/v2\/posts\/26450","targetHints":{"allow":["GET"]}}],"collection":[{"href":"https:\/\/www.europesays.com\/no\/wp-json\/wp\/v2\/posts"}],"about":[{"href":"https:\/\/www.europesays.com\/no\/wp-json\/wp\/v2\/types\/post"}],"author":[{"embeddable":true,"href":"https:\/\/www.europesays.com\/no\/wp-json\/wp\/v2\/users\/2"}],"replies":[{"embeddable":true,"href":"https:\/\/www.europesays.com\/no\/wp-json\/wp\/v2\/comments?post=26450"}],"version-history":[{"count":0,"href":"https:\/\/www.europesays.com\/no\/wp-json\/wp\/v2\/posts\/26450\/revisions"}],"wp:featuredmedia":[{"embeddable":true,"href":"https:\/\/www.europesays.com\/no\/wp-json\/wp\/v2\/media\/26451"}],"wp:attachment":[{"href":"https:\/\/www.europesays.com\/no\/wp-json\/wp\/v2\/media?parent=26450"}],"wp:term":[{"taxonomy":"category","embeddable":true,"href":"https:\/\/www.europesays.com\/no\/wp-json\/wp\/v2\/categories?post=26450"},{"taxonomy":"post_tag","embeddable":true,"href":"https:\/\/www.europesays.com\/no\/wp-json\/wp\/v2\/tags?post=26450"}],"curies":[{"name":"wp","href":"https:\/\/api.w.org\/{rel}","templated":true}]}}