{"id":26463,"date":"2025-09-04T05:03:10","date_gmt":"2025-09-04T05:03:10","guid":{"rendered":"https:\/\/www.europesays.com\/no\/26463\/"},"modified":"2025-09-04T05:03:10","modified_gmt":"2025-09-04T05:03:10","slug":"kultur-krim-na-far-alle-muligheten-etter-op-saken-tikket-henvendelsene-inn","status":"publish","type":"post","link":"https:\/\/www.europesays.com\/no\/26463\/","title":{"rendered":"Kultur, Krim | N\u00e5 f\u00e5r alle muligheten: \u2013 Etter \u00d8P-saken tikket henvendelsene inn"},"content":{"rendered":"\n<p><b>\u2013 Det tok ikke lang tid fra saken sto i \u00d8stlands-Posten til det begynte \u00e5 tikke inn meldinger p\u00e5 telefonen min. \u00abOndt Blod p\u00e5 Torstrand\u00bb er en film mange i Larvik \u00f8nsker \u00e5 f\u00e5 med seg. N\u00e5 viser vi den, sier kinosjef i B\u00f8lgen, Anne Marte Espeseth.<\/b><\/p>\n<p>Til filmskaperne, Stian Ayres&#8217; og Bj\u00f8rn \u00c5ge H\u00f8glunds, store glede, skal spillefilmen de har brukt seks \u00e5r p\u00e5 \u00e5 lage, endelig vises fram til det konvensjonelle kinopublikummet i Larvik.<\/p>\n<p><b>\u2013 Visninger i B\u00f8lgen er noe Bj\u00f8rn \u00c5ge og jeg lenge har fantasert om. I gledesrus har jeg til og med printet ut kinobilletten. Den skal inn i glass og ramme, sier en forn\u00f8yd Stian Ayres p\u00e5 telefon.<\/b><\/p>\n<p>   <img decoding=\"async\" width=\"4722\" height=\"3355\" fetchpriority=\"low\"  loading=\"lazy\"  src=\"https:\/\/www.europesays.com\/no\/wp-content\/uploads\/2025\/09\/film+kinosjef.jpg\" alt=\"\" class=\"brick-c-cFOWSL\" style=\"--brick-image-ratio: 4722 \/ 3355;\"\/><\/p>\n<p>    MANGE HENVENDELSER: \u2013 Etter at saken om filmen sto p\u00e5 trykk i \u00d8stlands-Posten, var det mange som henvendte seg og ville se den, forteller kinosjef Anne Marte Espeseth.<br \/>\n    Foto: Frank Johansen\n  <\/p>\n<p>  Tre visninger<\/p>\n<p>Kinosjefen forteller at filmen i f\u00f8rste omgang er satt opp med tre visninger. Premieren vil g\u00e5 av stabelen torsdag 11. september.<\/p>\n<p><b>\u2013 Vi gj\u00f8r litt ekstra ut av premieren. Da ruller vi ut den r\u00f8de l\u00f8peren og introduserer litt i forkant av visningen, sier hun.<\/b><\/p>\n<p>If\u00f8lge Espeseth er det allerede solgt bra med billetter til den f\u00f8rste kvelden.<\/p>\n<p>\u2013 Dette er skikkelig g\u00f8y. Vi er en kino for innbyggerne v\u00e5re, og lokale initiativ som dette er ekstra moro, p\u00e5peker hun.<\/p>\n<p>   <img decoding=\"async\" width=\"5712\" height=\"4284\" fetchpriority=\"low\"  loading=\"lazy\"  src=\"https:\/\/www.europesays.com\/no\/wp-content\/uploads\/2025\/09\/film+hoved.jpg\" alt=\"\" class=\"brick-c-cFOWSL\" style=\"--brick-image-ratio: 5712 \/ 4284;\"\/><\/p>\n<p>    SAMHOLD: I seks \u00e5r har Stian Ayres og Bj\u00f8rn \u00c5ge H\u00f8glund st\u00e5tt p\u00e5 hodet for \u00e5 ferdigstille \u00abgangstersagaen\u00bb der handlingen er lagt til Torstrands gater. \u2013 Dypest sett handler filmen fra den \u00abpengelense gettoen\u00bb om samhold og mangfold, forklarer Ayres.<br \/>\n    Foto: Frank Johansen\n  <\/p>\n<p>  Filmen forlater \u00abgettoen\u00bb<\/p>\n<p><b>Stian Ayres forteller at han er veldig spent p\u00e5 hvordan filmen, som er spekket med skr\u00e5blikk og svart humor, vil bli tatt imot av et publikum utenfor \u00abgettoen\u00bb. <\/b><\/p>\n<p>\u2013 Den inneholder en del \u00abinternt opplegg\u00bb, men jeg b\u00e5de h\u00e5per og tror at folk flest vil kjenne seg igjen i mye av det. Mitt \u00f8nske er at publikum f\u00f8rst og fremst vil kose seg, men ogs\u00e5 at de kan se litt forbi noen av de tekniske og dramaturgiske utfordringene vi har st\u00e5tt i. Filmen er tross alt laget p\u00e5 fritiden og uten budsjett, understreker han.<\/p>\n<p>  <a href=\"https:\/\/www.op.no\/5-36-1812430\" class=\"related-teaser has-image default-story-teaser article--c-eRUmMG article--c-eRUmMG-jKCPdD-design-default\" rel=\"nofollow noopener\" target=\"_blank\"><\/p>\n<p>    <img decoding=\"async\" loading=\"lazy\"  src=\"https:\/\/www.europesays.com\/no\/wp-content\/uploads\/2025\/09\/Skjermbilde+2025-08-18+173525.png\" alt=\"\" class=\"brick-c-cFOWSL\" style=\"\"\/><\/p>\n<p>\n            Les ogs\u00e5<\/p>\n<p>              Skulle lage kortfilm fra Torstrand: \u2013 Ballet p\u00e5 seg underveis\n        <\/p>\n<p>  <\/a><\/p>\n<p>Stian Ayres avslutter med \u00e5 takke alle \u00ablokale helter\u00bb som har deltatt i produksjonen, og retter samtidig en stor takk til kinosjefen i B\u00f8lgen, Anne Marte Espeseth.<\/p>\n<p>   <img decoding=\"async\" width=\"4960\" height=\"3060\" fetchpriority=\"low\"  loading=\"lazy\"  src=\"https:\/\/www.europesays.com\/no\/wp-content\/uploads\/2025\/09\/ondt+blod+1.JPG\" alt=\"\" class=\"brick-c-cFOWSL\" style=\"--brick-image-ratio: 4960 \/ 3060;\"\/><\/p>\n<p>    PREMIERE: Torsdag 11. september kan alle se den lokale gangstersagaen i B\u00f8lgen.<br \/>\n    Foto: Skjermdump\n  <\/p>\n<p>  <a href=\"https:\/\/www.op.no\/5-36-1819815\" class=\"related-teaser default-story-teaser article--c-eRUmMG article--c-eRUmMG-jKCPdD-design-default article--c-eRUmMG-kpKLOW-cv\" rel=\"nofollow noopener\" target=\"_blank\"><\/p>\n<p>\n            Les ogs\u00e5<\/p>\n<p>              Politiet ber om hjelp: \u2013 Vi trenger alle gode krefter\n        <\/p>\n<p>  <\/a><\/p>\n","protected":false},"excerpt":{"rendered":"\u2013 Det tok ikke lang tid fra saken sto i \u00d8stlands-Posten til det begynte \u00e5 tikke inn meldinger&hellip;\n","protected":false},"author":2,"featured_media":26464,"comment_status":"","ping_status":"","sticky":false,"template":"","format":"standard","meta":{"footnotes":""},"categories":[58],"tags":[36,71,460,983,410,113,30,28,29,14,1510,1283,72],"class_list":{"0":"post-26463","1":"post","2":"type-post","3":"status-publish","4":"format-standard","5":"has-post-thumbnail","7":"category-underholdning","8":"tag-art","9":"tag-entertainment","10":"tag-film","11":"tag-krim","12":"tag-kultur","13":"tag-larvik","14":"tag-no","15":"tag-norge","16":"tag-norway","17":"tag-nyheter","18":"tag-story","19":"tag-torstrand","20":"tag-underholdning"},"share_on_mastodon":{"url":"","error":""},"_links":{"self":[{"href":"https:\/\/www.europesays.com\/no\/wp-json\/wp\/v2\/posts\/26463","targetHints":{"allow":["GET"]}}],"collection":[{"href":"https:\/\/www.europesays.com\/no\/wp-json\/wp\/v2\/posts"}],"about":[{"href":"https:\/\/www.europesays.com\/no\/wp-json\/wp\/v2\/types\/post"}],"author":[{"embeddable":true,"href":"https:\/\/www.europesays.com\/no\/wp-json\/wp\/v2\/users\/2"}],"replies":[{"embeddable":true,"href":"https:\/\/www.europesays.com\/no\/wp-json\/wp\/v2\/comments?post=26463"}],"version-history":[{"count":0,"href":"https:\/\/www.europesays.com\/no\/wp-json\/wp\/v2\/posts\/26463\/revisions"}],"wp:featuredmedia":[{"embeddable":true,"href":"https:\/\/www.europesays.com\/no\/wp-json\/wp\/v2\/media\/26464"}],"wp:attachment":[{"href":"https:\/\/www.europesays.com\/no\/wp-json\/wp\/v2\/media?parent=26463"}],"wp:term":[{"taxonomy":"category","embeddable":true,"href":"https:\/\/www.europesays.com\/no\/wp-json\/wp\/v2\/categories?post=26463"},{"taxonomy":"post_tag","embeddable":true,"href":"https:\/\/www.europesays.com\/no\/wp-json\/wp\/v2\/tags?post=26463"}],"curies":[{"name":"wp","href":"https:\/\/api.w.org\/{rel}","templated":true}]}}