{"id":264707,"date":"2026-06-12T23:27:14","date_gmt":"2026-06-12T23:27:14","guid":{"rendered":"https:\/\/www.europesays.com\/no\/264707\/"},"modified":"2026-06-12T23:27:14","modified_gmt":"2026-06-12T23:27:14","slug":"hemnes-rossaga-vegvesenet-botelagt-for-a-ha-fjernet-skog-langs-e6","status":"publish","type":"post","link":"https:\/\/www.europesays.com\/no\/264707\/","title":{"rendered":"Hemnes, R\u00f8ss\u00e5ga | Vegvesenet b\u00f8telagt for \u00e5 ha fjernet skog langs E6"},"content":{"rendered":"\n<p>Det melder Norges vassdrags- og energidirektorat (NVE) i en pressemelding.<\/p>\n<p>\u00c5rsaken til overtredelsesgebyret er at veivesenet har fjernet kantvegetasjon p\u00e5 en 600 meter lang strekning langs vassdraget R\u00f8ss\u00e5ga i Hemnes kommune, uten tillatelse. Hogsten skjedde h\u00f8sten 2024.<\/p>\n<p>R\u00f8ss\u00e5ga er et viktig laksevassdrag som renner ut i S\u00f8rfjorden, som igjen er en del av den nasjonale laksefjorden Ranfjorden. For \u00e5 fjerne kantvegetasjon i vesentlig omfang, m\u00e5 det sendes s\u00f8knad til Statsforvalteren.<\/p>\n<p>\u2013 Vannressursloven stiller krav om at grunneier og andre som gj\u00f8r tiltak i og langs vassdrag skal s\u00f8rge for \u00e5 opprettholde en kantvegetasjonssone som gir levested for planter og dyr. Er det behov for \u00e5 fjerne tr\u00e6r og busker som vil p\u00e5virke den \u00f8kologiske funksjonen, er tiltaket s\u00f8knadspliktig, sier Mari Hegg Gundersen, seksjonssjef i NVE.<\/p>\n<p>Vegvesenet erkjenner \u00e5 ha fjernet skogen uten tillatelse, men understreker at de pleier \u00e5 s\u00f8ke om dette.<\/p>\n<p>   <img decoding=\"async\" width=\"4000\" height=\"3000\" fetchpriority=\"low\"  loading=\"lazy\"  src=\"https:\/\/www.europesays.com\/no\/wp-content\/uploads\/2026\/06\/1781306834_424_unnamed.jpg\" alt=\"\" class=\"brick-c-cFOWSL\" style=\"--brick-image-ratio: 4000 \/ 3000;\"\/><\/p>\n<p>      Organisasjonen Levende Skog varslet om hogsten til Statsforvalteren. Bildet er fra oktober 2024.<br \/>\n      Foto: Tage Vedal\n    <\/p>\n<p>NVE ble gjort oppmerksom p\u00e5 hogsten av Statsforvalteren i Nordland, som igjen ble tipset av publikum. Til Rana Blad opplyser Tage Vedal, styreleder for organisasjonen Levende Skog, at det er de som st\u00e5r bak dokumentasjonen og klagen.<\/p>\n<p>\u2013 Vi har fokus p\u00e5 blant annet kantsoner, som egentlig skal ha strengt vern i henhold til Vannressursloven. Vi kommer til \u00e5 fortsette \u00e5 dokumentere og melde inn flere slike inngrep, som det dessverre ikke er noen mangel p\u00e5, sier Vedal.<\/p>\n<p>Ogs\u00e5 Oslo kommune er ilagt 400.000 i gebyr etter \u00e5 ha hogget ned kantvegetasjon uten tillatelse ved Verkenselva i Asker kommune. Elva er vernet som en del av Oslomarkvassdragene, og det er registrert truede arter i elva, samtidig som hogsten er foretatt i naturtyper med h\u00f8y verdi.<\/p>\n","protected":false},"excerpt":{"rendered":"Det melder Norges vassdrags- og energidirektorat (NVE) i en pressemelding. \u00c5rsaken til overtredelsesgebyret er at veivesenet har fjernet&hellip;\n","protected":false},"author":2,"featured_media":264708,"comment_status":"","ping_status":"","sticky":false,"template":"","format":"standard","meta":{"footnotes":"","_share_on_mastodon":"0"},"categories":[10],"tags":[36,20,21,24,25,15,3413,23094,22,23,1744,13,30,28,29,954,14,16,23093,1899,1510,26,27],"class_list":["post-264707","post","type-post","status-publish","format-standard","has-post-thumbnail","category-norge","tag-art","tag-breaking-news","tag-breakingnews","tag-featured-news","tag-featurednews","tag-headlines","tag-hemnes","tag-hogst","tag-latest-news","tag-latestnews","tag-natur-og-miljo","tag-news","tag-no","tag-norge","tag-norway","tag-nve","tag-nyheter","tag-overskrifter","tag-rossaga","tag-statens-vegvesen","tag-story","tag-top-stories","tag-topstories"],"share_on_mastodon":{"url":"https:\/\/pubeurope.com\/@no\/116739732489347206","error":""},"_links":{"self":[{"href":"https:\/\/www.europesays.com\/no\/wp-json\/wp\/v2\/posts\/264707","targetHints":{"allow":["GET"]}}],"collection":[{"href":"https:\/\/www.europesays.com\/no\/wp-json\/wp\/v2\/posts"}],"about":[{"href":"https:\/\/www.europesays.com\/no\/wp-json\/wp\/v2\/types\/post"}],"author":[{"embeddable":true,"href":"https:\/\/www.europesays.com\/no\/wp-json\/wp\/v2\/users\/2"}],"replies":[{"embeddable":true,"href":"https:\/\/www.europesays.com\/no\/wp-json\/wp\/v2\/comments?post=264707"}],"version-history":[{"count":0,"href":"https:\/\/www.europesays.com\/no\/wp-json\/wp\/v2\/posts\/264707\/revisions"}],"wp:featuredmedia":[{"embeddable":true,"href":"https:\/\/www.europesays.com\/no\/wp-json\/wp\/v2\/media\/264708"}],"wp:attachment":[{"href":"https:\/\/www.europesays.com\/no\/wp-json\/wp\/v2\/media?parent=264707"}],"wp:term":[{"taxonomy":"category","embeddable":true,"href":"https:\/\/www.europesays.com\/no\/wp-json\/wp\/v2\/categories?post=264707"},{"taxonomy":"post_tag","embeddable":true,"href":"https:\/\/www.europesays.com\/no\/wp-json\/wp\/v2\/tags?post=264707"}],"curies":[{"name":"wp","href":"https:\/\/api.w.org\/{rel}","templated":true}]}}