{"id":26478,"date":"2025-09-04T05:35:10","date_gmt":"2025-09-04T05:35:10","guid":{"rendered":"https:\/\/www.europesays.com\/no\/26478\/"},"modified":"2025-09-04T05:35:10","modified_gmt":"2025-09-04T05:35:10","slug":"ulykke-dodsulykke-i-natt-to-omkom-i-trafikkulykke-pa-e10","status":"publish","type":"post","link":"https:\/\/www.europesays.com\/no\/26478\/","title":{"rendered":"Ulykke, D\u00f8dsulykke | I natt: To omkom i trafikkulykke p\u00e5 E10"},"content":{"rendered":"\n<p>Klokken 01.03 mottok politiet melding om en trafikkulykke P\u00c5 E10 rett s\u00f8r for Gims\u00f8ybrua i V\u00e5gan kommune i Lofoten.<\/p>\n<p>Tre personbiler med totalt fem personer var involvert i ulykken. N\u00f8detatene samt redningshelikopter fra Bod\u00f8 og Luftambulansen fra Harstad ble omg\u00e5ende sendt til ulykkesstedet.<\/p>\n<p>   <img decoding=\"async\" width=\"4032\" height=\"3024\" fetchpriority=\"low\"  loading=\"lazy\"  src=\"https:\/\/www.europesays.com\/no\/wp-content\/uploads\/2025\/09\/1756964110_545_IMG_8239.jpg\" alt=\"\" class=\"brick-c-cFOWSL\" style=\"--brick-image-ratio: 4032 \/ 3024;\"\/><\/p>\n<p>    ULYKKE: Totalt fem personer og tre biler var involvert i ulykken.<br \/>\n    Foto: Bj\u00f8rnar Larsen\n  <\/p>\n<p>\u2013 Dessverre ble to personer bekreftet omkommet p\u00e5 stedet. De p\u00e5r\u00f8rende er varslet. De tre andre involverte er tatt h\u00e5nd om av helse, forteller operasjonsleder ved politiet i Nordland, May-Wenche Hansen.<\/p>\n<p>Alle de involverte er norske statsborgere.<\/p>\n<p>Skadeomfanget til de tre andre er ukjent. \u00c9n person ble fl\u00f8yet til Nordlandssykehuset i Bod\u00f8 og to ble kj\u00f8rt til sykehuset p\u00e5 Gravdal, forteller politiet.<\/p>\n<p>Artikkelen fortsetter under kartet.<\/p>\n<p>\u2013 Politiet har gjennom natten jobbet p\u00e5 ulykkesstedet med taktiske og tekniske unders\u00f8kelser. Ulykkesgruppen til Statens vegvesen er varslet og vil ankomme ulykkesstedet i l\u00f8pet av dagen, forteller Hansen videre.<\/p>\n<p>Klokken 06.10 ble E10 \u00e5pnet igjen.<\/p>\n<p>Det blir trafikkdirigering p\u00e5 E10 forbi ulykkesstedet, frem til ulykkesgruppen til Statens vegvesenankommer. Det m\u00e5 kunne p\u00e5regnes at E10 vil bli stengt i perioder, n\u00e5r ulykkesgruppen og politiet skal gj\u00f8re sine unders\u00f8kelser.<\/p>\n<p>Les mer om: artikkelemnene<\/p>\n","protected":false},"excerpt":{"rendered":"Klokken 01.03 mottok politiet melding om en trafikkulykke P\u00c5 E10 rett s\u00f8r for Gims\u00f8ybrua i V\u00e5gan kommune i&hellip;\n","protected":false},"author":2,"featured_media":26436,"comment_status":"","ping_status":"","sticky":false,"template":"","format":"standard","meta":{"footnotes":""},"categories":[10],"tags":[36,20,21,753,2100,24,25,15,22,23,13,30,28,29,14,16,1510,26,27,51],"class_list":{"0":"post-26478","1":"post","2":"type-post","3":"status-publish","4":"format-standard","5":"has-post-thumbnail","7":"category-norge","8":"tag-art","9":"tag-breaking-news","10":"tag-breakingnews","11":"tag-dodsulykke","12":"tag-e10","13":"tag-featured-news","14":"tag-featurednews","15":"tag-headlines","16":"tag-latest-news","17":"tag-latestnews","18":"tag-news","19":"tag-no","20":"tag-norge","21":"tag-norway","22":"tag-nyheter","23":"tag-overskrifter","24":"tag-story","25":"tag-top-stories","26":"tag-topstories","27":"tag-ulykke"},"share_on_mastodon":{"url":"","error":""},"_links":{"self":[{"href":"https:\/\/www.europesays.com\/no\/wp-json\/wp\/v2\/posts\/26478","targetHints":{"allow":["GET"]}}],"collection":[{"href":"https:\/\/www.europesays.com\/no\/wp-json\/wp\/v2\/posts"}],"about":[{"href":"https:\/\/www.europesays.com\/no\/wp-json\/wp\/v2\/types\/post"}],"author":[{"embeddable":true,"href":"https:\/\/www.europesays.com\/no\/wp-json\/wp\/v2\/users\/2"}],"replies":[{"embeddable":true,"href":"https:\/\/www.europesays.com\/no\/wp-json\/wp\/v2\/comments?post=26478"}],"version-history":[{"count":0,"href":"https:\/\/www.europesays.com\/no\/wp-json\/wp\/v2\/posts\/26478\/revisions"}],"wp:featuredmedia":[{"embeddable":true,"href":"https:\/\/www.europesays.com\/no\/wp-json\/wp\/v2\/media\/26436"}],"wp:attachment":[{"href":"https:\/\/www.europesays.com\/no\/wp-json\/wp\/v2\/media?parent=26478"}],"wp:term":[{"taxonomy":"category","embeddable":true,"href":"https:\/\/www.europesays.com\/no\/wp-json\/wp\/v2\/categories?post=26478"},{"taxonomy":"post_tag","embeddable":true,"href":"https:\/\/www.europesays.com\/no\/wp-json\/wp\/v2\/tags?post=26478"}],"curies":[{"name":"wp","href":"https:\/\/api.w.org\/{rel}","templated":true}]}}