{"id":264829,"date":"2026-06-13T05:39:17","date_gmt":"2026-06-13T05:39:17","guid":{"rendered":"https:\/\/www.europesays.com\/no\/264829\/"},"modified":"2026-06-13T05:39:17","modified_gmt":"2026-06-13T05:39:17","slug":"det-trygge-norske-flagget-fvn-no","status":"publish","type":"post","link":"https:\/\/www.europesays.com\/no\/264829\/","title":{"rendered":"Det trygge Norske flagget &#8211; fvn.no"},"content":{"rendered":"<p>Jeg snakker om hvordan virkeligheten faktisk oppleves for oss som ikke er hetro.<br \/>\nDet norske flagget har aldri v\u00e6rt grunnen til at homofile har f\u00f8lt seg trygge. Det var ikke det norske flagget som gjorde at homofile sluttet \u00e5 bli stemplet som psykisk syke. Det var ikke det norske flagget som ga oss retten til \u00e5 gifte oss.<\/p>\n<p>Nasjonalitet<\/p>\n<p>Det var ikke det norske flagget som fikk folk til \u00e5 st\u00e5 opp mot diskriminering. Det var mennesker som Kim Friele, som tok kampen, ofte mot massiv motstand fra nettopp deler av det samfunnet som sto under det samme norske flagget.<\/p>\n<p>N\u00e5r jeg ser et norsk flagg, ser jeg nasjonalitet.<\/p>\n<p>Signal<\/p>\n<p>N\u00e5r jeg ser et prideflagg, ser jeg et signal om at noen aktivt \u00f8nsker at mennesker som meg skal kunne v\u00e6re \u00e5pne og f\u00f8le seg trygge.<\/p>\n<p>Du sier at ingen f\u00f8ler seg ekskludert under det norske flagget. Det er en veldig flott tanke, men den stemmer dessverre ikke med v\u00e5r virkelighet. Altfor mange unge homofile sitter fortsatt rundt middagsbord, i klasserom og p\u00e5 arbeidsplasser og l\u00e6rer at de b\u00f8r tie om hvem de er og det er Ikke fordi det norske flagget mangler, men fordi aksepten fremdeles mangler.<\/p>\n<p>Hvis det norske flagget alene var nok, hadde vi ikke hatt behov for pride. Da hadde homofile aldri blitt kastet ut hjemmefra, m\u00e5tte skjult hvem de elsker eller fryktet reaksjonene fra omgivelsene.<br \/>\nPrideflagget eksisterer ikke fordi vi mangler et norsk flagg. Det eksisterer fordi likestilling p\u00e5 papiret ikke alltid betyr trygghet i virkeligheten.<\/p>\n<p>Handler om mer<\/p>\n<p>Det er lett \u00e5 hylle fellesskapet n\u00e5r man aldri har v\u00e6rt usikker p\u00e5 om fellesskapet ogs\u00e5 gjelder deg.<\/p>\n<p>Hvis det norske flagget alene var nok, hvorfor opplever da homofile fortsatt hets, trakassering og frykt for \u00e5 v\u00e6re \u00e5pne enkelte steder?<\/p>\n<p>Og hvis jeg reiser til eksempelvis Saudi-Arabia, s\u00e5 hjelper det meg ikke det minste at jeg er norsk.<\/p>\n<p>Det norske flagget beskytter meg ikke mot deres holdninger og lover mot homofili.<\/p>\n<p>Prideflagget handler derfor ikke om \u00e5 erstatte det norske flagget, men om \u00e5 synliggj\u00f8re en gruppe mennesker som historisk har blitt m\u00f8tt med fordommer, og \u00e5 signalisere at de kan v\u00e6re seg selv uten frykt.<\/p>\n","protected":false},"excerpt":{"rendered":"Jeg snakker om hvordan virkeligheten faktisk oppleves for oss som ikke er hetro. Det norske flagget har aldri&hellip;\n","protected":false},"author":2,"featured_media":264830,"comment_status":"","ping_status":"","sticky":false,"template":"","format":"standard","meta":{"footnotes":"","_share_on_mastodon":"0"},"categories":[10],"tags":[20,21,2243,24,25,15,4459,22,23,539,13,30,28,29,14,16,2065,26,27],"class_list":["post-264829","post","type-post","status-publish","format-standard","has-post-thumbnail","category-norge","tag-breaking-news","tag-breakingnews","tag-diskriminering","tag-featured-news","tag-featurednews","tag-headlines","tag-homofili","tag-latest-news","tag-latestnews","tag-likestilling","tag-news","tag-no","tag-norge","tag-norway","tag-nyheter","tag-overskrifter","tag-pride","tag-top-stories","tag-topstories"],"share_on_mastodon":{"url":"https:\/\/pubeurope.com\/@no\/116741194780947936","error":""},"_links":{"self":[{"href":"https:\/\/www.europesays.com\/no\/wp-json\/wp\/v2\/posts\/264829","targetHints":{"allow":["GET"]}}],"collection":[{"href":"https:\/\/www.europesays.com\/no\/wp-json\/wp\/v2\/posts"}],"about":[{"href":"https:\/\/www.europesays.com\/no\/wp-json\/wp\/v2\/types\/post"}],"author":[{"embeddable":true,"href":"https:\/\/www.europesays.com\/no\/wp-json\/wp\/v2\/users\/2"}],"replies":[{"embeddable":true,"href":"https:\/\/www.europesays.com\/no\/wp-json\/wp\/v2\/comments?post=264829"}],"version-history":[{"count":0,"href":"https:\/\/www.europesays.com\/no\/wp-json\/wp\/v2\/posts\/264829\/revisions"}],"wp:featuredmedia":[{"embeddable":true,"href":"https:\/\/www.europesays.com\/no\/wp-json\/wp\/v2\/media\/264830"}],"wp:attachment":[{"href":"https:\/\/www.europesays.com\/no\/wp-json\/wp\/v2\/media?parent=264829"}],"wp:term":[{"taxonomy":"category","embeddable":true,"href":"https:\/\/www.europesays.com\/no\/wp-json\/wp\/v2\/categories?post=264829"},{"taxonomy":"post_tag","embeddable":true,"href":"https:\/\/www.europesays.com\/no\/wp-json\/wp\/v2\/tags?post=264829"}],"curies":[{"name":"wp","href":"https:\/\/api.w.org\/{rel}","templated":true}]}}