{"id":264892,"date":"2026-06-13T07:35:15","date_gmt":"2026-06-13T07:35:15","guid":{"rendered":"https:\/\/www.europesays.com\/no\/264892\/"},"modified":"2026-06-13T07:35:15","modified_gmt":"2026-06-13T07:35:15","slug":"alta-nyhet-forerkortet-tatt-i-midlertidig-beslag","status":"publish","type":"post","link":"https:\/\/www.europesays.com\/no\/264892\/","title":{"rendered":"Alta, Nyhet | \u2013 F\u00f8rerkortet tatt i midlertidig beslag"},"content":{"rendered":"\n<p>Politiets operasjonssentral bekrefter at de har rykket ut til en trafikkhendelse fredag ettermiddag.<\/p>\n<p>En bil har kj\u00f8rt av veien p\u00e5 Holstsletta p\u00e5 Aronnes i Alta, opplyser operasjonsleder Jan Arne Pettersen.<\/p>\n<p>\u2013 Politiet \u00f8nsker \u00e5 sjekke f\u00f8reren for promille, sier han.<\/p>\n<p>Politiets innsatsleder p\u00e5 stedet, Kim Robin Jonassen, opplyser at det verken er store materielle skader eller personskade. F\u00f8reren, en kvinne i 20-\u00e5rene, blir sendt til legevakten for en rutinemessig sjekk.<\/p>\n<p>\u2013 Er det mistanke om promillekj\u00f8ring?<\/p>\n<p>\u2013 Det er forel\u00f8pig usikkert. Det er ikke mistanke om promillekj\u00f8ring, men vi unders\u00f8ker om det kan v\u00e6re snakk om annen ruskj\u00f8ring, sier han.<\/p>\n<p>F\u00f8rerkortet tatt i midlertidig beslag.<\/p>\n","protected":false},"excerpt":{"rendered":"Politiets operasjonssentral bekrefter at de har rykket ut til en trafikkhendelse fredag ettermiddag. En bil har kj\u00f8rt av&hellip;\n","protected":false},"author":2,"featured_media":264893,"comment_status":"","ping_status":"","sticky":false,"template":"","format":"standard","meta":{"footnotes":"","_share_on_mastodon":"0"},"categories":[10],"tags":[215,36,20,21,24,25,15,22,23,13,30,28,29,447,14,16,1510,26,27,224],"class_list":["post-264892","post","type-post","status-publish","format-standard","has-post-thumbnail","category-norge","tag-alta","tag-art","tag-breaking-news","tag-breakingnews","tag-featured-news","tag-featurednews","tag-headlines","tag-latest-news","tag-latestnews","tag-news","tag-no","tag-norge","tag-norway","tag-nyhet","tag-nyheter","tag-overskrifter","tag-story","tag-top-stories","tag-topstories","tag-trafikk"],"share_on_mastodon":{"url":"https:\/\/pubeurope.com\/@no\/116741651024003083","error":""},"_links":{"self":[{"href":"https:\/\/www.europesays.com\/no\/wp-json\/wp\/v2\/posts\/264892","targetHints":{"allow":["GET"]}}],"collection":[{"href":"https:\/\/www.europesays.com\/no\/wp-json\/wp\/v2\/posts"}],"about":[{"href":"https:\/\/www.europesays.com\/no\/wp-json\/wp\/v2\/types\/post"}],"author":[{"embeddable":true,"href":"https:\/\/www.europesays.com\/no\/wp-json\/wp\/v2\/users\/2"}],"replies":[{"embeddable":true,"href":"https:\/\/www.europesays.com\/no\/wp-json\/wp\/v2\/comments?post=264892"}],"version-history":[{"count":0,"href":"https:\/\/www.europesays.com\/no\/wp-json\/wp\/v2\/posts\/264892\/revisions"}],"wp:featuredmedia":[{"embeddable":true,"href":"https:\/\/www.europesays.com\/no\/wp-json\/wp\/v2\/media\/264893"}],"wp:attachment":[{"href":"https:\/\/www.europesays.com\/no\/wp-json\/wp\/v2\/media?parent=264892"}],"wp:term":[{"taxonomy":"category","embeddable":true,"href":"https:\/\/www.europesays.com\/no\/wp-json\/wp\/v2\/categories?post=264892"},{"taxonomy":"post_tag","embeddable":true,"href":"https:\/\/www.europesays.com\/no\/wp-json\/wp\/v2\/tags?post=264892"}],"curies":[{"name":"wp","href":"https:\/\/api.w.org\/{rel}","templated":true}]}}