{"id":26490,"date":"2025-09-04T05:49:12","date_gmt":"2025-09-04T05:49:12","guid":{"rendered":"https:\/\/www.europesays.com\/no\/26490\/"},"modified":"2025-09-04T05:49:12","modified_gmt":"2025-09-04T05:49:12","slug":"en-ny-start-for-den-spanske-kongefamilien","status":"publish","type":"post","link":"https:\/\/www.europesays.com\/no\/26490\/","title":{"rendered":"En Ny Start for Den Spanske Kongefamilien"},"content":{"rendered":"<p class=\"kicker \" style=\"\">Nye planer for prinsesse Sofia<\/p>\n<p>  Etter en lang sommerferie hjemme hos mamma flyr 18-\u00e5ringen ut av redet.\u00a0<\/p>\n<p>\n    STUDENTLIV: Fra mandag er prinsesse Sofia student i utlandet. I v\u00e5r avsluttet hun videreg\u00e5ende skole &#8211; og i sommer har hun kost seg hjemme hos mamma Letizia. Foto: NTB\n  <\/p>\n<p>Kong Felipe (57) og dronning Letizia (52) av Spania har to d\u00f8tre som er i ferd med \u00e5 bli voksne. Og etter en deilig familiesommer sammen spres de n\u00e5 for alle vinder.<\/p>\n<p>\u00a0Prinsesse Leonor (19) startet denne uken sitt tredje \u00e5r med milit\u00e6rutdanning. Arveprinsessenn m\u00f8tte opp ved Luft- og romfartsakademiet i San Javier, Murcia, uten f\u00f8lge av foreldrene.\u00a0<\/p>\n<p>        OVERRASKER: Dronning Letizia av Spania overrasker med ny sveis &#8211; se bildene. Video: Se og H\u00f8r<\/p>\n<p>Dronningen hadde ingen offisielle oppdrag samme uke, noe som ga henne god tid til \u00e5 v\u00e6re med datteren i forkant.<\/p>\n<p>Ogs\u00e5 yngstedatteren, prinsesse Sof\u00eda (18), st\u00e5r foran viktige endringer.<\/p>\n<p>    <a itemprop=\"url\" href=\"https:\/\/www.seher.no\/kongelig\/spekulasjonene-herjer-etter-dette\/83134572\" rel=\"nofollow noopener\" target=\"_blank\"><\/p>\n<p>      <img loading=\"lazy\" decoding=\"async\" src=\"https:\/\/www.europesays.com\/no\/wp-content\/uploads\/2025\/09\/83134634.webp\" width=\"147\" height=\"98\" title=\"Spekulasjonene herjer etter dette\" alt=\"\" class=\"lazyload\" style=\"--aspect-ratio-image: 1.50; \"\/><\/p>\n<p>        Spekulasjonene herjer etter dette<\/p>\n<p>    <\/a><\/p>\n<p>Etter to \u00e5r p\u00e5 videreg\u00e5ende skole p\u00e5 Atlantic College i Wales har det lenge v\u00e6rt spekulert i hva hun skal gj\u00f8re fremover.<\/p>\n<p>N\u00e5 er det bestemt, if\u00f8lge magasinet <a href=\"https:\/\/www.lecturas.com\/actualidad\/casas-reales\/reina-letizia-se-vuelca-su-hija-sofia-firma-decision-semana-crucial_180601\" rel=\"nofollow noopener\" target=\"_blank\">Lecturas<\/a>.<\/p>\n<p>          <img loading=\"lazy\" decoding=\"async\" src=\"https:\/\/www.europesays.com\/no\/wp-content\/uploads\/2025\/09\/83543277.webp\" width=\"686\" height=\"597\" title=\"P\u00c5 OPPDRAG: Sommeren har bydd p\u00e5 b\u00e5de ferie og plikter for den spanske kongefamilien. Foto: NTB\" alt=\"\" class=\"\" style=\"--aspect-ratio-image: 1.15; \"\/><\/p>\n<p>\n          P\u00c5 OPPDRAG: Sommeren har bydd p\u00e5 b\u00e5de ferie og plikter for den spanske kongefamilien. Foto: NTB\n      <\/p>\n<p>Hun flytter i helgen til Lisboa i nabolandet Portugal for \u00e5 starte p\u00e5 bachelorstudiet i statsvitenskap og internasjonale relasjoner.\u00a0<\/p>\n<p>Det opplyste kongehusekspert Mari\u00e1ngel Alc\u00e1zar i programmet \u00abVamos a Ver\u00bb. Allerede mandag begynner hun p\u00e5 universitetet.<\/p>\n<p>    <a itemprop=\"url\" href=\"https:\/\/www.seher.no\/kongelig\/slar-ring-om-hennes-aere\/82783706\" rel=\"nofollow noopener\" target=\"_blank\"><\/p>\n<p>      <img loading=\"lazy\" decoding=\"async\" src=\"https:\/\/www.europesays.com\/no\/wp-content\/uploads\/2025\/09\/82783778.webp\" width=\"147\" height=\"98\" title=\"Sl\u00e5r ring om hennes \u00e6re\" alt=\"\" class=\"lazyload\" style=\"--aspect-ratio-image: 1.50; \"\/><\/p>\n<p>        Sl\u00e5r ring om hennes \u00e6re<\/p>\n<p>    <\/a><\/p>\n<p>Sofia fullf\u00f8rte i v\u00e5res\u00a0 sin to\u00e5rige International Baccalaureate-utdanning ved UWC Atlantic College i Wales, en internasjonal kostskole kjent for sitt fokus p\u00e5 sosial rettferdighet, b\u00e6rekraft og lederskap, if\u00f8lge<a href=\"https:\/\/www.hola.com\/us\/royals\/20250501829697\/queen-letizia-daughter-infanta-sofia-when-graduating-school-uk\/\" rel=\"nofollow noopener\" target=\"_blank\"> Hola!<\/a><\/p>\n<p>Hun ble uteksaminert 24. mai i en seremoni der kong Felipe og dronning Letizia var til stede.\u00a0<\/p>\n<p>          <img loading=\"lazy\" decoding=\"async\" src=\"https:\/\/www.europesays.com\/no\/wp-content\/uploads\/2025\/09\/83543283.webp\" width=\"686\" height=\"590\" title=\"PRISUTDELING: Her er kongefamilien p\u00e5 plass for \u00e5 dele ut priser i den nordspanske byen Girona i august. Foto: NTB\" alt=\"\" class=\"\" style=\"--aspect-ratio-image: 1.16; \"\/><\/p>\n<p>\n          PRISUTDELING: Her er kongefamilien p\u00e5 plass for \u00e5 dele ut priser i den nordspanske byen Girona i august. Foto: NTB\n      <\/p>\n<p>Skolen, som ligger i et 1100-tallsslott i Wales, og ofte omtales som \u00abHogwarts for hippier\u00bb, huser elever fra mer enn 90 land og tilbyr en internasjonal l\u00e6replan via IB-programmet.\u00a0<\/p>\n<p>    <a itemprop=\"url\" href=\"https:\/\/www.seher.no\/kongelig\/slik-lever-hun-med-smertene\/81732549\" rel=\"nofollow noopener\" target=\"_blank\"><\/p>\n<p>      <img loading=\"lazy\" decoding=\"async\" src=\"https:\/\/www.europesays.com\/no\/wp-content\/uploads\/2025\/09\/81732699.webp\" width=\"980\" height=\"441\" title=\"Slik lever hun med smertene\" alt=\"\" class=\"lazyload\" style=\"--aspect-ratio-image: 2.22; \"\/><\/p>\n<p>        Slik lever hun med smertene<\/p>\n<p>    <\/a><\/p>\n<p>Stores\u00f8ster, prinsesse Leonor, ble <a href=\"https:\/\/www.tatler.com\/article\/everything-you-need-to-know-about-uwc-atlantic-college-st-donats-castle-wales\" rel=\"nofollow noopener\" target=\"_blank\">uteksaminert der<\/a> to \u00e5r tidligere.\u00a0<\/p>\n<p>Ettersom Leonor n\u00e5 er dratt i milit\u00e6ret kan dronning Letizia bruke de siste dagene sammen med Sof\u00eda, som forlater familiens bolig for \u00e5 starte et nytt kapittel i utlandet.\u00a0<\/p>\n<p>Selv om dronningen etter hvert er blitt vant til at d\u00f8trene bor og studerer utenlands, legger hun stor vekt p\u00e5 \u00e5 f\u00f8lge dem opp.<\/p>\n<p>        FOTBALLFEST: Som lagleder for \u00abTeam Skaugum\u00bb hadde kronprinsesse Mette-Marit et stort ansvar hvilende p\u00e5 skuldrene sine, men en ting ble prioritert foran fotballen. Video: H\u00e5vard Bj\u00f8rnerem \/\/ Reporter: Caroline Vagle<\/p>\n<p>Reise og bursdag\t<\/p>\n<p>Med d\u00f8trene ute av huset fyller dronning Letizia opp sin egen kalender med offisielle oppdrag fremover.<\/p>\n<p>16. september reiser hun sammen med kong Felipe p\u00e5 statsbes\u00f8k til Egypt. Bes\u00f8ket varer i fire dager og omfatter flere arrangementer av internasjonal betydning.<\/p>\n<p>          <img loading=\"lazy\" decoding=\"async\" src=\"https:\/\/www.europesays.com\/no\/wp-content\/uploads\/2025\/09\/83543286.webp\" width=\"686\" height=\"837\" title=\"MAMMAS JENTE: Letizia har f\u00e5tt god tid den siste uken til \u00e5 forberede Sofia p\u00e5 studier i utlandet. Foto: NTB\" alt=\"\" class=\"\" style=\"--aspect-ratio-image: 0.82; \"\/><\/p>\n<p>\n          MAMMAS JENTE: Letizia har f\u00e5tt god tid den siste uken til \u00e5 forberede Sofia p\u00e5 studier i utlandet. Foto: NTB\n      <\/p>\n<p>Privat venter ogs\u00e5 en markering:\u00a0<\/p>\n<p>15. september fyller dronningen 53 \u00e5r. D\u00f8trene vil v\u00e6re borte p\u00e5 dagen, men ventes \u00e5 gratulere henne p\u00e5 avstand. Det blir nok kj\u00e6rkomment for\u00a0 \u00a0en dronning som n\u00e5 bor hjemme i \u00abtomt rede\u00bb.<\/p>\n","protected":false},"excerpt":{"rendered":"Nye planer for prinsesse Sofia Etter en lang sommerferie hjemme hos mamma flyr 18-\u00e5ringen ut av redet.\u00a0 STUDENTLIV:&hellip;\n","protected":false},"author":2,"featured_media":26491,"comment_status":"","ping_status":"","sticky":false,"template":"","format":"standard","meta":{"footnotes":""},"categories":[12],"tags":[20,21,4249,4248,4104,24,25,15,76,22,23,13,30,28,29,14,16,4250,4247,26,27,42,43,44,45],"class_list":{"0":"post-26490","1":"post","2":"type-post","3":"status-publish","4":"format-standard","5":"has-post-thumbnail","7":"category-verden","8":"tag-breaking-news","9":"tag-breakingnews","10":"tag-det-spanske-kongehuset","11":"tag-dronning-letizia","12":"tag-eksklusivt","13":"tag-featured-news","14":"tag-featurednews","15":"tag-headlines","16":"tag-kongelig","17":"tag-latest-news","18":"tag-latestnews","19":"tag-news","20":"tag-no","21":"tag-norge","22":"tag-norway","23":"tag-nyheter","24":"tag-overskrifter","25":"tag-prinsesse-leonor","26":"tag-prinsesse-sofia","27":"tag-top-stories","28":"tag-topstories","29":"tag-verden","30":"tag-world","31":"tag-world-news","32":"tag-worldnews"},"share_on_mastodon":{"url":"","error":""},"_links":{"self":[{"href":"https:\/\/www.europesays.com\/no\/wp-json\/wp\/v2\/posts\/26490","targetHints":{"allow":["GET"]}}],"collection":[{"href":"https:\/\/www.europesays.com\/no\/wp-json\/wp\/v2\/posts"}],"about":[{"href":"https:\/\/www.europesays.com\/no\/wp-json\/wp\/v2\/types\/post"}],"author":[{"embeddable":true,"href":"https:\/\/www.europesays.com\/no\/wp-json\/wp\/v2\/users\/2"}],"replies":[{"embeddable":true,"href":"https:\/\/www.europesays.com\/no\/wp-json\/wp\/v2\/comments?post=26490"}],"version-history":[{"count":0,"href":"https:\/\/www.europesays.com\/no\/wp-json\/wp\/v2\/posts\/26490\/revisions"}],"wp:featuredmedia":[{"embeddable":true,"href":"https:\/\/www.europesays.com\/no\/wp-json\/wp\/v2\/media\/26491"}],"wp:attachment":[{"href":"https:\/\/www.europesays.com\/no\/wp-json\/wp\/v2\/media?parent=26490"}],"wp:term":[{"taxonomy":"category","embeddable":true,"href":"https:\/\/www.europesays.com\/no\/wp-json\/wp\/v2\/categories?post=26490"},{"taxonomy":"post_tag","embeddable":true,"href":"https:\/\/www.europesays.com\/no\/wp-json\/wp\/v2\/tags?post=26490"}],"curies":[{"name":"wp","href":"https:\/\/api.w.org\/{rel}","templated":true}]}}