{"id":26494,"date":"2025-09-04T05:54:09","date_gmt":"2025-09-04T05:54:09","guid":{"rendered":"https:\/\/www.europesays.com\/no\/26494\/"},"modified":"2025-09-04T05:54:09","modified_gmt":"2025-09-04T05:54:09","slug":"garmin-lanserer-fenix-8-pro-med-skjermteknologi-i-verdensklasse-bare-dager-for-apple-ventes-a-avduke-ultra-3","status":"publish","type":"post","link":"https:\/\/www.europesays.com\/no\/26494\/","title":{"rendered":"Garmin lanserer Fenix \u200b\u200b8 Pro med skjermteknologi i verdensklasse \u2013 bare dager f\u00f8r Apple ventes \u00e5 avduke Ultra 3"},"content":{"rendered":"<ul id=\"0e39d0c0-630a-448b-9397-5002afa47201\">\n<li><strong>Etter mye spekulasjon lanserer Garmin Fenix \u200b\u200b8 Pro<\/strong><\/li>\n<li><strong>Smartklokken har den f\u00f8rsteklasses MicroLED-skjermteknologien og LTE-tilkobling<\/strong><\/li>\n<li><strong>MicroLED-versjonen koster 24 599 kroner<\/strong><\/li>\n<\/ul>\n<p>Beste Garmin-tilbud<\/p>\n<p class=\"vanilla-image-block\" style=\"padding-top:56.25%;\">\n<p><img decoding=\"async\" src=\"https:\/\/www.europesays.com\/no\/wp-content\/uploads\/2025\/09\/eqJjuZP7qLhxZaZJB5kiFB.jpg\" alt=\"Paras Garmin-urheilukello: Garmin Venu 2 ja Forerunner 265 violetilla TechRadar-taustalla\"   loading=\"lazy\" data-new-v2-image=\"true\" data-original-mos=\"https:\/\/www.europesays.com\/no\/wp-content\/uploads\/2025\/09\/eqJjuZP7qLhxZaZJB5kiFB.jpg\" data-pin-media=\"https:\/\/www.europesays.com\/no\/wp-content\/uploads\/2025\/09\/eqJjuZP7qLhxZaZJB5kiFB.jpg\" class=\"pinterest-pin-exclude\"\/>\n<\/p>\n<p>(Image credit: Future)<\/p>\n<p class=\"fancy-box__body-text\">Vil du finne en Garmin-klokke p\u00e5 tilbud? Vi samler alle de beste prisene og tilbudene p\u00e5 Garmin-klokker.<\/p>\n<p class=\"fancy-box__body-text\"><a data-analytics-id=\"inline-link\" href=\"https:\/\/global.techradar.com\/no-no\/health-fitness\/smartwatches\/beste-tilbud-pa-garmin-klokker\" target=\"_blank\" data-url=\"https:\/\/global.techradar.com\/no-no\/health-fitness\/smartwatches\/beste-tilbud-pa-garmin-klokker\" data-hl-processed=\"none\" data-before-rewrite-localise=\"https:\/\/global.techradar.com\/no-no\/health-fitness\/smartwatches\/beste-tilbud-pa-garmin-klokker\" rel=\"nofollow noopener\"><strong>G\u00e5 til tilbudene her!<\/strong><\/a><\/p>\n<p id=\"b4ac8193-938d-429d-a676-f516802245e6\"><a data-analytics-id=\"inline-link\" href=\"https:\/\/global.techradar.com\/no-no\/tag\/garmin\" data-auto-tag-linker=\"true\" data-url=\"https:\/\/global.techradar.com\/no-no\/tag\/garmin\" data-hl-processed=\"none\" data-before-rewrite-localise=\"https:\/\/global.techradar.com\/no-no\/tag\/garmin\" rel=\"nofollow noopener\" target=\"_blank\">Garmin<\/a> har avduket sin Fenix \u200b\u200b8 Pro-serie, to superpremiumversjoner av den allerede dyre Garmin Fenix \u200b\u200b8, med satellittkommunikasjon rett fra h\u00e5ndleddet via InReach-tjenesten, LTE-tilkobling og en MicroLED-skjerm \u2013 som Garmin hevder er \u00abden mest lyssterke smartklokkeskjermen noensinne\u00bb.<\/p>\n<p>MicroLED-skjermen, som Garmin sier best\u00e5r av mer enn 400 000 LED-lys, beskrives som \u00aben revolusjonerende skjerm som produserer rike farger og h\u00f8y pikseltetthet med brede synsvinkler og overlegen lesbarhet \u2013 selv i direkte sollys\u00bb.<\/p>\n<p><a id=\"elk-seasonal\" data-url=\"\" href=\"\" data-hl-processed=\"none\"\/><\/p>\n<p id=\"b4ac8193-938d-429d-a676-f516802245e6-2\">Den er bare tilgjengelig p\u00e5 den st\u00f8rre 51 mm-versjonen, mens den mindre 47 mm-versjonen ser ut til \u00e5 v\u00e6re en Garmin Fenix \u200b\u200b8 med en standard AMOLED-skjerm og nye kommunikasjonsfunksjoner.<\/p>\n<p>Du kan like<\/p>\n<p>De nye funksjonene inkluderer, som tidligere antydet, LTE-tilkobling og satellittkommunikasjon. Satellitttilkobling brukes til posisjonsdeling og tekstmeldinger via Garmin Messenger. Mottakeren m\u00e5 bruke Garmin Messenger-appen p\u00e5 telefonen sin eller en av de beste Garmin-klokkene for \u00e5 motta disse meldingene.<\/p>\n<p>LTE-tilkobling kan ogs\u00e5 brukes til \u00e5 foreta taleanrop til de som har Garmin Messenger-appen, eller for talemeldinger til en annen klokke (som transkriberes automatisk). Garmins nyttige LiveTrack-funksjon, relevant v\u00e6rinformasjon og Garmin Response-n\u00f8dtjeneste brukes ogs\u00e5 over LTE.<\/p>\n<p>Ellers ser klokkene ut til \u00e5 v\u00e6re standard Fenix \u200b\u200b8-modeller basert p\u00e5 beskrivelsen og spesifikasjonene som er gitt: de eneste endringene er de nevnte funksjonene.<\/p>\n<p>Garmin Fenix \u200b\u200b8 Pro-modellene har en startpris p\u00e5 17 749 kroner, mens 51 mm MicroLED-versjonen koster hele 24 599 kroner.<\/p>\n<p class=\"newsletter-form__strapline\">Registrer deg for siste nytt, anmeldelser, meninger, toppteknologiske tilbud og mer.<\/p>\n<p>Det er sannsynligvis ingen tilfeldighet at Garmin lanserer Fenix \u200b\u200b8 Pro bare dager f\u00f8r <a data-analytics-id=\"inline-link\" href=\"https:\/\/global.techradar.com\/no-no\/tag\/apple-watch\" data-auto-tag-linker=\"true\" data-url=\"https:\/\/global.techradar.com\/no-no\/tag\/apple-watch\" data-hl-processed=\"none\" data-before-rewrite-localise=\"https:\/\/global.techradar.com\/no-no\/tag\/apple-watch\" rel=\"nofollow noopener\" target=\"_blank\">Apple Watch<\/a> Ultra 3 skal avdukes. MicroLED-skjermteknologi har lenge v\u00e6rt antydet for Apples toppmodell, men noen rapporter tyder p\u00e5 at ideen er lagt p\u00e5 is forel\u00f8pig. Garmins f\u00f8rste trekk er en stor triumf for friluftsmerket.<\/p>\n<p><a id=\"elk-videre-lesning\" data-url=\"\" href=\"\" data-hl-processed=\"none\"\/>Videre lesning<\/p>\n","protected":false},"excerpt":{"rendered":"Etter mye spekulasjon lanserer Garmin Fenix \u200b\u200b8 Pro Smartklokken har den f\u00f8rsteklasses MicroLED-skjermteknologien og LTE-tilkobling MicroLED-versjonen koster 24&hellip;\n","protected":false},"author":2,"featured_media":26495,"comment_status":"","ping_status":"","sticky":false,"template":"","format":"standard","meta":{"footnotes":""},"categories":[57],"tags":[30,28,29,65,63,64,66,70,69,67,68],"class_list":{"0":"post-26494","1":"post","2":"type-post","3":"status-publish","4":"format-standard","5":"has-post-thumbnail","7":"category-vitenskap-og-teknologi","8":"tag-no","9":"tag-norge","10":"tag-norway","11":"tag-science","12":"tag-science-and-technology","13":"tag-scienceandtechnology","14":"tag-technology","15":"tag-teknologi","16":"tag-vitenskap","17":"tag-vitenskap-og-teknologi","18":"tag-vitenskapteknologi"},"share_on_mastodon":{"url":"","error":""},"_links":{"self":[{"href":"https:\/\/www.europesays.com\/no\/wp-json\/wp\/v2\/posts\/26494","targetHints":{"allow":["GET"]}}],"collection":[{"href":"https:\/\/www.europesays.com\/no\/wp-json\/wp\/v2\/posts"}],"about":[{"href":"https:\/\/www.europesays.com\/no\/wp-json\/wp\/v2\/types\/post"}],"author":[{"embeddable":true,"href":"https:\/\/www.europesays.com\/no\/wp-json\/wp\/v2\/users\/2"}],"replies":[{"embeddable":true,"href":"https:\/\/www.europesays.com\/no\/wp-json\/wp\/v2\/comments?post=26494"}],"version-history":[{"count":0,"href":"https:\/\/www.europesays.com\/no\/wp-json\/wp\/v2\/posts\/26494\/revisions"}],"wp:featuredmedia":[{"embeddable":true,"href":"https:\/\/www.europesays.com\/no\/wp-json\/wp\/v2\/media\/26495"}],"wp:attachment":[{"href":"https:\/\/www.europesays.com\/no\/wp-json\/wp\/v2\/media?parent=26494"}],"wp:term":[{"taxonomy":"category","embeddable":true,"href":"https:\/\/www.europesays.com\/no\/wp-json\/wp\/v2\/categories?post=26494"},{"taxonomy":"post_tag","embeddable":true,"href":"https:\/\/www.europesays.com\/no\/wp-json\/wp\/v2\/tags?post=26494"}],"curies":[{"name":"wp","href":"https:\/\/api.w.org\/{rel}","templated":true}]}}