{"id":264949,"date":"2026-06-13T09:03:11","date_gmt":"2026-06-13T09:03:11","guid":{"rendered":"https:\/\/www.europesays.com\/no\/264949\/"},"modified":"2026-06-13T09:03:11","modified_gmt":"2026-06-13T09:03:11","slug":"polen-far-midlertidig-unntak-fra-eus-migrasjonspakt","status":"publish","type":"post","link":"https:\/\/www.europesays.com\/no\/264949\/","title":{"rendered":"Polen f\u00e5r midlertidig unntak fra EUs migrasjonspakt"},"content":{"rendered":"<p><strong>Da EUs nye migrasjons- og asylpakt tr\u00e5dte i kraft fredag, fikk Polen et ett\u00e5rig unntak fra plikten til \u00e5 ta imot omfordelte migranter eller betale solidaritetsbidrag til EU.<\/strong><\/p>\n<p>Unntaket begrunnes med Polens omfattende mottak av ukrainske flyktninger og det vedvarende migrasjonspresset ved landets \u00f8stgrense.<\/p>\n<p>Migrasjonspakten, som ble vedtatt i 2024, innf\u00f8rer en obligatorisk solidaritetsmekanisme. Medlemslandene m\u00e5 enten ta imot asyls\u00f8kere, betale et fast bel\u00f8p per person de nekter \u00e5 ta imot \u2013 rundt 20.000 euro \u2013 eller bidra p\u00e5 andre m\u00e5ter. Land som opplever \u00abbetydelig migrasjonspress\u00bb kan imidlertid s\u00f8ke om helt eller delvis fritak, skriver <a href=\"https:\/\/www.polskieradio.pl\/395\/7789\/Artykul\/3697551,eu-migration-pact-takes-effect-but-poland-says-it-wont-apply-it-in-full\" rel=\"nofollow noopener\" target=\"_blank\">Polens Radio<\/a>.<\/p>\n<p>Polen er ett av seks land \u2013 sammen med \u00d8sterrike, Bulgaria, Kroatia, Tsjekkia og Estland \u2013 som EU-kommisjonen har anerkjent som s\u00e6rlig belastet. Statsminister Donald Tusk har flere ganger sl\u00e5tt fast at Polen verken vil ta imot migranter gjennom omfordelingsordningen eller betale inn til solidaritetsfondet.<\/p>\n<p>\u2013 Vi tar ikke imot migranter, og vi betaler ikke, uttalte Tusk tidligere.<\/p>\n<p>Polske myndigheter viser til at landet har tatt imot millioner av ukrainske flyktninger siden 2022. I tillegg peker de p\u00e5 det de omtaler som hybride migrasjonsangrep fra Belarus mot EUs yttergrense.<\/p>\n<p><strong>Les ogs\u00e5: <a href=\"https:\/\/inyheter.no\/12\/06\/2026\/eus-pakt-for-migrasjon-og-asyl-trer-i-kraft-i-norge\/\" rel=\"nofollow noopener\" target=\"_blank\">EUs \u00abPakt for migrasjon og asyl\u00bb trer i kraft i Norge<\/a><\/strong><\/p>\n<p>Unntaket er midlertidig og m\u00e5 fornyes hvert \u00e5r. Polen m\u00e5 innen 1. september levere en rapport til EU-kommisjonen dersom landet \u00f8nsker \u00e5 f\u00e5 ordningen forlenget.<\/p>\n<p>Motstandere av migrasjonspakten, s\u00e6rlig p\u00e5 h\u00f8yresiden, omtaler unntaket som en seier for polsk suverenitet. Tilhengere advarer derimot om at omfattende unntak kan svekke den europeiske solidariteten som pakten bygger p\u00e5.<\/p>\n<p>Migrasjonspakten tr\u00e5dte i kraft 12. juni 2026 og skal blant annet styrke yttergrensene, gi raskere behandling av asyls\u00f8knader og sikre en jevnere fordeling av ansvaret mellom medlemslandene.<\/p>\n<p>Polens fritak blir den f\u00f8rste store pr\u00f8ven p\u00e5 hvor fleksibel den nye migrasjonspakten faktisk er. Flere EU-land f\u00f8lger n\u00e5 n\u00f8ye med p\u00e5 hvordan kommisjonen h\u00e5ndterer saken videre.<\/p>\n","protected":false},"excerpt":{"rendered":"Da EUs nye migrasjons- og asylpakt tr\u00e5dte i kraft fredag, fikk Polen et ett\u00e5rig unntak fra plikten til&hellip;\n","protected":false},"author":2,"featured_media":264950,"comment_status":"","ping_status":"","sticky":false,"template":"","format":"standard","meta":{"footnotes":"","_share_on_mastodon":"0"},"categories":[12],"tags":[9714,20,21,5527,23108,24,25,15,22,23,98,13,30,28,29,14,16,3603,26,27,42,43,44,45],"class_list":["post-264949","post","type-post","status-publish","format-standard","has-post-thumbnail","category-verden","tag-asylsoker","tag-breaking-news","tag-breakingnews","tag-donald-tusk","tag-eus-migrasjonspakt","tag-featured-news","tag-featurednews","tag-headlines","tag-latest-news","tag-latestnews","tag-migranter","tag-news","tag-no","tag-norge","tag-norway","tag-nyheter","tag-overskrifter","tag-polen","tag-top-stories","tag-topstories","tag-verden","tag-world","tag-world-news","tag-worldnews"],"share_on_mastodon":{"url":"https:\/\/pubeurope.com\/@no\/116741997242323677","error":""},"_links":{"self":[{"href":"https:\/\/www.europesays.com\/no\/wp-json\/wp\/v2\/posts\/264949","targetHints":{"allow":["GET"]}}],"collection":[{"href":"https:\/\/www.europesays.com\/no\/wp-json\/wp\/v2\/posts"}],"about":[{"href":"https:\/\/www.europesays.com\/no\/wp-json\/wp\/v2\/types\/post"}],"author":[{"embeddable":true,"href":"https:\/\/www.europesays.com\/no\/wp-json\/wp\/v2\/users\/2"}],"replies":[{"embeddable":true,"href":"https:\/\/www.europesays.com\/no\/wp-json\/wp\/v2\/comments?post=264949"}],"version-history":[{"count":0,"href":"https:\/\/www.europesays.com\/no\/wp-json\/wp\/v2\/posts\/264949\/revisions"}],"wp:featuredmedia":[{"embeddable":true,"href":"https:\/\/www.europesays.com\/no\/wp-json\/wp\/v2\/media\/264950"}],"wp:attachment":[{"href":"https:\/\/www.europesays.com\/no\/wp-json\/wp\/v2\/media?parent=264949"}],"wp:term":[{"taxonomy":"category","embeddable":true,"href":"https:\/\/www.europesays.com\/no\/wp-json\/wp\/v2\/categories?post=264949"},{"taxonomy":"post_tag","embeddable":true,"href":"https:\/\/www.europesays.com\/no\/wp-json\/wp\/v2\/tags?post=264949"}],"curies":[{"name":"wp","href":"https:\/\/api.w.org\/{rel}","templated":true}]}}