{"id":264998,"date":"2026-06-13T10:26:16","date_gmt":"2026-06-13T10:26:16","guid":{"rendered":"https:\/\/www.europesays.com\/no\/264998\/"},"modified":"2026-06-13T10:26:16","modified_gmt":"2026-06-13T10:26:16","slug":"dod-person-funnet-pa-ubebodd-oy-i-lofoten-under-strandrydding","status":"publish","type":"post","link":"https:\/\/www.europesays.com\/no\/264998\/","title":{"rendered":"D\u00f8d person funnet p\u00e5 ubebodd \u00f8y i Lofoten under strandrydding"},"content":{"rendered":"<p> &#8211; Det er en p\u00e5g\u00e5ende krise. Jeg blir s\u00e5 frustrert. Det g\u00e5r veldig sakte, sier advokat Paal Berg Helland til Dagbladet.<\/p>\n<p>Helland har v\u00e6rt strafferettsadvokat i 30 \u00e5r, og jobbet f\u00f8r det som statsadvokat.<\/p>\n<p>Dagbladet har tidligere skrevet om <a href=\"https:\/\/www.dagbladet.no\/nyheter\/ringes-ned-folk-er-fortvilet\/84595955\" rel=\"nofollow noopener\" target=\"_blank\">en kraftig \u00f8kning i antall henleggelser p\u00e5 grunn av mangel p\u00e5 saksbehandlingskapasitet<\/a>. Helland p\u00e5peker at ogs\u00e5 etterforskning og domstolene er rammet.<\/p>\n<p>Han er b\u00e5de forsvarer og bistandsadvokat, og forteller om klienter som m\u00e5 vente i \u00e5revis p\u00e5 en dom &#8211; i alvorlige straffesaker som drap, narkotika og seksuelle overgrep.\u00a0<\/p>\n<p>&#8211; Det settes av ressurser i starten og s\u00e5 stopper det helt opp. Da snakker vi om prioriterte oppgaver. Det gj\u00f8res en innsats i en startfase, s\u00e5 virker det som at de mister interessen. N\u00e5r pr\u00f8ver skal sendes inn til rettsmedisin og til Kripos, tar det kjempelang tid.\u00a0<\/p>\n<p>    <a itemprop=\"url\" href=\"https:\/\/www.dagbladet.no\/nyheter\/ringes-ned-folk-er-fortvilet\/84595955\" rel=\"nofollow noopener\" target=\"_blank\"><\/p>\n<p>        <img loading=\"lazy\" decoding=\"async\" src=\"https:\/\/www.europesays.com\/no\/wp-content\/uploads\/2026\/06\/84597223.webp\" width=\"980\" height=\"441\" alt=\"\" class=\"lazyload\" style=\"--aspect-ratio-image: 2.22; \"\/><\/p>\n<p>        Ringes ned: &#8211; Folk er fortvilet<\/p>\n<p>    <\/a><\/p>\n<p>&#8211; Ganske frustrerende  <\/p>\n<p>Mens de venter p\u00e5 en avklaring, treffer forn\u00e6rmede i eksempelvis sedelighetssaker gjerningsmannen p\u00e5 gata, og siktede f\u00e5r ikke kommet seg videre, p\u00e5peker han.\u00a0<\/p>\n<p>Advokaten forteller at han har hatt sedelighetssaker som er nesten fire \u00e5r gamle uten at det har kommet noen avgj\u00f8relse.\u00a0<\/p>\n<p>&#8211; Jeg tror mye skyldes at mange etterforskere i politiet f\u00e5r bedre betalt andre steder og slutter. S\u00e5 kommer det nye inn som m\u00e5 sette seg inn i saken p\u00e5 nytt. Det kan v\u00e6re tre nye politijurister p\u00e5 saken f\u00f8r den kommer til retten. Det er ganske frustrerende.\u00a0<\/p>\n<p>Han mener det tar for lang tid f\u00f8r sakene blir berammet for domstolene.<\/p>\n<p>&#8211; Hele straffesakskjeden p\u00e5virkes.\u00a0Justisdepartementet tilf\u00f8rer ressurser, men de g\u00e5r ikke til \u00e5 f\u00e5 ned saksbehandlingstiden i straffesakene, er min erfaring. Det er ikke en reell \u00f8kning med flere etterforskere eller politijurister. Alt henger. Hvor er rettssikkerheten for de forn\u00e6rmede? Og for de som blir anmeldt? sp\u00f8r han.\u00a0<\/p>\n<p>        <img loading=\"lazy\" decoding=\"async\" src=\"https:\/\/www.europesays.com\/no\/wp-content\/uploads\/2026\/06\/84684251.webp\" width=\"686\" height=\"488\" alt=\"\" class=\"\" style=\"--aspect-ratio-image: 1.41; \"\/><\/p>\n<p>\n        REAGERER: Paal Berg Helland reagerer p\u00e5 ventetiden for klientene. Han frykter for rettssikkerheten. Foto: Nina Hansen \/ Dagbladet\n    <\/p>\n<p>Ikke et ukjent problem  <\/p>\n<p>Han vil v\u00e6re forsiktig med \u00e5 komme med noen l\u00f8sning p\u00e5 problemet, men:\u00a0<\/p>\n<p>&#8211; Jeg mener vi b\u00f8r ha et system der vi betaler det det koster. Det er en enorm turnover i politiet. I Oslo m\u00e5 administrative oppgaver som statsbes\u00f8k og ambassader prioriteres, samtidig som det har skjedd en gradvis endring i kriminalitetsbildet over mange \u00e5r. Det er en situasjon som blir verre og verre, med stadig flere komplekse og store saker. Det er kanskje p\u00e5 tide \u00e5 tenke nytt.<\/p>\n<p>    <a itemprop=\"url\" href=\"https:\/\/www.dagbladet.no\/nyheter\/bildet-er-endret-kaotisk\/84611875\" rel=\"nofollow noopener\" target=\"_blank\"><\/p>\n<p>        <img loading=\"lazy\" decoding=\"async\" src=\"https:\/\/www.europesays.com\/no\/wp-content\/uploads\/2026\/06\/1781346374_975_84614863.webp\" width=\"980\" height=\"441\" alt=\"\" class=\"lazyload\" style=\"--aspect-ratio-image: 2.22; \"\/><\/p>\n<p>        Bildet er endret: &#8211; Kaotisk<\/p>\n<p>    <\/a><\/p>\n<p>Den profilerte advokaten John Christian Elden ansl\u00e5r overfor Dagbladet at nesten halvparten av sakene han har f\u00f8rt i H\u00f8yesterett har merkelappen\u00a0\u00abbrukt for lang tid\u00bb eller\u00a0\u00abbrudd p\u00e5 menneskerettighetene ved tidsbruken\u00bb.<\/p>\n<p class=\"italic m-italic\" data-lab-italic=\"italic\">&#8211; Hvorfor er det s\u00e5nn?\u00a0<\/p>\n<p>&#8211; Fordi politiet er de eneste i straffesakskjeden som ikke har tidsfrister \u00e5 forholde seg til, og der domstolene heller ikke har mulighet til \u00e5 gripe inn og p\u00e5tale menneskerettighetsbrudd underveis. Straffeprosessutvalget foreslo slike frister og at domstolen kunne avvise en sak om det tok for lang tid, men departementet turte ikke \u00e5 f\u00f8lge det opp fordi det kunne koste penger \u00e5 f\u00f8lge loven.\u00a0<\/p>\n<p>        <img loading=\"lazy\" decoding=\"async\" src=\"https:\/\/www.europesays.com\/no\/wp-content\/uploads\/2026\/06\/84659546.webp\" width=\"686\" height=\"453\" alt=\"\" class=\"\" style=\"--aspect-ratio-image: 1.51; \"\/><\/p>\n<p>\n        REAGERER: Ogs\u00e5 advokat John Christian Elden har erfart at saksbehandlingstiden i politiet er for lang. Foto: J\u00f8rn H. Moen \/ Dagbladet\n    <\/p>\n<p>17 000 saker p\u00e5 vent<\/p>\n<p>Da Dagbladet snakket med forbundsleder Unn Alma Skatvold i Politiets Fellesforbund i mai, var hun tydelig p\u00e5 at de fleste pilene i politiet peker feil vei.<\/p>\n<p>Hun mener problemet er sammensatt.<\/p>\n<p> &#8211; Det er for f\u00e5 etterforskere og en \u00f8kning av alvorlige og omfattende saker, sammenholdt med st\u00f8rre krav til avh\u00f8r og tekniske bevis. <\/p>\n<p>Politiet trenger et digitalt l\u00f8ft, samtidig som rekordmange slutter, mener hun.<\/p>\n<p>    <a itemprop=\"url\" href=\"https:\/\/www.dagbladet.no\/nyheter\/familien-for-rettssaken-i-london-brutalt\/84686439\" rel=\"nofollow noopener\" target=\"_blank\"><\/p>\n<p>        <img loading=\"lazy\" decoding=\"async\" src=\"https:\/\/www.europesays.com\/no\/wp-content\/uploads\/2026\/06\/1781346375_200_84689217.webp\" width=\"980\" height=\"441\" alt=\"\" class=\"lazyload\" style=\"--aspect-ratio-image: 2.22; \"\/><\/p>\n<p>        Familien f\u00f8r rettssaken i London: \u2010 Brutalt<\/p>\n<p>    <\/a><\/p>\n<p>N\u00e5r saken endelig er ferdig etterforsket, blir den liggende lenge \u00e5 vente p\u00e5 ledig p\u00e5talejurist.<\/p>\n<p class=\"font-weight-bold m-font-weight-bold\" data-lab-font_weight=\"font-weight-bold\">Marianne\u00a0B\u00f8rseth Steensby er leder for Politijuristene, og opplyser at ved \u00e5rsskiftet var dette tallet 17 000 saker.\u00a0<\/p>\n<p>&#8211;\u00a0 Disse sakene kommer i tillegg til daglige nye anmeldelser. Totalt sett blir belastningen for stor per p\u00e5talejurist.\u00a0Presset p\u00e5 antall straffesaker har v\u00e6rt \u00f8kende og restansene har ogs\u00e5 \u00f8kt. Det er\u00a0i dag\u00a0for f\u00e5 politiadvokater\u00a0i forhold til straffesaksmengden og politiet har hittil ikke hatt r\u00e5d til \u00e5 ta i bruk KI-verkt\u00f8y, sier hun.<\/p>\n<p> Det er i dag 1100 p\u00e5talejurister til \u00e5 behandle 350 000 saker som ble anmeldt i 2025. I tillegg kommer\u00a0belastningen av de 17 000\u00a0sakene som er ferdig etterforsket, men ikke\u00a0p\u00e5taleavgjort.<\/p>\n<p>        SAKER I NORGE: En ekstrem internettsekt tvinger barn til \u00e5 knivstikke, skade kj\u00e6ledyr og beg\u00e5 selvdrap. N\u00e5 frykter politiet at \u00abThe Community\u00bb er i ferd med \u00e5 bli et alvorlig samfunnsproblem, ogs\u00e5 i Norge. Video: Angelica Hagen, Silja Furset \/ Dagbladet \/ NTB \/ Politiet. <\/p>\n<p>&#8211; Vil koste 200 millioner<\/p>\n<p> Steensby forteller at hun forst\u00e5r at forsvarere og bistandsadvokater blir irriterte fordi politiadvokatene\u00a0ofte\u00a0ikke har tid til \u00e5 svare dem\u00a0tidsnok. <\/p>\n<p>&#8211; De l\u00f8per fra den ene\u00a0etterforskningen og rettssaken\u00a0til det andre, og det \u00e5 svare forsvarere\u00a0kan dermed\u00a0bli\u00a0nedprioritert.<\/p>\n<p>Steensby p\u00e5peker at det er en d\u00e5rlig investering for samfunnet \u00e5 la sakene\u00a0\u00abr\u00e5tne p\u00e5 rot\u00bb, og etterlyser politisk vilje.<\/p>\n<p>&#8211; Om politikerne virkelig \u00f8nsker at straffesakene skal behandles\u00a0raskere, vil det koste 200-300 millioner. Da ville de 17 000\u00a0straffesakene p\u00e5\u00a0vent, blitt ferdigbehandlet i l\u00f8pet av et \u00e5r. Det ville v\u00e6rt en stor samfunnsmessig gevinst, som ville kommet innbyggerne til gode ved at de ville f\u00e5tt raskere svar p\u00e5 hva som skjer med straffesaken, om de enten er siktet, forn\u00e6rmet eller et vitne. Mange opplever det som en stor belastning, og flere blir sykemeldte av \u00e5 ha en straffesak hengende over seg og ikke vite n\u00e5r det blir truffet en avgj\u00f8relse.<\/p>\n<p>    <a itemprop=\"url\" href=\"https:\/\/www.dagbladet.no\/nyheter\/sjokkerte-store-far-hoy-puls\/84687817\" rel=\"nofollow noopener\" target=\"_blank\"><\/p>\n<p>        <img loading=\"lazy\" decoding=\"async\" src=\"https:\/\/www.europesays.com\/no\/wp-content\/uploads\/2026\/06\/1781346376_791_84689043.webp\" width=\"980\" height=\"441\" alt=\"\" class=\"lazyload\" style=\"--aspect-ratio-image: 2.22; \"\/><\/p>\n<p>        Sjokkerte St\u00f8re: &#8211; F\u00e5r h\u00f8y puls<\/p>\n<p>    <\/a><\/p>\n<p>Statssekret\u00e6r Joakim \u00d8ren i Justisdepartementet viser til at regjeringen de siste \u00e5ra har styrket politiet og p\u00e5talemyndigheten med betydelige ressurser.\u00a0<\/p>\n<p>\u00a0&#8211; Det har aldri v\u00e6rt flere folk i politiet enn under Ap-regjeringen, sier han &#8211; og understreker at regjeringen foresl\u00e5r 40 millioner kroner mer til p\u00e5talemyndigheten i revidert nasjonalt budsjett.\u00a0<\/p>\n<p>&#8211; Dette vil gi p\u00e5talemyndigheten mulighet til \u00e5 etterforske og f\u00f8re flere saker for retten. Vi har forventninger til at en styrket styring p\u00e5 straffesaksomr\u00e5det vil gi effekter, og vi forventer at avvikende resultater n\u00e5r det gjelder saksbehandlingstid f\u00f8lges opp b\u00e5de av politiet og av Riksadvokaten.<\/p>\n<p>\u00a0<\/p>\n<p>\u00a0<\/p>\n","protected":false},"excerpt":{"rendered":"&#8211; Det er en p\u00e5g\u00e5ende krise. Jeg blir s\u00e5 frustrert. Det g\u00e5r veldig sakte, sier advokat Paal Berg&hellip;\n","protected":false},"author":2,"featured_media":264999,"comment_status":"","ping_status":"","sticky":false,"template":"","format":"standard","meta":{"footnotes":"","_share_on_mastodon":"0"},"categories":[10],"tags":[20,21,2268,24,25,15,2539,22,23,23110,13,30,28,29,14,16,26,27],"class_list":["post-264998","post","type-post","status-publish","format-standard","has-post-thumbnail","category-norge","tag-breaking-news","tag-breakingnews","tag-dod","tag-featured-news","tag-featurednews","tag-headlines","tag-innenriks","tag-latest-news","tag-latestnews","tag-mosken","tag-news","tag-no","tag-norge","tag-norway","tag-nyheter","tag-overskrifter","tag-top-stories","tag-topstories"],"share_on_mastodon":{"url":"https:\/\/pubeurope.com\/@no\/116742323768627949","error":""},"_links":{"self":[{"href":"https:\/\/www.europesays.com\/no\/wp-json\/wp\/v2\/posts\/264998","targetHints":{"allow":["GET"]}}],"collection":[{"href":"https:\/\/www.europesays.com\/no\/wp-json\/wp\/v2\/posts"}],"about":[{"href":"https:\/\/www.europesays.com\/no\/wp-json\/wp\/v2\/types\/post"}],"author":[{"embeddable":true,"href":"https:\/\/www.europesays.com\/no\/wp-json\/wp\/v2\/users\/2"}],"replies":[{"embeddable":true,"href":"https:\/\/www.europesays.com\/no\/wp-json\/wp\/v2\/comments?post=264998"}],"version-history":[{"count":0,"href":"https:\/\/www.europesays.com\/no\/wp-json\/wp\/v2\/posts\/264998\/revisions"}],"wp:featuredmedia":[{"embeddable":true,"href":"https:\/\/www.europesays.com\/no\/wp-json\/wp\/v2\/media\/264999"}],"wp:attachment":[{"href":"https:\/\/www.europesays.com\/no\/wp-json\/wp\/v2\/media?parent=264998"}],"wp:term":[{"taxonomy":"category","embeddable":true,"href":"https:\/\/www.europesays.com\/no\/wp-json\/wp\/v2\/categories?post=264998"},{"taxonomy":"post_tag","embeddable":true,"href":"https:\/\/www.europesays.com\/no\/wp-json\/wp\/v2\/tags?post=264998"}],"curies":[{"name":"wp","href":"https:\/\/api.w.org\/{rel}","templated":true}]}}