{"id":26556,"date":"2025-09-04T07:09:10","date_gmt":"2025-09-04T07:09:10","guid":{"rendered":"https:\/\/www.europesays.com\/no\/26556\/"},"modified":"2025-09-04T07:09:10","modified_gmt":"2025-09-04T07:09:10","slug":"meninger-dette-skurret-nrk","status":"publish","type":"post","link":"https:\/\/www.europesays.com\/no\/26556\/","title":{"rendered":"Meninger: Dette skurret, NRK"},"content":{"rendered":"\n<p class=\"_paragraph_ew2ao_4 _paragraph_xtcu6_10 layout-component text-serif-m layout-normal text-serif-m layout-padded\">Med fare for \u00e5 fremst\u00e5 som en eldre herre ropende mot skyen: <\/p>\n<p class=\"_paragraph_ew2ao_4 _paragraph_xtcu6_10 layout-component text-serif-m layout-normal text-serif-m layout-padded\">Det var stusslig \u00e5 h\u00f8re partilederne holde sine sluttappeller til velgerne en uke f\u00f8r vi g\u00e5r til valgurnene. <\/p>\n<p class=\"_paragraph_ew2ao_4 _paragraph_xtcu6_10 layout-component text-serif-m layout-normal text-serif-m layout-padded\">Dette skjedde p\u00e5 <a href=\"https:\/\/www.vg.no\/tag\/nrk?utm_source=vg-article&amp;utm_medium=auto-tagger&amp;utm_campaign=rPwQMR\" class=\"_link_ew2ao_39\" rel=\"nofollow noopener\" target=\"_blank\">NRKs<\/a> avsluttende partilederdebatt tirsdag kveld, alts\u00e5 seks dager f\u00f8r valget. <\/p>\n<p class=\"_paragraph_ew2ao_4 _paragraph_xtcu6_10 layout-component text-serif-m layout-normal text-serif-m layout-padded\">Det var som om valgkampen plutselig var over, midt i det verste koket, i den aller mest intense fasen. <\/p>\n<p class=\"_paragraph_ew2ao_4 _paragraph_xtcu6_10 layout-component text-serif-m layout-normal text-serif-m layout-padded\">Verst var og er det for de minste partiene \u2013 det vil si alle utenom Ap, Frp og H\u00f8yre \u2013 som p\u00e5 grunn av dette ikke f\u00e5r muligheten til \u00e5 n\u00e5 bredt ut med sine budskap den siste uken.<\/p>\n<p class=\"_paragraph_ew2ao_4 _paragraph_xtcu6_10 layout-component text-serif-m layout-normal text-serif-m layout-padded\">Mens de store f\u00e5r nye muligheter b\u00e5de p\u00e5 fredag og p\u00e5 s\u00f8ndag, selve kvelden f\u00f8r kvelden. <\/p>\n<p class=\"_paragraph_ew2ao_4 _paragraph_xtcu6_10 layout-component text-serif-m layout-normal text-serif-m layout-padded\"><strong class=\"_strong_ew2ao_25\">Det fremst\u00e5r som et aldri s\u00e5 lite demokratisk problem.<\/strong><\/p>\n<p><img alt=\"NASJONAL BEGIVENHET: NRKs sending fra partilederdebatten etter EF-avstemningen i \u00e5r nittenhundreogtogos\u00f8tti, for \u00f8vrig samme \u00e5r som Kvinnefronten ble stiftet.   Foto: SCANPIX \/ NTB\" class=\"_image_qp4xg_65 layout-component layout-normal\" data-fullscreen- data-track-element-type=\"Article image fullscreen\" data-track-name=\"ImageFullscreen\" decoding=\"async\" loading=\"lazy\" height=\"3030\" itemprop=\"image\"  src=\"https:\/\/www.europesays.com\/no\/wp-content\/uploads\/2025\/09\/58946e3d-4a39-478a-b43d-6e18f3702354\"  style=\"object-position:0% 0%\" width=\"4897\"\/>NASJONAL BEGIVENHET: NRKs sending fra partilederdebatten etter EF-avstemningen i \u00e5r nittenhundreogtogos\u00f8tti, for \u00f8vrig samme \u00e5r som Kvinnefronten ble stiftet.   Foto: SCANPIX \/ NTB<\/p>\n<p class=\"_paragraph_ew2ao_4 _paragraph_xtcu6_10 layout-component text-serif-m layout-normal text-serif-m layout-padded\">La g\u00e5 at seertallene p\u00e5 de brede partilederdebattene meget forsiktig sagt ikke er som de engang var. Velgerne, og s\u00e6rlig de yngste, vet knapt hva (s\u00e5kalt) line\u00e6r-TV er.<\/p>\n<p class=\"_paragraph_ew2ao_4 _paragraph_xtcu6_10 layout-component text-serif-m layout-normal text-serif-m layout-padded\">Partiene kommuniserer via sine egne kanaler p\u00e5 sosiale medier, og p\u00e5 gater og torg og p\u00e5 d\u00f8rstokker over hele landet. <\/p>\n<p class=\"_paragraph_ew2ao_4 _paragraph_xtcu6_10 layout-component text-serif-m layout-normal text-serif-m layout-padded\">Politikerne har slettes ikke tenkt \u00e5 trappe ned den heseblesende aktiviteten f\u00f8r noen sl\u00e5r i den store gongongen.<\/p>\n<p class=\"_paragraph_ew2ao_4 _paragraph_xtcu6_10 layout-component text-serif-m layout-normal text-serif-m layout-padded\">Og podkastere og youtubere og tiktokere durer selvsagt p\u00e5 med sitt.<\/p>\n<p class=\"_paragraph_ew2ao_4 _paragraph_xtcu6_10 layout-component text-serif-m layout-normal text-serif-m layout-padded\"><strong class=\"_strong_ew2ao_25\">Men noe skurrer. <\/strong><\/p>\n<p class=\"_paragraph_ew2ao_4 _paragraph_xtcu6_10 layout-component text-serif-m layout-normal text-serif-m layout-padded\">Noen vil sikkert avfeie dette som livsfjern nostalgi, men det f\u00e5r s\u00e5 v\u00e6re. <\/p>\n<p class=\"_paragraph_ew2ao_4 _paragraph_xtcu6_10 layout-component text-serif-m layout-normal text-serif-m layout-padded\">Jeg (og iallfall et par av kollegene mine) er mildt oppr\u00f8rt over at den rituelle og \u00e6rb\u00f8dige avslutningen p\u00e5 valgkampen, slik det var innarbeidet p\u00e5 fjernsynet, helt fra Einar Gerhardsens tid, n\u00e5 er borte.<\/p>\n<p class=\"_paragraph_ew2ao_4 _paragraph_xtcu6_10 layout-component text-serif-m layout-normal text-serif-m layout-padded\">Den store partilederdebatten fant sted fredag eller l\u00f8rdag kveld f\u00f8r valget. P\u00e5 \u00abhovedkanalen\u00bb. Det var alvor. Men ogs\u00e5 med en eim av seremoni. <\/p>\n<p class=\"_paragraph_ew2ao_4 _paragraph_xtcu6_10 layout-component text-serif-m layout-normal text-serif-m layout-padded\">En demokratisk seremoni. <\/p>\n<p class=\"_paragraph_ew2ao_4 _paragraph_xtcu6_10 layout-component text-serif-m layout-normal text-serif-m layout-padded\">Nei, vi trenger selvsagt ikke \u00e5 gjeninnf\u00f8re stoppeklokker, rigid taletid og merkelige h\u00e5ndbevegelser for \u00e5 varsle innlegg, replikk og saksopplysning. <\/p>\n<p class=\"_paragraph_ew2ao_4 _paragraph_xtcu6_10 layout-component text-serif-m layout-normal text-serif-m layout-padded\">Men som et samlende ritual som for \u00e5 avslutte feidene partiene imellom, fritt for \u00abseervennlige\u00bb p\u00e5funn, savner jeg dette: <\/p>\n<p class=\"_paragraph_ew2ao_4 _paragraph_xtcu6_10 layout-component text-serif-m layout-normal text-serif-m layout-padded\">At alle partilederne er samlet, og f\u00e5r godt med tid til \u00e5 f\u00e5 frem budskapet \u2013 med avsluttende appeller og et \u00abgodt valg\u00bb. Med en minst mulig synlig programleder. <\/p>\n<p class=\"_paragraph_ew2ao_4 _paragraph_xtcu6_10 layout-component text-serif-m layout-normal text-serif-m layout-padded\">Og n\u00e5r seansen er ferdig, s\u00e5 er valgkampen i praksis over.<\/p>\n<p class=\"_paragraph_ew2ao_4 _paragraph_xtcu6_10 layout-component text-serif-m layout-normal text-serif-m layout-padded\">Ingen kan p\u00e5legge mediehusene \u00e5 fortsette en tradisjon som ikke lenger er i n\u00e6rheten av \u00e5 ha samme nedslagsfelt som f\u00f8r. <\/p>\n<p class=\"_paragraph_ew2ao_4 _paragraph_xtcu6_10 layout-component text-serif-m layout-normal text-serif-m layout-padded\">Men i v\u00e5r fragmenterte samtid, der det kommer nye meningsm\u00e5linger f\u00f8r man rekker \u00e5 gomle i seg dagens lunsj, og partilederne er overalt p\u00e5 absolutt alle plattformer \u2013 ville en slik avsluttende debattseanse v\u00e6rt som en \u00e6rb\u00f8dig markering av v\u00e5rt stolte demokrati. <\/p>\n<p class=\"_paragraph_ew2ao_4 _paragraph_xtcu6_10 layout-component text-serif-m layout-normal text-serif-m layout-padded\">Som et slags halvoffisielt \u00abstortingsm\u00f8te\u00bb f\u00f8r den st\u00f8rste og viktigste avstemningen av dem alle:<\/p>\n<p class=\"_paragraph_ew2ao_4 _paragraph_xtcu6_10 layout-component text-serif-m layout-normal text-serif-m layout-padded\">Der vi, borgerne, skal avgj\u00f8re hvem som skal styre landet de neste fire \u00e5rene. <\/p>\n<p class=\"_paragraph_ew2ao_4 _paragraph_xtcu6_10 layout-component text-serif-m layout-normal text-serif-m layout-padded\">Det er mulig at jeg er i ferd med \u00e5 krype opp i bukkehornet p\u00e5 veggen mens jeg knirkeroper etter en tid som sikkert aldri helt var s\u00e5nn vi mener \u00e5 huske den som.<\/p>\n<p><img alt=\"SNART: Undertegnede (51).  Foto: NTB \/ NTB\" class=\"_image_qp4xg_65 layout-component layout-normal\" data-fullscreen- data-track-element-type=\"Article image fullscreen\" data-track-name=\"ImageFullscreen\" decoding=\"async\" loading=\"lazy\" height=\"3956\" itemprop=\"image\"  src=\"https:\/\/www.europesays.com\/no\/wp-content\/uploads\/2025\/09\/03cf0e92-9e5c-46a0-bd93-5a19afe23766\"  style=\"object-position:0% 0%\" width=\"3959\"\/>SNART: Undertegnede (51).  Foto: NTB \/ NTB<\/p>\n<p class=\"_paragraph_ew2ao_4 _paragraph_xtcu6_10 layout-component text-serif-m layout-normal text-serif-m layout-padded\">Men s\u00f8ren heller: Det var nesten trist \u00e5 h\u00f8re partilederne holde sine avslutningsappeller p\u00e5 tirsdag, p\u00e5 statskanalen \u2013 n\u00e5r alle vet at dette ikke er avslutningen. <\/p>\n<p class=\"_paragraph_ew2ao_4 _paragraph_xtcu6_10 layout-component text-serif-m layout-normal text-serif-m layout-padded\">Ikke engang begynnelsen p\u00e5 avslutningen. <\/p>\n<p class=\"_paragraph_ew2ao_4 _paragraph_xtcu6_10 layout-component text-serif-m layout-normal text-serif-m layout-padded\">Nei, man sier ikke \u00abgodt valg\u00bb til sine potensielle velgere en hel uke f\u00f8r valget. En uke i valgkampsammenheng er nemlig som et langt \u00e5r. <\/p>\n<p class=\"_paragraph_ew2ao_4 _paragraph_xtcu6_10 layout-component text-serif-m layout-normal text-serif-m layout-padded\"><strong class=\"_strong_ew2ao_25\">Man sier det helgen f\u00f8r. <br \/>\u2013 \u2013<br \/><\/strong>PS! Hvis du trenger noen \u00e5 snakke med om savnet etter en avsluttende partilederdebatt helgen f\u00f8r valgdagen, kan undertegnede n\u00e5s p\u00e5 r\u00f8rpost, evt. p\u00e5 telefaks, hvis jeg klarer \u00e5 f\u00e5 installert den forbaskede maskinen.<\/p>\n<p>   Dette er en kommentar. Kommentaren gir uttrykk for skribentens holdning. <\/p>\n","protected":false},"excerpt":{"rendered":"Med fare for \u00e5 fremst\u00e5 som en eldre herre ropende mot skyen: Det var stusslig \u00e5 h\u00f8re partilederne&hellip;\n","protected":false},"author":2,"featured_media":26557,"comment_status":"","ping_status":"","sticky":false,"template":"","format":"standard","meta":{"footnotes":""},"categories":[10],"tags":[20,21,1388,24,25,15,22,23,13,30,28,29,787,14,16,26,27,1931],"class_list":{"0":"post-26556","1":"post","2":"type-post","3":"status-publish","4":"format-standard","5":"has-post-thumbnail","7":"category-norge","8":"tag-breaking-news","9":"tag-breakingnews","10":"tag-demokrati","11":"tag-featured-news","12":"tag-featurednews","13":"tag-headlines","14":"tag-latest-news","15":"tag-latestnews","16":"tag-news","17":"tag-no","18":"tag-norge","19":"tag-norway","20":"tag-nrk","21":"tag-nyheter","22":"tag-overskrifter","23":"tag-top-stories","24":"tag-topstories","25":"tag-valgkamp"},"share_on_mastodon":{"url":"","error":""},"_links":{"self":[{"href":"https:\/\/www.europesays.com\/no\/wp-json\/wp\/v2\/posts\/26556","targetHints":{"allow":["GET"]}}],"collection":[{"href":"https:\/\/www.europesays.com\/no\/wp-json\/wp\/v2\/posts"}],"about":[{"href":"https:\/\/www.europesays.com\/no\/wp-json\/wp\/v2\/types\/post"}],"author":[{"embeddable":true,"href":"https:\/\/www.europesays.com\/no\/wp-json\/wp\/v2\/users\/2"}],"replies":[{"embeddable":true,"href":"https:\/\/www.europesays.com\/no\/wp-json\/wp\/v2\/comments?post=26556"}],"version-history":[{"count":0,"href":"https:\/\/www.europesays.com\/no\/wp-json\/wp\/v2\/posts\/26556\/revisions"}],"wp:featuredmedia":[{"embeddable":true,"href":"https:\/\/www.europesays.com\/no\/wp-json\/wp\/v2\/media\/26557"}],"wp:attachment":[{"href":"https:\/\/www.europesays.com\/no\/wp-json\/wp\/v2\/media?parent=26556"}],"wp:term":[{"taxonomy":"category","embeddable":true,"href":"https:\/\/www.europesays.com\/no\/wp-json\/wp\/v2\/categories?post=26556"},{"taxonomy":"post_tag","embeddable":true,"href":"https:\/\/www.europesays.com\/no\/wp-json\/wp\/v2\/tags?post=26556"}],"curies":[{"name":"wp","href":"https:\/\/api.w.org\/{rel}","templated":true}]}}