{"id":26579,"date":"2025-09-04T07:34:08","date_gmt":"2025-09-04T07:34:08","guid":{"rendered":"https:\/\/www.europesays.com\/no\/26579\/"},"modified":"2025-09-04T07:34:08","modified_gmt":"2025-09-04T07:34:08","slug":"lady-gaga-avlyste-konsert-pa-kort-varsel","status":"publish","type":"post","link":"https:\/\/www.europesays.com\/no\/26579\/","title":{"rendered":"Lady Gaga avlyste konsert p\u00e5 kort varsel"},"content":{"rendered":"\n<p class=\"_lead_ew2ao_2 _lead_xtcu6_50 layout-component text-serif-m layout-normal text-serif-l layout-component layout-wide layout-padded _wide_17hqh_1 layout-padded\">Bare f\u00e5 timer f\u00f8r hun skulle g\u00e5 p\u00e5 scenen i Miami som del av sin omfattende \u00abMayhem Ball\u00bb-turn\u00e9, s\u00e5 Lady Gaga seg n\u00f8dt til \u00e5 avlyse konserten. <\/p>\n<p><img alt=\"Lady Gaga under \u00a0Grammy Awards\u00a0 i februar.  Foto: Jordan Strauss \/ AP \/ NTB\" class=\"_image_qp4xg_65 layout-component layout-wide\" data-fullscreen- data-track-element-type=\"Article image fullscreen\" data-track-name=\"ImageFullscreen\" fetchpriority=\"high\" decoding=\"sync\" loading=\"eager\" height=\"3336\" itemprop=\"image\"  src=\"https:\/\/www.europesays.com\/no\/wp-content\/uploads\/2025\/09\/a3fe791c-da55-4e88-babb-50ff77da29b8\"  style=\"object-position:0% 0%\" width=\"5005\"\/>Lady Gaga under \u00a0Grammy Awards\u00a0 i februar.  Foto: Jordan Strauss \/ AP \/ NTB<\/p>\n<ul aria-hidden=\"true\" class=\"_images_1y6fe_106\">\n<li><a class=\"_link_1y6fe_111\" href=\"https:\/\/www.vg.no\/forfatter\/ntb\" style=\"z-index:1\" title=\"NTB\" rel=\"nofollow noopener\" target=\"_blank\"><img alt=\"Bilde av NTB\" class=\"_image_1y6fe_88\" fetchpriority=\"low\" loading=\"lazy\" decoding=\"async\" itemprop=\"image\"  src=\"https:\/\/www.europesays.com\/no\/wp-content\/uploads\/2025\/09\/1756971248_600_c33980b0-5d07-4027-84a1-813f90a7c8d6\"  width=\"480\"\/><\/a><\/li>\n<\/ul>\n<p> Oppdatert torsdag 4. september kl. 09:02     <\/p>\n<p class=\"_paragraph_ew2ao_4 _paragraph_xtcu6_10 layout-component text-serif-m layout-normal text-serif-m layout-padded\">Hun hadde allerede opptr\u00e5dt p\u00e5 Miami-arenaen s\u00f8ndag og mandag, da hun i forkant av onsdagens opptreden m\u00e5tte skuffe fansen.<\/p>\n<p class=\"_paragraph_ew2ao_4 _paragraph_xtcu6_10 layout-component text-serif-m layout-normal text-serif-m layout-padded\"> \u2013\u2060\u00a0Under \u00f8ving og oppvarming i g\u00e5r kveld var stemmen min ekstremt anstrengt. B\u00e5de legen min og stemmecoachen har sagt jeg ikke b\u00f8r g\u00e5 p\u00e5 fordi det inneb\u00e6rer stor risiko, skrev <a href=\"https:\/\/www.vg.no\/tag\/lady-gaga?utm_source=vg-article&amp;utm_medium=auto-tagger&amp;utm_campaign=rPwBpK\" class=\"_link_ew2ao_39\" rel=\"nofollow noopener\" target=\"_blank\">Lady Gaga<\/a> p\u00e5 Instagram Story if\u00f8lge<a href=\"https:\/\/deadline.com\/2025\/09\/lady-gaga-postpone-miami-mayhem-ball-tour-vocal-issues-1236506835\/\" class=\"_link_ew2ao_39\" rel=\"nofollow noopener\" target=\"_blank\"> Deadlin<\/a>e.<\/p>\n<p class=\"_paragraph_ew2ao_4 _paragraph_xtcu6_10 layout-component text-serif-m layout-normal text-serif-m layout-padded\">\u2013 Jeg vil gjerne v\u00e6re t\u00f8ff og bare kj\u00f8re p\u00e5 for deres skyld, men jeg \u00f8nsker ikke \u00e5 ta sjansen p\u00e5 langvarig eller permanent skade p\u00e5 stemmeb\u00e5ndene, utdypet Lady Gaga, som har budt p\u00e5 to og en halv time lange konserter siden turn\u00e9start i juli.<\/p>\n<p class=\"_paragraph_ew2ao_4 _paragraph_xtcu6_10 layout-component text-serif-m layout-normal text-serif-m layout-padded\"><strong class=\"_strong_ew2ao_25\">Lady Gaga ble hyllet etter dette \u2013 se video: <\/strong><\/p>\n<p class=\"_paragraph_ew2ao_4 _paragraph_xtcu6_10 layout-component text-serif-m layout-normal text-serif-m layout-padded\">Det er uvisst om stemmen er klar til neste stopp, som blant annet er dobbeltkonsert i legendariske Madison Square Garden i New York denne helgen. Hun skal etter planen ogs\u00e5 opptre p\u00e5 MTV VMA-prisgallaen 7. september. <\/p>\n<p class=\"_paragraph_ew2ao_4 _paragraph_xtcu6_10 layout-component text-serif-m layout-normal text-serif-m layout-padded\">Turneen skal ogs\u00e5 til Europa, der det n\u00e6rmeste Lady Gaga kommer Norge er trippelkonsert i Stockholm 12. til 15. oktober.<\/p>\n<p class=\"_paragraph_ew2ao_4 _paragraph_xtcu6_10 layout-component text-serif-m layout-normal text-serif-m layout-padded\"> Lady Gaga slapp l\u00e5ten \u00abThe Dead Dance\u00bb, som hadde f\u00f8lge av en musikkvideo regissert av Tim Burton \u2013 som et frempek mot hennes mye omtalte cameorolle i str\u00f8mmesuksessen \u00abWednesday\u00bb. <a href=\"https:\/\/www.youtube.com\/watch?v=xGaZBfJOyAc\" class=\"_link_ew2ao_39\" rel=\"nofollow noopener\" target=\"_blank\">Videoen <\/a> hadde 3,5 millioner visninger bare p\u00e5 Youtube i l\u00f8pet av de f\u00f8rste 14 timene. <\/p>\n","protected":false},"excerpt":{"rendered":"Bare f\u00e5 timer f\u00f8r hun skulle g\u00e5 p\u00e5 scenen i Miami som del av sin omfattende \u00abMayhem Ball\u00bb-turn\u00e9,&hellip;\n","protected":false},"author":2,"featured_media":26580,"comment_status":"","ping_status":"","sticky":false,"template":"","format":"standard","meta":{"footnotes":""},"categories":[58],"tags":[71,219,30,28,29,72],"class_list":{"0":"post-26579","1":"post","2":"type-post","3":"status-publish","4":"format-standard","5":"has-post-thumbnail","7":"category-underholdning","8":"tag-entertainment","9":"tag-lady-gaga","10":"tag-no","11":"tag-norge","12":"tag-norway","13":"tag-underholdning"},"share_on_mastodon":{"url":"","error":""},"_links":{"self":[{"href":"https:\/\/www.europesays.com\/no\/wp-json\/wp\/v2\/posts\/26579","targetHints":{"allow":["GET"]}}],"collection":[{"href":"https:\/\/www.europesays.com\/no\/wp-json\/wp\/v2\/posts"}],"about":[{"href":"https:\/\/www.europesays.com\/no\/wp-json\/wp\/v2\/types\/post"}],"author":[{"embeddable":true,"href":"https:\/\/www.europesays.com\/no\/wp-json\/wp\/v2\/users\/2"}],"replies":[{"embeddable":true,"href":"https:\/\/www.europesays.com\/no\/wp-json\/wp\/v2\/comments?post=26579"}],"version-history":[{"count":0,"href":"https:\/\/www.europesays.com\/no\/wp-json\/wp\/v2\/posts\/26579\/revisions"}],"wp:featuredmedia":[{"embeddable":true,"href":"https:\/\/www.europesays.com\/no\/wp-json\/wp\/v2\/media\/26580"}],"wp:attachment":[{"href":"https:\/\/www.europesays.com\/no\/wp-json\/wp\/v2\/media?parent=26579"}],"wp:term":[{"taxonomy":"category","embeddable":true,"href":"https:\/\/www.europesays.com\/no\/wp-json\/wp\/v2\/categories?post=26579"},{"taxonomy":"post_tag","embeddable":true,"href":"https:\/\/www.europesays.com\/no\/wp-json\/wp\/v2\/tags?post=26579"}],"curies":[{"name":"wp","href":"https:\/\/api.w.org\/{rel}","templated":true}]}}