{"id":26593,"date":"2025-09-04T07:46:16","date_gmt":"2025-09-04T07:46:16","guid":{"rendered":"https:\/\/www.europesays.com\/no\/26593\/"},"modified":"2025-09-04T07:46:16","modified_gmt":"2025-09-04T07:46:16","slug":"gambler-pa-at-ingenting-vil-skje","status":"publish","type":"post","link":"https:\/\/www.europesays.com\/no\/26593\/","title":{"rendered":"\u2013 Gambler p\u00e5 at ingenting vil skje"},"content":{"rendered":"\n<p class=\"_paragraph_ew2ao_4 _paragraph_xtcu6_10 layout-component text-serif-m layout-normal text-serif-m layout-padded\">\u2013 Der!<\/p>\n<p class=\"_paragraph_ew2ao_4 _paragraph_xtcu6_10 layout-component text-serif-m layout-normal text-serif-m layout-padded\">Gule skilt dukker opp i hopetall rundt en sving helt vest p\u00e5 Karm\u00f8y. <\/p>\n<p class=\"_paragraph_ew2ao_4 _paragraph_xtcu6_10 layout-component text-serif-m layout-normal text-serif-m layout-padded\">\u2013 Og der!<\/p>\n<p class=\"_paragraph_ew2ao_4 _paragraph_xtcu6_10 layout-component text-serif-m layout-normal text-serif-m layout-padded\">De avsl\u00f8rer det enorme nettverket av r\u00f8r som skj\u00e6rer gjennom Vestlandet. <\/p>\n<p><img alt=\"Gule skilt krysser et jorde p\u00e5 Karm\u00f8y.\" class=\"_image_qp4xg_65 layout-component layout-normal\" data-fullscreen- data-track-element-type=\"Article image fullscreen\" data-track-name=\"ImageFullscreen\" decoding=\"async\" loading=\"lazy\" height=\"5409\" itemprop=\"image\"  src=\"https:\/\/www.europesays.com\/no\/wp-content\/uploads\/2025\/09\/fba0de5b-fa20-42c3-83b2-ba304e9eea16\"  style=\"object-position:0% 0%\" width=\"7395\"\/>Gule skilt krysser et jorde p\u00e5 Karm\u00f8y.<\/p>\n<p class=\"_paragraph_ew2ao_4 _paragraph_xtcu6_10 layout-component text-serif-m layout-normal text-serif-m layout-padded\">Etter Ukraina-krigen har Norge seilt opp som Europas desidert viktigste gassleverand\u00f8r.<\/p>\n<p class=\"_paragraph_ew2ao_4 _paragraph_xtcu6_10 layout-component text-serif-m layout-normal text-serif-m layout-padded\">Hver eneste dag str\u00f8mmer millioner av flytende verdier ut av Norge. De tenner lys og holder europeiske hjem varme. <\/p>\n<p class=\"_paragraph_ew2ao_4 _paragraph_xtcu6_10 layout-component text-serif-m layout-normal text-serif-m layout-padded\">Gjennom to dager skal vi f\u00f8lge de gule mark\u00f8rene i veigr\u00f8fter, ned til vannkanten, opp bakketopper og over \u00e5kre.<\/p>\n<p> En bekymret nabo<\/p>\n<p class=\"_paragraph_ew2ao_4 _paragraph_xtcu6_10 layout-component text-serif-m layout-normal text-serif-m layout-padded\">\u2013 Jeg har bodd her like lenge som de har holdt p\u00e5 med gassr\u00f8rledninger her, forteller Elbj\u00f8rg Simonsen som VG m\u00f8ter p\u00e5 Karm\u00f8y. <\/p>\n<p class=\"_paragraph_ew2ao_4 _paragraph_xtcu6_10 layout-component text-serif-m layout-normal text-serif-m layout-padded\">2024 ble et rekord\u00e5r for gasseksporten.<\/p>\n<p class=\"_paragraph_ew2ao_4 _paragraph_xtcu6_10 layout-component text-serif-m layout-normal text-serif-m layout-padded\">Da sto Norge for 33 prosent av gassleveransen til EU og Storbritannia, viser en <a href=\"https:\/\/www.consilium.europa.eu\/en\/infographics\/where-does-the-eu-s-gas-come-from\/\" class=\"_link_ew2ao_39\" rel=\"nofollow noopener\" target=\"_blank\">oversikt<\/a> fra Europar\u00e5det.<\/p>\n<p><img alt=\"En oversikt over transportsystemet p\u00e5 norsk sokkel. De r\u00f8de linjene er gassr\u00f8rledninger. Oppdatert 22.09.2022  Foto: Norsk Petroleum\" class=\"_image_qp4xg_65 layout-component layout-normal\" data-fullscreen- data-track-element-type=\"Article image fullscreen\" data-track-name=\"ImageFullscreen\" decoding=\"async\" loading=\"lazy\" height=\"2297\" itemprop=\"image\"  src=\"https:\/\/www.europesays.com\/no\/wp-content\/uploads\/2025\/09\/01aa0205-5e08-4dd1-9406-f9b5cc444515\"  style=\"object-position:0% 0%\" width=\"1920\"\/>En oversikt over transportsystemet p\u00e5 norsk sokkel. De r\u00f8de linjene er gassr\u00f8rledninger. Oppdatert 22.09.2022  Foto: Norsk Petroleum<\/p>\n<p class=\"_paragraph_ew2ao_4 _paragraph_xtcu6_10 layout-component text-serif-m layout-normal text-serif-m layout-padded\">Vil man skade Europa, er den norske gassforsyningen et h\u00f8yst relevant sabotasjem\u00e5l, <a href=\"https:\/\/www.vg.no\/nyheter\/i\/RGyJjA\/ekspert-ut-mot-norges-beredskap-fullstendig-naivt\" data-track-element-type=\"Link\" data-track-id=\"link:RGyJjA\" class=\"_link_ew2ao_39\" rel=\"nofollow noopener\" target=\"_blank\">har en rekke eksperter tidligere uttalt<\/a>. <\/p>\n<p class=\"_paragraph_ew2ao_4 _paragraph_xtcu6_10 layout-component text-serif-m layout-normal text-serif-m layout-padded\">I <a href=\"https:\/\/www.vg.no\/tag\/pst?utm_source=vg-article&amp;utm_medium=auto-tagger&amp;utm_campaign=Oov1pA\" class=\"_link_ew2ao_39\" rel=\"nofollow noopener\" target=\"_blank\">PSTs<\/a> siste <a href=\"https:\/\/www.pst.no\/globalassets\/2025\/nasjonal-trusselvurdering-2025\/nasjonal-trusselvurdering-2025_no_web.pdf\" class=\"_link_ew2ao_39\" rel=\"nofollow noopener\" target=\"_blank\">trusselvurdering<\/a> anser man det som sannsynlig at russisk etterretning vil fors\u00f8ke \u00e5 utf\u00f8re sabotasjeaksjoner mot m\u00e5l i Norge, og at norskeid energiinfrastruktur kan v\u00e6re et m\u00e5l. <\/p>\n<p><img alt=\"\" class=\"_image_qp4xg_65 layout-component layout-normal\" data-fullscreen- data-track-element-type=\"Article image fullscreen\" data-track-name=\"ImageFullscreen\" decoding=\"async\" loading=\"lazy\" height=\"5464\" itemprop=\"image\"  src=\"https:\/\/www.europesays.com\/no\/wp-content\/uploads\/2025\/09\/13fa8a12-b4d4-4a61-9b4d-df19348d5a47\"  style=\"object-position:0% 0%\" width=\"7515\"\/><\/p>\n<p class=\"_paragraph_ew2ao_4 _paragraph_xtcu6_10 layout-component text-serif-m layout-normal text-serif-m layout-padded\">Simonsen, som ikke \u00f8nsker \u00e5 bli fotografert, forteller at etter 40 \u00e5r som gassr\u00f8rledningenes n\u00e6rmeste nabo ble Ukraina-krigen en vekker.<\/p>\n<p class=\"_paragraph_ew2ao_4 _paragraph_xtcu6_10 layout-component text-serif-m layout-normal text-serif-m layout-padded\"><strong class=\"_strong_ew2ao_25\">\u2013 Vi er jo redde for at det skal komme noen og sprenge. Vi bor jo rett ved siden av. Vi har tenkt mye p\u00e5 det etter alt dette med Ukraina og Russland. <\/strong><\/p>\n<p class=\"_paragraph_ew2ao_4 _paragraph_xtcu6_10 layout-component text-serif-m layout-normal text-serif-m layout-padded\">\u2013 Var det noe dere snakket om f\u00f8r fullskalainvasjonen startet i 2022?<\/p>\n<p class=\"_paragraph_ew2ao_4 _paragraph_xtcu6_10 layout-component text-serif-m layout-normal text-serif-m layout-padded\">\u2013 Litt, men ikke s\u00e5 mye. Ukraina-krigen ble en vekker for hva som kan skje.<\/p>\n<p><img alt=\"\" class=\"_image_qp4xg_65 layout-component layout-normal\" data-fullscreen- data-track-element-type=\"Article image fullscreen\" data-track-name=\"ImageFullscreen\" decoding=\"async\" loading=\"lazy\" height=\"5363\" itemprop=\"image\"  src=\"https:\/\/www.europesays.com\/no\/wp-content\/uploads\/2025\/09\/9d182d37-b9b0-442e-bd92-4505ba461653\"  style=\"object-position:0% 0%\" width=\"7790\"\/><\/p>\n<p class=\"_paragraph_ew2ao_4 _paragraph_xtcu6_10 layout-component text-serif-m layout-normal text-serif-m layout-padded\">F\u00f8lger man gassr\u00f8rledningene forbi kvinnens hus og rundt 20 kilometer videre inn i landet, kommer man til K\u00e5rst\u00f8. <\/p>\n<p class=\"_paragraph_ew2ao_4 _paragraph_xtcu6_10 layout-component text-serif-m layout-normal text-serif-m layout-padded\">Det er Europas st\u00f8rste naturgassanlegg og et n\u00f8kkelanlegg i Norges gassforsyning til Europa. <\/p>\n<p><img alt=\"Etter eksplosjonene ved Nord Stream h\u00f8sten 2022 bisto Heimevernet politiet med vakt og sikring ved K\u00e5rst\u00f8 prosessanlegg.\" class=\"_image_qp4xg_65 layout-component layout-normal\" data-fullscreen- data-track-element-type=\"Article image fullscreen\" data-track-name=\"ImageFullscreen\" decoding=\"async\" loading=\"lazy\" height=\"3337\" itemprop=\"image\"  src=\"https:\/\/www.europesays.com\/no\/wp-content\/uploads\/2025\/09\/05e188b2-e0b8-470c-9801-2577b4690ced\"  style=\"object-position:0% 0%\" width=\"4716\"\/>Etter eksplosjonene ved Nord Stream h\u00f8sten 2022 bisto Heimevernet politiet med vakt og sikring ved K\u00e5rst\u00f8 prosessanlegg.<\/p>\n<p class=\"_paragraph_ew2ao_4 _paragraph_xtcu6_10 layout-component text-serif-m layout-normal text-serif-m layout-padded\">Plutselig kom storpolitikk langt inn i stuen til karm\u00f8ybuen vi m\u00f8ter langs veien. <\/p>\n<p class=\"_paragraph_ew2ao_4 _paragraph_xtcu6_10 layout-component text-serif-m layout-normal text-serif-m layout-padded\">\u2013 Hvis det skjer noe, s\u00e5 m\u00e5 jo vi r\u00f8mme. Vi m\u00e5 jo bare komme oss vekk.<\/p>\n<p class=\"_paragraph_ew2ao_4 _paragraph_xtcu6_10 layout-component text-serif-m layout-normal text-serif-m layout-padded\"><strong class=\"_strong_ew2ao_25\">\u2013 Selvf\u00f8lgelig er vi redde, sier hun. <\/strong><\/p>\n<p><img alt=\"\" class=\"_image_qp4xg_65 layout-component layout-normal\" data-fullscreen- data-track-element-type=\"Article image fullscreen\" data-track-name=\"ImageFullscreen\" decoding=\"async\" loading=\"lazy\" height=\"5464\" itemprop=\"image\"  src=\"https:\/\/www.europesays.com\/no\/wp-content\/uploads\/2025\/09\/cb4394a8-b371-4a9b-bc05-565886166ad5\"  style=\"object-position:0% 0%\" width=\"8192\"\/><\/p>\n<p class=\"_paragraph_ew2ao_4 _paragraph_xtcu6_10 layout-component text-serif-m layout-normal text-serif-m layout-padded\">Ei ku kl\u00f8r seg p\u00e5 et av de gule skiltene og hopper baklengs idet en lastebil kommer susende forbi. <\/p>\n<p class=\"_paragraph_ew2ao_4 _paragraph_xtcu6_10 layout-component text-serif-m layout-normal text-serif-m layout-padded\">Turen g\u00e5r videre, og vi fanges opp av overv\u00e5kningskameraer n\u00e5r vi f\u00f8lger gule skilt forbi et sikret anlegg ut p\u00e5 et jorde. <\/p>\n<p class=\"_paragraph_ew2ao_4 _paragraph_xtcu6_10 layout-component text-serif-m layout-normal text-serif-m layout-padded\">Securitasvaktene, utsendt av Equinor, virker overrasket over \u00e5 m\u00f8te p\u00e5 to VG-journalister i regnet.<\/p>\n<p class=\"_paragraph_ew2ao_4 _paragraph_xtcu6_10 layout-component text-serif-m layout-normal text-serif-m layout-padded\">Vi skraper kum\u00f8kken av skoene, sender en varm tanke til Hertz og kj\u00f8rer videre.<\/p>\n<p> Sauegrind og s\u00e5rbarhet<\/p>\n<p class=\"_paragraph_ew2ao_4 _paragraph_xtcu6_10 layout-component text-serif-m layout-normal text-serif-m layout-padded\">\u2013 Jeg synes dette bildet er litt artig, sier Kjetil Rekdal alvorstungt.<\/p>\n<p class=\"_paragraph_ew2ao_4 _paragraph_xtcu6_10 layout-component text-serif-m layout-normal text-serif-m layout-padded\">Han er politiinspekt\u00f8r i Vest politidistrikt og st\u00e5r foran en storskjerm p\u00e5 konferansen til Politiets Fellesforbund.<\/p>\n<p class=\"_paragraph_ew2ao_4 _paragraph_xtcu6_10 layout-component text-serif-m layout-normal text-serif-m layout-padded\">Rekdal leder og koordinerer politiets operative virksomhet i Vest, og har ansvar for \u00f8ving og beredskap. Han viser frem et bilde som er hentet fra Google Maps. <\/p>\n<p class=\"_paragraph_ew2ao_4 _paragraph_xtcu6_10 layout-component text-serif-m layout-normal text-serif-m layout-padded\">\u2013 Dette er deler av v\u00e5r kritiske infrastruktur. En sauegrind. De gule prikkene er der gassr\u00f8ret g\u00e5r. Jeg synes det sier noe om s\u00e5rbarhetene v\u00e5re.<\/p>\n<p><img alt=\"\" class=\"_image_qp4xg_65 layout-component layout-normal\" data-fullscreen- data-track-element-type=\"Article image fullscreen\" data-track-name=\"ImageFullscreen\" decoding=\"async\" loading=\"lazy\" height=\"5464\" itemprop=\"image\"  src=\"https:\/\/www.europesays.com\/no\/wp-content\/uploads\/2025\/09\/9737b934-2b36-4589-bd1d-deb1df112bac\"  style=\"object-position:0% 0%\" width=\"7561\"\/><\/p>\n<p class=\"_paragraph_ew2ao_4 _paragraph_xtcu6_10 layout-component text-serif-m layout-normal text-serif-m layout-padded\">VG legger inn sauegrindens koordinater i GPSen, og vender nesen nordover mot Vest politidistrikt. <\/p>\n<p class=\"_paragraph_ew2ao_4 _paragraph_xtcu6_10 layout-component text-serif-m layout-normal text-serif-m layout-padded\">P\u00e5 konferansen lar Rekdal et sp\u00f8rsm\u00e5l henge i luften:<\/p>\n<p class=\"_paragraph_ew2ao_4 _paragraph_xtcu6_10 layout-component text-serif-m layout-normal text-serif-m layout-padded\"><strong class=\"_strong_ew2ao_25\">\u2013 Tar vi godt vare p\u00e5 det eller antar vi at det ikke vil skje noe?<\/strong><\/p>\n<p><img decoding=\"async\" alt=\"Bilde av Kjetil Rekdal\" class=\"_image_ygndg_42\" height=\"31\" itemprop=\"image\" loading=\"lazy\"  src=\"https:\/\/www.europesays.com\/no\/wp-content\/uploads\/2025\/09\/c0a224a5-1573-4eeb-9ba0-074800f5656f\"  width=\"40\"\/><strong class=\"_name_ygndg_51 title-serif-xs\">Kjetil Rekdal<\/strong><\/p>\n<p class=\"_paragraph_ew2ao_4 text-sans-m _description_ygndg_56\">Politiinspekt\u00f8r, Felles enhet for operative tjenester, Vest politidistrikt. Foto: Hallgeir V\u00e5genes, VG<\/p>\n<p class=\"_paragraph_ew2ao_4 _paragraph_xtcu6_10 layout-component text-serif-m layout-normal text-serif-m layout-padded\">Sauegrinden m\u00f8ter oss p\u00e5 vei utover \u00d8ygarden, et viktig knutepunkt for Norges energisektor. <\/p>\n<p class=\"_paragraph_ew2ao_4 _paragraph_xtcu6_10 layout-component text-serif-m layout-normal text-serif-m layout-padded\">Her ligger blant annet Equinor sitt prosessanlegg, Kollsnes, som behandler gass fra felt i Nordsj\u00f8en f\u00f8r det sendes videre til Europa. <\/p>\n<p class=\"_paragraph_ew2ao_4 _paragraph_xtcu6_10 layout-component text-serif-m layout-normal text-serif-m layout-padded\">Mer enn <a href=\"https:\/\/www.equinor.com\/no\/energi\/oygarden\" class=\"_link_ew2ao_39\" rel=\"nofollow noopener\" target=\"_blank\">40 prosent av all norsk gasseksport<\/a> g\u00e5r via Kollsnes, skriver Equinor p\u00e5 sine sider.<\/p>\n<p><img alt=\"Prosessanlegget p\u00e5 Kollsnes kan behandle 156 millioner standard kubikkmeter naturgass i d\u00f8gnet.\" class=\"_image_qp4xg_65 layout-component layout-normal\" data-fullscreen- data-track-element-type=\"Article image fullscreen\" data-track-name=\"ImageFullscreen\" decoding=\"async\" loading=\"lazy\" height=\"4536\" itemprop=\"image\"  src=\"https:\/\/www.europesays.com\/no\/wp-content\/uploads\/2025\/09\/8c2731a4-dbf4-4f86-a0dd-f2c877d5e581\"  style=\"object-position:0% 0%\" width=\"7111\"\/>Prosessanlegget p\u00e5 Kollsnes kan behandle 156 millioner standard kubikkmeter naturgass i d\u00f8gnet.<\/p>\n<p class=\"_paragraph_ew2ao_4 _paragraph_xtcu6_10 layout-component text-serif-m layout-normal text-serif-m layout-padded\">\u2013 Hvis man ser p\u00e5 hva Russland fors\u00f8ker \u00e5 ramme i Ukraina og omvendt, s\u00e5 er det akkurat disse tingene her. Det er forsyning av str\u00f8m og energi, sier St\u00e5le Ulriksen ved Sj\u00f8krigsskolen.<\/p>\n<p class=\"_paragraph_ew2ao_4 _paragraph_xtcu6_10 layout-component text-serif-m layout-normal text-serif-m layout-padded\">Her hjemme i Norge tok en prorussisk hackergruppe <a href=\"https:\/\/www.vg.no\/nyheter\/i\/mPJaE4\/pst-sjefen-mener-pro-russiske-hackere-sto-bak-cyberangrepet-mot-damanlegget-i-bremanger\" data-track-element-type=\"Link\" data-track-id=\"link:mPJaE4\" class=\"_link_ew2ao_39\" rel=\"nofollow noopener\" target=\"_blank\">kontroll over et damanlegg<\/a> i Bremanger i april.<\/p>\n<p class=\"_paragraph_ew2ao_4 _paragraph_xtcu6_10 layout-component text-serif-m layout-normal text-serif-m layout-padded\">Ulriksen har forsket p\u00e5 forsvar og sikkerhetspolitiske sp\u00f8rsm\u00e5l i en \u00e5rrekke, og er kritisk til hvorvidt man har tatt innover seg betydningen av Norges rolle som gassleverand\u00f8r. <\/p>\n<p class=\"_paragraph_ew2ao_4 _paragraph_xtcu6_10 layout-component text-serif-m layout-normal text-serif-m layout-padded\">\u2013 Vi pleier \u00e5 se p\u00e5 oss selv som et lite land i utkanten av verden, men her er vi alts\u00e5 en sentral akt\u00f8r. Da er vi ogs\u00e5 mer utsatt.<\/p>\n<p><img alt=\"VG f\u00f8lger gule skilt innover i skogen.\" class=\"_image_qp4xg_65 layout-component layout-normal\" data-fullscreen- data-track-element-type=\"Article image fullscreen\" data-track-name=\"ImageFullscreen\" decoding=\"async\" loading=\"lazy\" height=\"5464\" itemprop=\"image\"  src=\"https:\/\/www.europesays.com\/no\/wp-content\/uploads\/2025\/09\/ce45a1a8-c83c-4aa0-ac63-9866e4d919b0\"  style=\"object-position:0% 0%\" width=\"8192\"\/>VG f\u00f8lger gule skilt innover i skogen.<\/p>\n<p class=\"_paragraph_ew2ao_4 _paragraph_xtcu6_10 layout-component text-serif-m layout-normal text-serif-m layout-padded\">Det er Gassco som drifter det norske r\u00f8rledningssystemet. Selskapet er heleid av den norske stat.<\/p>\n<p class=\"_paragraph_ew2ao_4 _paragraph_xtcu6_10 layout-component text-serif-m layout-normal text-serif-m layout-padded\">\u2013 Hva tenker du om sikringen av gassr\u00f8rledninger? St\u00e5r det i samsvar med det skjerpede trusselbildet?<\/p>\n<p class=\"_paragraph_ew2ao_4 _paragraph_xtcu6_10 layout-component text-serif-m layout-normal text-serif-m layout-padded\">\u2013 Nei, ikke i det hele tatt. N\u00e5 gambler man p\u00e5 at ingenting vil skje. Men det vil ogs\u00e5 kreve enorme ressurser \u00e5 sikre de, sier han. <\/p>\n<p><img decoding=\"async\" alt=\"Bilde av St\u00e5le Ulriksen\" class=\"_image_ygndg_42\" height=\"53\" itemprop=\"image\" loading=\"lazy\"  src=\"https:\/\/www.europesays.com\/no\/wp-content\/uploads\/2025\/09\/2782f5ee-884d-4bdc-bd22-79e81bc33852\"  width=\"40\"\/><strong class=\"_name_ygndg_51 title-serif-xs\">St\u00e5le Ulriksen<\/strong><\/p>\n<p class=\"_paragraph_ew2ao_4 text-sans-m _description_ygndg_56\">Forsker og underviser ved Sj\u00f8krigsskolen.<\/p>\n<p class=\"_paragraph_ew2ao_4 _paragraph_xtcu6_10 layout-component text-serif-m layout-normal text-serif-m layout-padded\">Kommunikasjonsdirekt\u00f8r i Gassco, Linda Nordb\u00f8, skriver i en e-post til VG at selskapet ikke kjenner seg igjen i Ulriksens beskrivelse av sikringsniv\u00e5et for norsk gassinfrastruktur. <\/p>\n<p class=\"_paragraph_ew2ao_4 _paragraph_xtcu6_10 layout-component text-serif-m layout-normal text-serif-m layout-padded\"><strong class=\"_strong_ew2ao_25\">\u2013 Sikring og beredskap omfatter langt mer enn det som er synlig for allmennheten. Disse tiltakene er en del av et st\u00f8rre sikringsarbeid, men av hensyn til nettopp sikkerheten omtales ikke detaljer om operasjonelle og tekniske tiltak.<\/strong><\/p>\n<p class=\"_paragraph_ew2ao_4 _paragraph_xtcu6_10 layout-component text-serif-m layout-normal text-serif-m layout-padded\">Les mer av Gasscos svar lenger ned i saken. <\/p>\n<p> 8600 km med r\u00f8r<\/p>\n<p class=\"_paragraph_ew2ao_4 _paragraph_xtcu6_10 layout-component text-serif-m layout-normal text-serif-m layout-padded\">Etter eksplosjonene p\u00e5 gassr\u00f8rene Nord Stream 1 og 2 h\u00f8sten 2022, ble Gassco underlagt sikkerhetsloven. <\/p>\n<p class=\"_paragraph_ew2ao_4 _paragraph_xtcu6_10 layout-component text-serif-m layout-normal text-serif-m layout-padded\">Det betyr at lederne i selskapet kan f\u00e5 tilgang p\u00e5 gradert informasjon, jobbe tettere med sikkerhetsmyndighetene, samt at det gir selskapet \u00f8kt ansvar for \u00e5 sikre sine samfunnskritiske objekter. <\/p>\n<p class=\"_paragraph_ew2ao_4 _paragraph_xtcu6_10 layout-component text-serif-m layout-normal text-serif-m layout-padded\"><strong class=\"_strong_ew2ao_25\">I Gasscos tilfelle er det alts\u00e5 deres ansvar \u00e5 sikre gassr\u00f8rene, som strekker seg 8600 kilometer p\u00e5 land og under vann. <\/strong><\/p>\n<p class=\"_paragraph_ew2ao_4 _paragraph_xtcu6_10 layout-component text-serif-m layout-normal text-serif-m layout-padded\">Det understreker ogs\u00e5 Havindustritilsynet (Havtil), ved pressekontakt Eileen Brundtland. Havtil f\u00f8rer blant annet tilsyn med det norske r\u00f8rledningssystemet:<\/p>\n<p class=\"_paragraph_ew2ao_4 _paragraph_xtcu6_10 layout-component text-serif-m layout-normal text-serif-m layout-padded\">\u2013 Det er operat\u00f8rens ansvar \u00e5 sikre r\u00f8rsystemene sine. Politiet har ansvar for \u00e5 h\u00e5ndtere situasjonen dersom det skjer en sikringshendelse.<\/p>\n<p class=\"_paragraph_ew2ao_4 _paragraph_xtcu6_10 layout-component text-serif-m layout-normal text-serif-m layout-padded\">Politimesteren i Vest, Ane Kvaal, viser ogs\u00e5 til Gassco og \u00f8nsker ikke \u00e5 kommentere sikringen av gassr\u00f8rledningene.<\/p>\n<p class=\"_paragraph_ew2ao_4 _paragraph_xtcu6_10 layout-component text-serif-m layout-normal text-serif-m layout-padded\">\u2013 Vi \u00f8nsker at b\u00e5de innbyggere og n\u00e6ringslivet sikrer sine egne verdier ogs\u00e5 fordi da f\u00e5r vi en lettere h\u00e5ndtering. Da er det ikke sikkert at vi m\u00e5 gj\u00f8re s\u00e5 mye som vi faktisk gj\u00f8r, sier hun. <\/p>\n<p><img decoding=\"async\" alt=\"Bilde av Ane Kvaal, politimester Vest\" class=\"_image_ygndg_42\" height=\"40\" itemprop=\"image\" loading=\"lazy\"  src=\"https:\/\/www.europesays.com\/no\/wp-content\/uploads\/2025\/09\/5d4fcba9-09ec-4e70-9c3c-7d63a7d7f88f\"  width=\"40\"\/><strong class=\"_name_ygndg_51 title-serif-xs\">Ane Kvaal, politimester Vest<\/strong><\/p>\n<p class=\"_paragraph_ew2ao_4 _paragraph_xtcu6_10 layout-component text-serif-m layout-normal text-serif-m layout-padded\">\u2013 Reflekterer sikringen av gassr\u00f8rledningene at man har sikkerhet fremst i pannebrasken?<\/p>\n<p class=\"_paragraph_ew2ao_4 _paragraph_xtcu6_10 layout-component text-serif-m layout-normal text-serif-m layout-padded\">\u2013 Det f\u00e5r n\u00e6ringslivet og objekteier vurdere selv. Vi har et veldig godt samarbeid, og vi har \u00e5rlig, store felles\u00f8velser med energisektoren, svarer Kvaal.<\/p>\n<p class=\"_paragraph_ew2ao_4 _paragraph_xtcu6_10 layout-component text-serif-m layout-normal text-serif-m layout-padded\">\u2013 Politiet st\u00e5r ikke og sikrer, det er opp til hver enkelt objekteier. Vi h\u00e5ndterer situasjonen etter beste evne n\u00e5r den oppst\u00e5r. <\/p>\n<p><img alt=\"Her g\u00e5r gassr\u00f8rledningene langs en popul\u00e6r tursti p\u00e5 Karm\u00f8y.\" class=\"_image_qp4xg_65 layout-component layout-normal\" data-fullscreen- data-track-element-type=\"Article image fullscreen\" data-track-name=\"ImageFullscreen\" decoding=\"async\" loading=\"lazy\" height=\"5012\" itemprop=\"image\"  src=\"https:\/\/www.europesays.com\/no\/wp-content\/uploads\/2025\/09\/f412f4ca-e1fd-4889-a939-00335ed0a7f7\"  style=\"object-position:0% 0%\" width=\"7703\"\/>Her g\u00e5r gassr\u00f8rledningene langs en popul\u00e6r tursti p\u00e5 Karm\u00f8y.<\/p>\n<p class=\"_paragraph_ew2ao_4 _paragraph_xtcu6_10 layout-component text-serif-m layout-normal text-serif-m layout-padded\">\u2013 Vi justerer tiltakene fortl\u00f8pende i tr\u00e5d med situasjonen rundt oss, skriver Linda Nordb\u00f8, kommunikasjonsdirekt\u00f8r i Gassco, i en e-post til VG. <\/p>\n<p class=\"_paragraph_ew2ao_4 _paragraph_xtcu6_10 layout-component text-serif-m layout-normal text-serif-m layout-padded\">Hun understreker at sikkerhet er selskapets h\u00f8yeste prioritet og at de har operert med forh\u00f8yet sikkerhetsniv\u00e5 siden 2022. <\/p>\n<p class=\"_paragraph_ew2ao_4 _paragraph_xtcu6_10 layout-component text-serif-m layout-normal text-serif-m layout-padded\">\u2013 Vurderinger og tiltak gj\u00f8res i tett dialog med nasjonale og internasjonale sikringsmyndigheter som politiet, Politiets sikkerhetstjeneste, Nasjonal sikkerhetsmyndighet, Forsvaret og NATO.<\/p>\n<p><img alt=\"De uanmeldte gjestene fra VG tas skeptisk imot. Bak kua er fem skilt plassert ut.\" class=\"_image_qp4xg_65 layout-component layout-normal\" data-fullscreen- data-track-element-type=\"Article image fullscreen\" data-track-name=\"ImageFullscreen\" decoding=\"async\" loading=\"lazy\" height=\"5464\" itemprop=\"image\"  src=\"https:\/\/www.europesays.com\/no\/wp-content\/uploads\/2025\/09\/262f860b-fc42-4b8b-a242-267f43d9274e\"  style=\"object-position:0% 0%\" width=\"7975\"\/>De uanmeldte gjestene fra VG tas skeptisk imot. Bak kua er fem skilt plassert ut.<\/p>\n<p class=\"_paragraph_ew2ao_4 _paragraph_xtcu6_10 layout-component text-serif-m layout-normal text-serif-m layout-padded\">P\u00e5 sp\u00f8rsm\u00e5l om hvorfor Gassco velger \u00e5 markere hvor gassr\u00f8rledningene er gravd ned med gule skilt, svarer Nordb\u00f8:<\/p>\n<p class=\"_paragraph_ew2ao_4 _paragraph_xtcu6_10 layout-component text-serif-m layout-normal text-serif-m layout-padded\">\u2013 Skilting og fysiske barrierer som for eksempel gjerder og overv\u00e5kningssystemer er prim\u00e6rt etablert for \u00e5 forhindre ulykker, og ivareta sikkerheten til<strong class=\"_strong_ew2ao_25\"> <\/strong>mennesker eller andre akt\u00f8rer som ferdes i n\u00e6rheten av infrastrukturen.<\/p>\n<p class=\"_paragraph_ew2ao_4 _paragraph_xtcu6_10 layout-component text-serif-m layout-normal text-serif-m layout-padded\">Nordb\u00f8 skriver videre at Gassco tester beredskapen jevnlig gjennom \u00f8velser.<\/p>\n<p class=\"_paragraph_ew2ao_4 _paragraph_xtcu6_10 layout-component text-serif-m layout-normal text-serif-m layout-padded\">\u2013 Det er trygt \u00e5 bo langs en gassr\u00f8rledning. Selv om sannsynligheten for at noe skjer er sv\u00e6rt lav, har vi gode planer og tiltak som gj\u00f8r at vi kan begrense skade \u2013 b\u00e5de for samfunnet og for dem som bor i n\u00e6rheten, i tillegg til \u00e5 h\u00e5ndtere eventuelle konsekvenser for gasstransporten. Dette er ogs\u00e5 scenarier vi har trent p\u00e5 gjennom hele v\u00e5r historie, avslutter hun. <\/p>\n","protected":false},"excerpt":{"rendered":"\u2013 Der! Gule skilt dukker opp i hopetall rundt en sving helt vest p\u00e5 Karm\u00f8y. \u2013 Og der!&hellip;\n","protected":false},"author":2,"featured_media":26594,"comment_status":"","ping_status":"","sticky":false,"template":"","format":"standard","meta":{"footnotes":""},"categories":[5],"tags":[20,21,24,25,4264,15,19,22,23,17,18,13,30,28,29,14,16,254,1190,188,1537,26,27,205],"class_list":{"0":"post-26593","1":"post","2":"type-post","3":"status-publish","4":"format-standard","5":"has-post-thumbnail","7":"category-overskrifter","8":"tag-breaking-news","9":"tag-breakingnews","10":"tag-featured-news","11":"tag-featurednews","12":"tag-gassco","13":"tag-headlines","14":"tag-hovedoppslag","15":"tag-latest-news","16":"tag-latestnews","17":"tag-main-news","18":"tag-mainnews","19":"tag-news","20":"tag-no","21":"tag-norge","22":"tag-norway","23":"tag-nyheter","24":"tag-overskrifter","25":"tag-politi","26":"tag-pst","27":"tag-russland","28":"tag-sabotasje","29":"tag-top-stories","30":"tag-topstories","31":"tag-vgsamfunn"},"share_on_mastodon":{"url":"","error":""},"_links":{"self":[{"href":"https:\/\/www.europesays.com\/no\/wp-json\/wp\/v2\/posts\/26593","targetHints":{"allow":["GET"]}}],"collection":[{"href":"https:\/\/www.europesays.com\/no\/wp-json\/wp\/v2\/posts"}],"about":[{"href":"https:\/\/www.europesays.com\/no\/wp-json\/wp\/v2\/types\/post"}],"author":[{"embeddable":true,"href":"https:\/\/www.europesays.com\/no\/wp-json\/wp\/v2\/users\/2"}],"replies":[{"embeddable":true,"href":"https:\/\/www.europesays.com\/no\/wp-json\/wp\/v2\/comments?post=26593"}],"version-history":[{"count":0,"href":"https:\/\/www.europesays.com\/no\/wp-json\/wp\/v2\/posts\/26593\/revisions"}],"wp:featuredmedia":[{"embeddable":true,"href":"https:\/\/www.europesays.com\/no\/wp-json\/wp\/v2\/media\/26594"}],"wp:attachment":[{"href":"https:\/\/www.europesays.com\/no\/wp-json\/wp\/v2\/media?parent=26593"}],"wp:term":[{"taxonomy":"category","embeddable":true,"href":"https:\/\/www.europesays.com\/no\/wp-json\/wp\/v2\/categories?post=26593"},{"taxonomy":"post_tag","embeddable":true,"href":"https:\/\/www.europesays.com\/no\/wp-json\/wp\/v2\/tags?post=26593"}],"curies":[{"name":"wp","href":"https:\/\/api.w.org\/{rel}","templated":true}]}}