{"id":265935,"date":"2026-06-14T12:39:36","date_gmt":"2026-06-14T12:39:36","guid":{"rendered":"https:\/\/www.europesays.com\/no\/265935\/"},"modified":"2026-06-14T12:39:36","modified_gmt":"2026-06-14T12:39:36","slug":"har-ventet-pa-nytt-bryst-i-fem-ar","status":"publish","type":"post","link":"https:\/\/www.europesays.com\/no\/265935\/","title":{"rendered":"Har ventet p\u00e5 nytt bryst i fem \u00e5r"},"content":{"rendered":"<p>&#8211; Jeg f\u00f8ler meg stygg og misfostret. Jeg tenker ikke p\u00e5 andre kvinner med ett bryst som det, men p\u00e5 meg selv.\u00a0<\/p>\n<p>For Linda Linneberg (48) er det vanskelig \u00e5 legge kreftdiagnosen hun fikk i 2020 bak seg. I over fem \u00e5r har hun ventet p\u00e5 nytt bryst.<\/p>\n<p>Linda hadde kjent en kul i over et \u00e5r da hun fikk diagnosen i juli 2020.\u00a0<\/p>\n<p>&#8211; Kulen min var ganske stor. Man h\u00f8rer jo alltid at man skal kjenne etter sm\u00e5 kuler, s\u00e5 jeg trodde det var en hoven melkekjertel siden jeg hadde ammet for ikke s\u00e5 lenge siden.\u00a0<\/p>\n<p>I januar 2020 ble Lindas s\u00f8nn, som blant annet har diagnosene cerebral parese og epilepsi, og som er avhengig av hjelp, hasteoperert. Det var derfor andre ting enn kulen i brystet som opptok moren. Da pandemien stengte ned landet i mars samme \u00e5r, ble det ogs\u00e5 oppfordret til \u00e5 ikke opps\u00f8ke lege om det ikke var alvorlig. Linneberg slo seg til ro med at det hun trodde var en hoven melkekjertel, ikke var alvorlig.\u00a0<\/p>\n<p>        <img loading=\"lazy\" decoding=\"async\" src=\"https:\/\/www.europesays.com\/no\/wp-content\/uploads\/2026\/06\/84407988.webp\" width=\"980\" height=\"559\" alt=\"\" class=\"\" style=\"--aspect-ratio-image: 1.75; \"\/><\/p>\n<p>\n        TREBARNSMOR: Linda har tre barn. Hun synes mangelen p\u00e5 et bryst setter begrensninger for hva hun klarer \u00e5 v\u00e6re med p\u00e5. Foto: Carina Johansen \/ Dagbladet\n    <\/p>\n<p>Da et familiemedlem fikk p\u00e5vist brystkreft med spredning til skjelettet p\u00e5 forsommeren, tvang ektemannen Linda til legen, forteller hun.\u00a0<\/p>\n<p>I slutten av juli tok de en pause fra sommerferien i campingvogna p\u00e5 S\u00f8rlandet, for \u00e5 reise til Stavanger for mammografi. Da hadde hun kjent p\u00e5 tegn en stund, forteller Linda.\u00a0<\/p>\n<p>&#8211; Jeg hadde v\u00e6rt mye kvalm og kastet opp, og f\u00f8lt meg slapp.<\/p>\n<p>    <a itemprop=\"url\" href=\"https:\/\/www.dagbladet.no\/kjendis\/fjernet-brystene-en-lettelse\/84687070\" rel=\"nofollow noopener\" target=\"_blank\"><\/p>\n<p>        <img loading=\"lazy\" decoding=\"async\" src=\"https:\/\/www.europesays.com\/no\/wp-content\/uploads\/2026\/06\/84687079.webp\" width=\"980\" height=\"441\" alt=\"\" class=\"lazyload\" style=\"--aspect-ratio-image: 2.22; \"\/><\/p>\n<p>        Fjernet brystene: &#8211; En lettelse<\/p>\n<p>    <\/a><\/p>\n<p>Brystvorten hadde ogs\u00e5 plutselig vendt seg innover, som i noen tilfeller kan v\u00e6re tegn p\u00e5 at en svulst i brystet trekker vevet innover.\u00a0<\/p>\n<p>Ektemannen fikk bli med inn, tross coronarestriksjonene.\u00a0<\/p>\n<p>&#8211; Legen sa bare at \u00abdet kommer vel ikke som noe sjokk for deg at du har brystkreft\u00bb. Og det gjorde det jo ikke. Jeg visste det innerst inne, sier Linda.\u00a0<\/p>\n<p>        <img loading=\"lazy\" decoding=\"async\" src=\"https:\/\/www.europesays.com\/no\/wp-content\/uploads\/2026\/06\/84408159.webp\" width=\"667\" height=\"381\" alt=\"\" class=\"\" style=\"--aspect-ratio-image: 1.75; \"\/><\/p>\n<p>\n        KLARER IKKE: &#8211; Jeg beundrer folk som klarer \u00e5 ikke bry seg s\u00e5 mye. Foto: Carina Johansen \/ Dagbladet\n    <\/p>\n<p>&#8211; Jeg holdt p\u00e5 \u00e5 d\u00f8\t<\/p>\n<p>I h\u00f8yre bryst var det en stor svulst og flere sm\u00e5svulster. Det var ogs\u00e5 spredning til lymfene under armen.\u00a0<\/p>\n<p>Svulsten var for stor til \u00e5 kunne opereres med en gang p\u00e5 grunn av risikoen for spredning, og Linneberg ble satt p\u00e5 cellegift for \u00e5 krympe den.\u00a0<\/p>\n<p>Hyppige sykehusbes\u00f8k er ikke noe nytt for 48-\u00e5ringen, som i over 20 \u00e5r har v\u00e6rt inn og ut av sykehus med s\u00f8nnen.\u00a0<\/p>\n<p>&#8211; Vi har p\u00e5 en m\u00e5te vunnet i omvendt Lotto n\u00e5r det gjelder helse. N\u00e5r det f\u00f8rst skulle komme kreft i familien, er jeg glad for at det var jeg som ble rammet og ikke ungene.\u00a0<\/p>\n<p>Behandlingsforl\u00f8pet ble hardere enn hun kunne forestille seg. Under den f\u00f8rste cellegiftkuren ble Linneberg syk og havnet p\u00e5 isolat med nedsatt immunforsvar.<\/p>\n<p>        <img loading=\"lazy\" decoding=\"async\" src=\"https:\/\/www.europesays.com\/no\/wp-content\/uploads\/2026\/06\/84685197.webp\" width=\"667\" height=\"481\" alt=\"\" class=\"\" style=\"--aspect-ratio-image: 1.39; \"\/><\/p>\n<p>\n        F\u00d8RSTE BEHANDLING: Linda p\u00e5 sykehuset for \u00e5 f\u00e5 den f\u00f8rste behandlingen med cellegift. Foto: Privat\n    <\/p>\n<p>&#8211; Immunforsvaret mitt t\u00e5lte ingenting. Agurken m\u00e5tte skrelles for \u00e5 hindre at jeg kunne f\u00e5 i meg bakterier, forteller hun.\u00a0<\/p>\n<p>Hun kom seg gjennom jula, men p\u00e5 ny\u00e5ret v\u00e5knet hun p\u00e5 mannen og datterens bursdag og klarte nesten ikke \u00e5 puste. Bare \u00e5 g\u00e5 fra senga til toalettet var en pr\u00f8velse.\u00a0<\/p>\n<p>Det viste seg \u00e5 v\u00e6re kjemisk lungebetennelse, pneumonitt, forteller Linda.<\/p>\n<p>&#8211; Jeg holdt p\u00e5 \u00e5 d\u00f8 av den lungebetennelsen, sier hun.\u00a0<\/p>\n<p>Redningen ble en heftig runde med kortison, som hun fortsatt strever med f\u00f8lgene av, forteller hun.\u00a0<\/p>\n<p>        <img loading=\"lazy\" decoding=\"async\" src=\"https:\/\/www.europesays.com\/no\/wp-content\/uploads\/2026\/06\/84408085.webp\" width=\"980\" height=\"559\" alt=\"\" class=\"\" style=\"--aspect-ratio-image: 1.75; \"\/><\/p>\n<p>\n        AVSLUTTET BEHANDLING: Linda valgte nylig \u00e5 avslutte hormonbehandlingen hun har g\u00e5tt p\u00e5 etter brystkreften. Selv om det \u00f8ker risikoen for tilbakefall. \u00c5rsaken var de store plagene hun fikk av behandlingen. &#8211; Det er bedre med ti gode \u00e5r enn tjue grusomme, sier hun. Foto: Carina Johansen \/ Dagbladet\n    <\/p>\n<p>&#8211; Det m\u00e5tte vekk\t<\/p>\n<p>I februar 2021 hadde svulsten krympet nok til at hun kunne gjennomg\u00e5 en operasjon.\u00a0<\/p>\n<p>I forkant hadde en kirurg ringt og gitt henne valget om brystbevarende kirurgi eller at hele brystet skulle fjernes, forteller Linneberg.\u00a0<\/p>\n<p>&#8211; Men jeg hadde ikke noe valg. Hun sa at jeg hadde s\u00e5 mye kreft at det var stor risiko for tilbakefall om jeg beholdt brystet. Det m\u00e5tte jo vekk.\u00a0<\/p>\n<p>        <img loading=\"lazy\" decoding=\"async\" src=\"https:\/\/www.europesays.com\/no\/wp-content\/uploads\/2026\/06\/84685187.webp\" width=\"667\" height=\"601\" alt=\"\" class=\"\" style=\"--aspect-ratio-image: 1.11; \"\/><\/p>\n<p>\n        ANNERLEDES JUL: Linda og ektemannen avbildet i jula 2020 &#8211; \u00e5ret Linda ble syk. Hun ble i stadig verre form og p\u00e5 ny\u00e5ret ble hun sv\u00e6rt d\u00e5rlig og innlagt p\u00e5 sykehus. Foto: Privat\n    <\/p>\n<p data-lab-font_weight=\"\">Etter operasjonen ventet str\u00e5lebehandling. Linneberg fikk det hun kaller \u00abcoronastr\u00e5ling\u00bb, som innebar at hun fikk h\u00f8yere doser over tre uker, framfor fem, for \u00e5 ikke v\u00e6re s\u00e5 mye p\u00e5 sykehuset under pandemien.\u00a0<\/p>\n<p data-lab-font_weight=\"\">&#8211; Det gjorde at jeg fikk mer str\u00e5leskader. Blant annet p\u00e5 h\u00f8yre lunge. Huden er ogs\u00e5 veldig stram, sier hun.\u00a0<\/p>\n<p>        \u00abBUCKET LIST\u00bb: Influenser Oskar Westerlin m\u00f8tte kreftsyke Lex for f\u00f8rste gang i 2023. Da l\u00e5 han p\u00e5 Radiumhospitalet, og kjempet mot den sjeldne kreftsykdommen Ewings sarkom. S\u00e5 fikk Lex sjokkbeskjeden om at han aldri kommer til \u00e5 bli frisk. Da ba Oskar ham om \u00e5 sette opp en \u00abbucket list\u00bb &#8211; som n\u00e5 har blitt en dokumentar. Video: \u00abGj\u00f8r Alt P\u00e5 Bucket Listen Til En Kreftsyk 17-\u00e5ring\u00bb\/ YouTube @oskarwesterlin\/ Sanne Holt\/ Thea Hope\/ R\u00f8d L\u00f8per<\/p>\n<p>Det er ikke uvanlig at huden blir stram etter str\u00e5ling, og anbefalingen er \u00e5 vente noe tid med \u00e5 gjennomg\u00e5 operasjon for \u00e5 rekonstruere brystet.\u00a0<\/p>\n<p>&#8211; Jeg trodde at h\u00e5ret skulle bli t\u00f8ft \u00e5 miste, men det var et lite problem sammenliknet med \u00e5 miste en pupp.\u00a0<\/p>\n<p>        <img loading=\"lazy\" decoding=\"async\" src=\"https:\/\/www.europesays.com\/no\/wp-content\/uploads\/2026\/06\/84408060.webp\" width=\"980\" height=\"559\" alt=\"\" class=\"\" style=\"--aspect-ratio-image: 1.75; \"\/><\/p>\n<p>\n        SV\u00c6RT SYK: Linda ble sv\u00e6rt syk av behandlingen hun fikk for brystkreften, og sliter fortsatt med f\u00f8lger, forteller hun. Foto: Carina Johansen \/ Dagbladet\n    <\/p>\n<p data-lab-font_weight=\"\">Stavanger universitetssykehus opplyser til Dagbladet at retningslinjene for str\u00e5ling var i endring p\u00e5 dette tidspunktet, og det var derfor faglig grunnlag for \u00e5 gi behandlingen over tre uker. Kliniske studier viste at tre ukers behandling hadde lik effekt som behandling over fem uker, og ikke \u00f8kte bivirkningene, opplyser de. I dag f\u00e5r alle pasienter denne typen str\u00e5lebehandling over tre uker, if\u00f8lge sykehuset.\u00a0<\/p>\n<p data-lab-font_weight=\"\">De opplyser videre at str\u00e5lelungebetennelse er en sjelden, men kjent komplikasjon etter str\u00e5lebehandling mot brystregionen. Forekomsten er den samme om behandlingen gis over tre eller fem uker. <\/p>\n<p>        <img loading=\"lazy\" decoding=\"async\" src=\"https:\/\/www.europesays.com\/no\/wp-content\/uploads\/2026\/06\/84408173.webp\" width=\"980\" height=\"559\" alt=\"\" class=\"\" style=\"--aspect-ratio-image: 1.75; \"\/><\/p>\n<p>\n        KOMPLISERT: Under brystrekonstruksjonen Linneberg veneter p\u00e5, en s\u00e5kalt DIEP-operasjon, henter kirurgen hud og fett fra nedre del av magen, og bruker vevet til \u00e5 danne et nytt bryst. Sm\u00e5 blod\u00e5rer kobles sammen slik at vevet f\u00e5r blodtilf\u00f8rsel. Foto: Carina Johansen \/ Dagbladet\n    <\/p>\n<p><b>Lang ventetid<\/b>\t<\/p>\n<p>If\u00f8lge Linneberg fikk hun beskjed om at hun m\u00e5tte vente cirka ett \u00e5r f\u00f8r brystet kunne rekonstrueres. Det st\u00e5r ogs\u00e5 i epikrisen hennes, som Dagbladet har sett, at hun skulle prioriteres for operasjon innen ett \u00e5r.\u00a0<\/p>\n<p>&#8211; S\u00e5 da innstilte jeg meg jo p\u00e5 det, sier hun.\u00a0<\/p>\n<p>Tida gikk, men hun fikk ingen innkalling. Da hun henvendte seg til sykehuset, fikk hun beskjed om lang ventetid. Det ble standardsvaret ved henvendelse, forteller hun.\u00a0<\/p>\n<p>        BITER: En dykker sv\u00f8mte blant vanligvis rolige sykepleierhaier \u2013 men plutselig gikk en av dem til angrep.<\/p>\n<p>Hun har n\u00e5 ventet i over fem \u00e5r p\u00e5 nytt bryst.\u00a0<\/p>\n<p>Et par uker f\u00f8r hun snakker med Dagbladet, ringte hun sykehuset igjen.\u00a0<\/p>\n<p>&#8211; Jeg fikk beskjed om at jeg var mellom 15. og 20. plass i operasjonsk\u00f8en. S\u00e5 det ser ikke ut til at det blir min tur med det f\u00f8rste, selv om jeg har venta lenge.\u00a0<\/p>\n<p>        <img loading=\"lazy\" decoding=\"async\" src=\"https:\/\/www.europesays.com\/no\/wp-content\/uploads\/2026\/06\/84408111.webp\" width=\"980\" height=\"559\" alt=\"\" class=\"\" style=\"--aspect-ratio-image: 1.75; \"\/><\/p>\n<p>\n        UBEHAGELIG: Linda har f\u00e5tt en protese hun kan legge i BH-en der hvor brystet mangler, men synes den gj\u00f8r vondt verre. Foto: Carina Johansen \/ Dagbladet\n    <\/p>\n<p>Antallet DIEP-operasjoner har variert betydelig de siste \u00e5rene. P\u00e5 det meste har SUS hatt opptil 60 operasjoner \u00e5rlig. I 2024 ble det gjennomf\u00f8rt om lag ti operasjoner, mens det i 2025 ikke ble utf\u00f8rt noen, opplyser Stavanger universitetssykehus til Dagbladet.\u00a0<\/p>\n<p>&#8211; Hvis de klarer rundt ti i \u00e5ret, s\u00e5 har jeg nok fortsatt et par \u00e5r med ventetid igjen.\u00a0<\/p>\n<p class=\"italic m-italic\" data-lab-italic=\"italic\">&#8211; Hva tenker du om det?<\/p>\n<p>&#8211; Det er lenge, svarer Linneberg.\u00a0<\/p>\n<p>    <a itemprop=\"url\" href=\"https:\/\/www.dagbladet.no\/nyheter\/18-ar-etter-lever-i-et-mareritt\/84598799\" rel=\"nofollow noopener\" target=\"_blank\"><\/p>\n<p>        <img loading=\"lazy\" decoding=\"async\" src=\"https:\/\/www.europesays.com\/no\/wp-content\/uploads\/2026\/06\/84660666.webp\" width=\"980\" height=\"441\" alt=\"\" class=\"lazyload\" style=\"--aspect-ratio-image: 2.22; \"\/><\/p>\n<p>        18 \u00e5r etter: Lever i et mareritt<\/p>\n<p>    <\/a><\/p>\n<p>Sliter med f\u00f8lgene\t<\/p>\n<p>\u00c5 mangle et bryst preger henne i hverdagen. Protesen sklir, ligger skjevt, gnager og gj\u00f8r vondt, og det er bedre \u00e5 g\u00e5 uten, synes hun. L\u00f8sningen har blitt store herrekl\u00e6r hun kan gjemme seg i, s\u00e5 ikke skjevheten synes.\u00a0<\/p>\n<p>&#8211; Jeg har pr\u00f8vd \u00e5 v\u00e6re p\u00e5 badeland med ungene, men f\u00f8ler at folk stirrer.\u00a0<\/p>\n<p>&#8211; Dette plager meg mer eller mindre hver dag.\u00a0<\/p>\n<p>        <img loading=\"lazy\" decoding=\"async\" src=\"https:\/\/www.europesays.com\/no\/wp-content\/uploads\/2026\/06\/84408101.webp\" width=\"980\" height=\"559\" alt=\"\" class=\"\" style=\"--aspect-ratio-image: 1.75; \"\/><\/p>\n<p>\n        REAKSJONER: &#8211; Folk har sagt at jeg skuffer. At jeg burde v\u00e6re takknemlig for at jeg lever, og ikke bry meg om at jeg mangler et bryst, sier Linda. Foto: Carina Johansen \/ Dagbladet\n    <\/p>\n<p>Heller ikke p\u00e5 samlinger i regi av Kreftforeningen, klarer hun \u00e5 slippe seg l\u00f8s.\u00a0<\/p>\n<p>&#8211; Jeg klarer ikke \u00e5 slutte \u00e5 tenke p\u00e5 hva andre tenker om meg. Jeg har pr\u00f8vd \u00e5 ikke bry meg, men jeg klarer det ikke. S\u00e5nn har jeg v\u00e6rt i alle \u00e5r, sier hun og legger til:\u00a0<\/p>\n<p>&#8211; Det f\u00f8les veldig begrensende. Jeg pr\u00f8ver \u00e5 jobbe med det hele tida, men jeg klarer det ikke. Jeg beundrer folk som klarer \u00e5 ikke bry seg s\u00e5 mye.\u00a0<\/p>\n<p>Nylig stilte hun opp og fortalte om opplevelsen sin i et innlegg p\u00e5 Brystkreftforeningens Facebook-side. Enkelte reaksjoner har v\u00e6rt harde.\u00a0<\/p>\n<p>&#8211; Folk har sagt at jeg skuffer. At jeg burde v\u00e6re takknemlig for at jeg lever, og ikke bry meg om at jeg mangler et bryst.\u00a0<\/p>\n<p>        <img loading=\"lazy\" decoding=\"async\" src=\"https:\/\/www.europesays.com\/no\/wp-content\/uploads\/2026\/06\/84408143.webp\" width=\"980\" height=\"559\" alt=\"\" class=\"\" style=\"--aspect-ratio-image: 1.75; \"\/><\/p>\n<p>\n        Foto: Carina Johansen \/ Dagbladet\n    <\/p>\n<p>Hun fortsetter:\u00a0<\/p>\n<p>&#8211; Men jeg vet at det er mange i min situasjon, som sliter med \u00e5 mangle ett eller begge brystene, og ikke t\u00f8r \u00e5 snakke om det, fordi de er redde for slike reaksjoner.\u00a0\u00a0<\/p>\n<p>Kreftbehandlingen og f\u00f8lgene etterp\u00e5 har ogs\u00e5 v\u00e6rt sv\u00e6rt t\u00f8ft, forteller Linneberg. Hormonbehandlingen ga henne sterke smerter i muskler og ledd, og hun orket ingenting.\u00a0<\/p>\n<p>    <a itemprop=\"url\" href=\"https:\/\/www.dagbladet.no\/nyheter\/fikk-kreftbeskjed-mistet-legen\/84579246\" rel=\"nofollow noopener\" target=\"_blank\"><\/p>\n<p>        <img loading=\"lazy\" decoding=\"async\" src=\"https:\/\/www.europesays.com\/no\/wp-content\/uploads\/2026\/06\/84607811.webp\" width=\"980\" height=\"441\" alt=\"\" class=\"lazyload\" style=\"--aspect-ratio-image: 2.22; \"\/><\/p>\n<p>        Fikk kreftbeskjed: Mistet legen<\/p>\n<p>    <\/a><\/p>\n<p> &#8211; Jeg er takknemlig for \u00e5 leve, men n\u00e5r jeg har ligget i fosterstilling i sterke smerter, skulle jeg \u00f8nske at jeg ikke gjorde det. Det vet jeg ogs\u00e5 at mange andre tenker, men kanskje ikke t\u00f8r \u00e5 si. <\/p>\n<p>Klinikksjef for kirurgi, nevrologi og rehabilitering ved Stavanger universitetssykehus, My Dung Nguyen Torkildsen, sier til Dagbladet at SUS for tida har lengre ventetider enn \u00f8nskelig.\u00a0<\/p>\n<p>        NY SERIE: Elpida Stojcevska forteller om det nye sykehusdramaet \u00abLIS\u00bb p\u00e5 NRK. Video: Nora Skavhaug\/R\u00f8d L\u00f8per, \u00abLIS\u00bb\/NRK.<\/p>\n<p>&#8211; Dette henger sammen med redusert operasjonskapasitet over tid. N\u00e5r kapasiteten er begrenset, har vi v\u00e6rt n\u00f8dt til \u00e5 prioritere \u00f8yeblikkelig hjelp og kreftbehandling.\u00a0Dette har dessverre f\u00e5tt konsekvenser for enkelte planlagte og rekonstruktive inngrep, som brystrekonstruksjon.<\/p>\n<p>Torkildsen beklager situasjonen Linneberg st\u00e5r i.\u00a0<\/p>\n<p>&#8211; N\u00e5r hverdagen over tid preges av betydelige belastninger som p\u00e5virker b\u00e5de livskvalitet og familieliv, er det alvorlig.\u00a0Vi beklager den ekstra belastningen som den lange ventetiden har medf\u00f8rt for henne i kj\u00f8lvannet av en alvorlig kreftsykdom.<\/p>\n<p>Torkildsen sier sykehuset n\u00e5 opplyser pasientene som st\u00e5r p\u00e5 venteliste om Fritt behandlingsvalg.\u00a0<\/p>\n","protected":false},"excerpt":{"rendered":"&#8211; Jeg f\u00f8ler meg stygg og misfostret. Jeg tenker ikke p\u00e5 andre kvinner med ett bryst som det,&hellip;\n","protected":false},"author":2,"featured_media":265936,"comment_status":"","ping_status":"","sticky":false,"template":"","format":"standard","meta":{"footnotes":"","_share_on_mastodon":"0"},"categories":[5],"tags":[20,21,2138,24,25,15,19,2539,1401,22,23,17,18,13,30,28,29,14,16,1306,26,27],"class_list":["post-265935","post","type-post","status-publish","format-standard","has-post-thumbnail","category-overskrifter","tag-breaking-news","tag-breakingnews","tag-brystkreft","tag-featured-news","tag-featurednews","tag-headlines","tag-hovedoppslag","tag-innenriks","tag-kreft","tag-latest-news","tag-latestnews","tag-main-news","tag-mainnews","tag-news","tag-no","tag-norge","tag-norway","tag-nyheter","tag-overskrifter","tag-stavanger","tag-top-stories","tag-topstories"],"share_on_mastodon":{"url":"https:\/\/pubeurope.com\/@no\/116748508942871765","error":""},"_links":{"self":[{"href":"https:\/\/www.europesays.com\/no\/wp-json\/wp\/v2\/posts\/265935","targetHints":{"allow":["GET"]}}],"collection":[{"href":"https:\/\/www.europesays.com\/no\/wp-json\/wp\/v2\/posts"}],"about":[{"href":"https:\/\/www.europesays.com\/no\/wp-json\/wp\/v2\/types\/post"}],"author":[{"embeddable":true,"href":"https:\/\/www.europesays.com\/no\/wp-json\/wp\/v2\/users\/2"}],"replies":[{"embeddable":true,"href":"https:\/\/www.europesays.com\/no\/wp-json\/wp\/v2\/comments?post=265935"}],"version-history":[{"count":0,"href":"https:\/\/www.europesays.com\/no\/wp-json\/wp\/v2\/posts\/265935\/revisions"}],"wp:featuredmedia":[{"embeddable":true,"href":"https:\/\/www.europesays.com\/no\/wp-json\/wp\/v2\/media\/265936"}],"wp:attachment":[{"href":"https:\/\/www.europesays.com\/no\/wp-json\/wp\/v2\/media?parent=265935"}],"wp:term":[{"taxonomy":"category","embeddable":true,"href":"https:\/\/www.europesays.com\/no\/wp-json\/wp\/v2\/categories?post=265935"},{"taxonomy":"post_tag","embeddable":true,"href":"https:\/\/www.europesays.com\/no\/wp-json\/wp\/v2\/tags?post=265935"}],"curies":[{"name":"wp","href":"https:\/\/api.w.org\/{rel}","templated":true}]}}