{"id":26603,"date":"2025-09-04T07:58:09","date_gmt":"2025-09-04T07:58:09","guid":{"rendered":"https:\/\/www.europesays.com\/no\/26603\/"},"modified":"2025-09-04T07:58:09","modified_gmt":"2025-09-04T07:58:09","slug":"kronikk-ytring-om-100-ar-er-allting-glemt","status":"publish","type":"post","link":"https:\/\/www.europesays.com\/no\/26603\/","title":{"rendered":"Kronikk, Ytring | Om 100 \u00e5r er allting glemt"},"content":{"rendered":"\n<p>Jeg tenker ofte p\u00e5 det n\u00e5r jeg st\u00e5r ved gravsteinen til mine foreldre og besteforeldre.<\/p>\n<p>Navnene er meislet i stein, men stemmene, latteren, de uvesentlige detaljene, gullkornene. Hvordan de var som besteforeldre, hva de laget til middag en vanlig tirsdag, hvor stolte de var av oss som kom etter dem. Alt det er allerede i ferd med \u00e5 slippe taket.<\/p>\n<p>Jeg f\u00e5r i dag d\u00e5rlig samvittighet for at jeg irriterte meg over alt mamma og pappa trengte hjelp til. \u00abInternett virker ikke!\u00bb. \u00abDet har skjedd noe med TV&#8217;n igjen\u00bb. \u00abAtle, kan du fikse&#8230;\u00bb<\/p>\n<p>Alt gjerne f\u00f8r jeg hadde rukket \u00e5 sparke av meg skoa i gangen p\u00e5 vei inn.<\/p>\n<p>I dag skulle jeg gitt \u00abalt\u00bb for \u00e5 f\u00e5 lov til \u00e5 hjelpe dem. Fortelle dem om sm\u00e5tt og stort fra mitt liv, barnas liv, h\u00f8re om mammas bes\u00f8k hos syklubbdamene eller pappas brutalt \u00e6rlige dom over forrige kamp p\u00e5 Tistedal stadion.<\/p>\n<p>   <img decoding=\"async\" width=\"1170\" height=\"2097\" fetchpriority=\"low\"  loading=\"lazy\"  src=\"https:\/\/www.europesays.com\/no\/wp-content\/uploads\/2025\/09\/1e2c2177-3b8f-48a2-936b-ea1ea71ec70c.jpg\" alt=\"\" class=\"brick-c-cFOWSL\" style=\"--brick-image-ratio: 1170 \/ 2097;\"\/><\/p>\n<p>    Sorg har ingen utl\u00f8psdato. Savnet er stort.<\/p>\n<p>Eller bare \u00e5 ha \u00abMamma\u00bb og \u00abPappa\u00bb, de to fineste ordene jeg vet om, i telefonlista. Alts\u00e5, jeg har jo det lagret for evig, og det hender jeg sender noen hjerter til deres ikke-eksisterende nummer ogs\u00e5, men likevel&#8230;<\/p>\n<p>Jeg misunner dere som blir mast p\u00e5 og elsket av foreldrene deres.<\/p>\n<p>Jeg vokste opp med besteforeldrene mine tett p\u00e5. Solveig og Rolf. Josefine og Georg. Flotte folk! De var et slags anker i barndommen. De d\u00f8de altfor tidlig, spesielt farfar og morfar, men jeg har utelukkende gode, trygge minner fra alle fire.<\/p>\n<p>   <img decoding=\"async\" width=\"1752\" height=\"1184\" fetchpriority=\"low\"  loading=\"lazy\"  src=\"https:\/\/www.europesays.com\/no\/wp-content\/uploads\/2025\/09\/IMG903_0001.jpg\" alt=\"\" class=\"brick-c-cFOWSL\" style=\"--brick-image-ratio: 1752 \/ 1184;\"\/><\/p>\n<p>    S\u00f8stra mi og meg sammen med to foreldre og to av fire besteforeldre.<br \/>\n    Foto: Privat\n  <\/p>\n<p>I dag er jeg den eneste i min n\u00e6rmeste familie som husker farfar. Og snart den eneste som (delvis) kjenner den dramatiske historien bak mormors flukt over grensa til Sverige under krigen.<\/p>\n<p>I hele mitt liv har jeg delvis blitt dratt mot det melankolske.<\/p>\n<p>Ikke bestandig, selvsagt og heldigvis, men sinnet til denne 50+-k\u00e6llen leker ofte med det nostalgiske og noe tungsindige.<\/p>\n<p>Det er sikkert derfor jeg elsker Depeche Mode, og lar meg trollbinde av Joakim Bergs lyriske geni.<\/p>\n<p>Det er som om sangene vet at vi alle er p\u00e5 vei mot \u00e5 bli glemt.<\/p>\n<p>   <img decoding=\"async\" width=\"825\" height=\"1207\" fetchpriority=\"low\"  loading=\"lazy\"  src=\"https:\/\/www.europesays.com\/no\/wp-content\/uploads\/2025\/09\/37e6720b-3066-4bc9-98c2-531793082660.jpg\" alt=\"\" class=\"brick-c-cFOWSL\" style=\"--brick-image-ratio: 825 \/ 1207;\"\/><\/p>\n<p>    Atle Wester Larsen, journalist i HA.<\/p>\n<p>N\u00e5 er jeg eldst i familien. En merkelig f\u00f8lelse.<\/p>\n<p>Jeg er vitne til at folk rundt meg forsvinner, \u00e9n etter \u00e9n. Foreldre, slekt, venners foreldre, kollegaer, bekjente. Det gj\u00f8r meg urolig. Ikke bare fordi jeg mister dem jeg er glad i, men fordi jeg ogs\u00e5 mister deler av meg selv med dem.<\/p>\n<p>Alt de husket og fortalte \u2013 gamle historier, slektsnavn, sm\u00e5 detaljer \u2013 g\u00e5r i jorden sammen med dem.<\/p>\n<p>\u00abOm 100 \u00e5r er allting glemt\u00bb, sa en eller annen.<\/p>\n<p>Kanskje er det en tr\u00f8st, kanskje en forbannelse.<\/p>\n<p>   <img decoding=\"async\" width=\"1532\" height=\"1184\" fetchpriority=\"low\"  loading=\"lazy\"  src=\"https:\/\/www.europesays.com\/no\/wp-content\/uploads\/2025\/09\/IMG905_0002.jpg\" alt=\"\" class=\"brick-c-cFOWSL\" style=\"--brick-image-ratio: 1532 \/ 1184;\"\/><\/p>\n<p>    Meg og pappan min. Ser sikkert p\u00e5 fotball.<br \/>\n    Foto: Privat\n  <\/p>\n<p>Jeg vet ikke. Jeg vet bare at jeg blir st\u00e5ende lenge ved steinen. Legger h\u00e5nden mot navnene. Lover meg selv at jeg skal huske og ta vare p\u00e5 historiene.<\/p>\n<p>Hvis ikke jeg og min s\u00f8ster gj\u00f8r det, hvem skal da gj\u00f8re det? Hvis ikke vi noterer ned de sm\u00e5, rare tingene barna v\u00e5re sier og gj\u00f8r n\u00e5, hvem vil huske dem om 50 \u00e5r? N\u00e5r vi selv er glemt.<\/p>\n<p>Det er ikke bare minnene om de som er borte som forsvinner, det er ogs\u00e5 v\u00e5r egen historie, v\u00e5r egen identitet.<\/p>\n<p>Et ordtak sier at man d\u00f8r to ganger. \u00c9n gang n\u00e5r hjertet slutter \u00e5 sl\u00e5 og \u00e9n gang til n\u00e5r ingen lenger husker hvem du var.<\/p>\n<p>Kanskje er nostalgi ikke annet enn en stille, indre protest.<\/p>\n<p>Et siste fors\u00f8k p\u00e5 \u00e5 holde fast i det vi uansett vet vi m\u00e5 gi slipp p\u00e5.<\/p>\n<p>Men akkurat her, i dette \u00f8yeblikket, f\u00e5r jeg lov til \u00e5 tro at alt ikke er glemt \u2013 ikke enn\u00e5.<\/p>\n","protected":false},"excerpt":{"rendered":"Jeg tenker ofte p\u00e5 det n\u00e5r jeg st\u00e5r ved gravsteinen til mine foreldre og besteforeldre. Navnene er meislet&hellip;\n","protected":false},"author":2,"featured_media":26604,"comment_status":"","ping_status":"","sticky":false,"template":"","format":"standard","meta":{"footnotes":""},"categories":[12],"tags":[36,20,21,24,25,15,4265,22,23,156,13,30,28,29,14,1533,16,26,27,42,43,44,45,963],"class_list":{"0":"post-26603","1":"post","2":"type-post","3":"status-publish","4":"format-standard","5":"has-post-thumbnail","7":"category-verden","8":"tag-art","9":"tag-breaking-news","10":"tag-breakingnews","11":"tag-featured-news","12":"tag-featurednews","13":"tag-headlines","14":"tag-kronikk","15":"tag-latest-news","16":"tag-latestnews","17":"tag-meninger","18":"tag-news","19":"tag-no","20":"tag-norge","21":"tag-norway","22":"tag-nyheter","23":"tag-opinion","24":"tag-overskrifter","25":"tag-top-stories","26":"tag-topstories","27":"tag-verden","28":"tag-world","29":"tag-world-news","30":"tag-worldnews","31":"tag-ytring"},"share_on_mastodon":{"url":"","error":""},"_links":{"self":[{"href":"https:\/\/www.europesays.com\/no\/wp-json\/wp\/v2\/posts\/26603","targetHints":{"allow":["GET"]}}],"collection":[{"href":"https:\/\/www.europesays.com\/no\/wp-json\/wp\/v2\/posts"}],"about":[{"href":"https:\/\/www.europesays.com\/no\/wp-json\/wp\/v2\/types\/post"}],"author":[{"embeddable":true,"href":"https:\/\/www.europesays.com\/no\/wp-json\/wp\/v2\/users\/2"}],"replies":[{"embeddable":true,"href":"https:\/\/www.europesays.com\/no\/wp-json\/wp\/v2\/comments?post=26603"}],"version-history":[{"count":0,"href":"https:\/\/www.europesays.com\/no\/wp-json\/wp\/v2\/posts\/26603\/revisions"}],"wp:featuredmedia":[{"embeddable":true,"href":"https:\/\/www.europesays.com\/no\/wp-json\/wp\/v2\/media\/26604"}],"wp:attachment":[{"href":"https:\/\/www.europesays.com\/no\/wp-json\/wp\/v2\/media?parent=26603"}],"wp:term":[{"taxonomy":"category","embeddable":true,"href":"https:\/\/www.europesays.com\/no\/wp-json\/wp\/v2\/categories?post=26603"},{"taxonomy":"post_tag","embeddable":true,"href":"https:\/\/www.europesays.com\/no\/wp-json\/wp\/v2\/tags?post=26603"}],"curies":[{"name":"wp","href":"https:\/\/api.w.org\/{rel}","templated":true}]}}