{"id":26607,"date":"2025-09-04T08:03:09","date_gmt":"2025-09-04T08:03:09","guid":{"rendered":"https:\/\/www.europesays.com\/no\/26607\/"},"modified":"2025-09-04T08:03:09","modified_gmt":"2025-09-04T08:03:09","slug":"du-ma-kanskje-vente-til-november-for-a-kjope-samsungs-trifold-mobil-og-selv-da-kan-det-bli-vanskelig-a-fa-tak-i-en","status":"publish","type":"post","link":"https:\/\/www.europesays.com\/no\/26607\/","title":{"rendered":"Du m\u00e5 kanskje vente til november for \u00e5 kj\u00f8pe Samsungs trifold-mobil \u2013 og selv da kan det bli vanskelig \u00e5 f\u00e5 tak i en."},"content":{"rendered":"<ul id=\"2d034434-4bed-4e2e-b7d3-2537228e52e0\">\n<li><strong>Ny rapport peker p\u00e5 begrenset tilgjengelighet for Samsungs trifold-mobil<\/strong><\/li>\n<li><strong>Vi m\u00e5 kanskje vente til november f\u00f8r den legges ut for salg<\/strong><\/li>\n<li><strong>Selv da kan den bli vanskelig \u00e5 finne utenfor S\u00f8r-Korea og Kina<\/strong><\/li>\n<\/ul>\n<p id=\"e37c5a09-b8cd-45ed-b1c6-dfa006fe2a1b\"><a data-analytics-id=\"inline-link\" href=\"https:\/\/global.techradar.com\/no-no\/tag\/samsung\" data-auto-tag-linker=\"true\" data-url=\"https:\/\/global.techradar.com\/no-no\/tag\/samsung\" data-hl-processed=\"none\" data-before-rewrite-localise=\"https:\/\/global.techradar.com\/no-no\/tag\/samsung\" rel=\"nofollow noopener\" target=\"_blank\">Samsung<\/a> planlegger angivelig \u00e5 avduke sin f\u00f8rste trifold-telefon p\u00e5 et arrangement <a data-analytics-id=\"inline-link\" href=\"https:\/\/www.techradar.com\/computing\/virtual-reality-augmented-reality\/samsung-could-be-lining-up-a-third-unpacked-event-this-year-these-are-the-3-exciting-devices-that-could-make-an-appearance\" target=\"_blank\" rel=\"nofollow noopener\">mandag 29. september<\/a> \u2013 men hvis en ny rapport stemmer, m\u00e5 vi vente en stund f\u00f8r den faktisk er tilgjengelig for kj\u00f8p.<\/p>\n<p>Rapporten kommer fra s\u00f8rkoreanske <a data-analytics-id=\"inline-link\" href=\"https:\/\/www.etnews.com\/20250902000261\" target=\"_blank\" data-url=\"https:\/\/www.etnews.com\/20250902000261\" referrerpolicy=\"no-referrer-when-downgrade\" data-hl-processed=\"none\" rel=\"nofollow noopener\">ET News<\/a> (via <a data-analytics-id=\"inline-link\" href=\"https:\/\/x.com\/Jukanlosreve\/status\/1962746205668286498\" target=\"_blank\" data-url=\"https:\/\/x.com\/Jukanlosreve\/status\/1962746205668286498\" referrerpolicy=\"no-referrer-when-downgrade\" data-hl-processed=\"none\" rel=\"nofollow\">@Jukanlosreve<\/a>), og selv om vi er avhengige av Google Translate for \u00e5 forst\u00e5 alle detaljene, er sp\u00e5dommen her at den ikke vil bli tilgjengelig f\u00f8r i november.<\/p>\n<p><a id=\"elk-seasonal\" data-url=\"\" href=\"\" data-hl-processed=\"none\"\/><\/p>\n<p id=\"e37c5a09-b8cd-45ed-b1c6-dfa006fe2a1b-2\">I tillegg vil det bare bli produsert 50 000 enheter til \u00e5 begynne med, og Samsung \u00f8nsker tilsynelatende \u00e5 teste markedet for \u00e5 se hvordan den nye enheten vil bli mottatt. Til sammenligning forventes det rundt ti ganger s\u00e5 mange forsendelser av Samsung Galaxy Z Fold 7.<\/p>\n<p>Du kan like<\/p>\n<p>Dette ville gi mening gitt <a data-analytics-id=\"inline-link\" href=\"https:\/\/www.techradar.com\/phones\/samsung-galaxy-phones\/heres-how-much-the-samsung-tri-fold-could-cost-though-you-probably-wont-get-chance-to-buy-it\" target=\"_blank\" rel=\"nofollow noopener\">et par andre detaljer vi tidligere har h\u00f8rt om denne brettbare telefonen<\/a>: at den vil bli veldig dyr (kanskje s\u00e5 mye som $ 3 500) og at den kanskje bare vil bli tilgjengelig i S\u00f8r-Korea og Kina i utgangspunktet.<\/p>\n<p><a id=\"elk-a6765946-e327-4b55-97d5-b6e63032f8a3\" data-url=\"\" href=\"\" data-hl-processed=\"none\"\/>En begrenset lansering<\/p>\n<p class=\"vanilla-image-block\" style=\"padding-top:56.26%;\">\n<p><img decoding=\"async\" src=\"https:\/\/www.europesays.com\/no\/wp-content\/uploads\/2025\/09\/SwZ7CRWDHuJ5dQ4Sq8nTUd.jpg\" alt=\"Huawei Mate XT\"   loading=\"lazy\" data-new-v2-image=\"true\" data-original-mos=\"https:\/\/www.europesays.com\/no\/wp-content\/uploads\/2025\/09\/SwZ7CRWDHuJ5dQ4Sq8nTUd.jpg\" data-pin-media=\"https:\/\/www.europesays.com\/no\/wp-content\/uploads\/2025\/09\/SwZ7CRWDHuJ5dQ4Sq8nTUd.jpg\"\/>\n<\/p>\n<p>Huawei Mate XT var den f\u00f8rste trifold-mobilen p\u00e5 markedet (Image credit: Future)<\/p>\n<p id=\"9eedb4fc-792b-408e-ae95-bd49a9d0df51\">Det er ingen tvil om at Samsung-fans utenfor S\u00f8r-Korea og Kina ville bli skuffet over \u00e5 ikke f\u00e5 sjansen til \u00e5 kj\u00f8pe denne telefonen, men vi har sett denne strategien fra selskapet f\u00f8r, senest med lanseringen av Galaxy Z Fold Special Edition i oktober 2024.<\/p>\n<p>Den seneste rapporten fra ET News nevner ikke internasjonal tilgjengelighet, s\u00e5 vi f\u00e5r bare vente og se \u2013 men 50 000 enheter vil ikke rekke langt. Artikkelen sier ogs\u00e5 at Galaxy Z Fold 7 selger bra, og Samsung \u00f8nsker ikke \u00e5 risikere \u00e5 p\u00e5virke det for mye med en ny enhet.<\/p>\n<p>Det er rett og slett ikke nok markedsdata for \u00f8yeblikket til \u00e5 vite hvor popul\u00e6r Samsungs trifold-telefon vil kunne bli. Den eneste trifold-telefonen p\u00e5 markedet akkurat n\u00e5 er Huawei Mate XT \u2013 som ogs\u00e5 er veldig dyr og vanskelig \u00e5 f\u00e5 tak i i de fleste deler av verden.<\/p>\n<p class=\"newsletter-form__strapline\">Registrer deg for siste nytt, anmeldelser, meninger, toppteknologiske tilbud og mer.<\/p>\n<p>Alle \u00f8yne er derfor rettet mot Samsung 29. september \u2013 hvis det faktisk er lanseringsdatoen for trifold-telefonen, som f\u00f8rst ble hintet om i januar. F\u00f8r det venter vi \u00e5 se <a data-analytics-id=\"inline-link\" href=\"https:\/\/global.techradar.com\/no-no\/phones\/samsung-galaxy-phones\/samsung-kan-lansere-ny-telefoner-og-nettbrett-4-september\" target=\"_blank\" data-url=\"https:\/\/global.techradar.com\/no-no\/phones\/samsung-galaxy-phones\/samsung-kan-lansere-ny-telefoner-og-nettbrett-4-september\" data-hl-processed=\"none\" data-before-rewrite-localise=\"https:\/\/global.techradar.com\/no-no\/phones\/samsung-galaxy-phones\/samsung-kan-lansere-ny-telefoner-og-nettbrett-4-september\" rel=\"nofollow noopener\">Galaxy S25 FE- og Galaxy Tab S11-serien 4. september<\/a>.<\/p>\n<p><a id=\"elk-videre-lesning\" data-url=\"\" href=\"\" data-hl-processed=\"none\"\/>Videre lesning<\/p>\n<p id=\"73f7e488-e2bb-4254-83be-42e6ef63ce71\"><strong>Vil du ha en brettbar Samsung-mobil med \u00e9n gang?<\/strong><\/p>\n<p><a id=\"elk-9877c2e2-c74f-4c1e-b058-977ae8da9535\" data-url=\"\" href=\"\" data-hl-processed=\"none\"\/><\/p>\n<p>Dagens beste tilbud p\u00e5 Samsung Galaxy Z Fold 7<\/p>\n<p><a id=\"elk-e7e71dee-a952-45bc-8c6c-669be6d9a849\" data-url=\"\" href=\"\" data-hl-processed=\"none\"\/><\/p>\n<p>Dagens beste tilbud p\u00e5 Samsung Galaxy Z Flip 7<\/p>\n<p><a id=\"elk-989fed49-6b72-439a-8514-559016dcc984\" data-url=\"\" href=\"\" data-hl-processed=\"none\"\/><\/p>\n<p>Dagens beste tilbud p\u00e5 Samsung Galaxy Z Flip 7 FE<\/p>\n","protected":false},"excerpt":{"rendered":"Ny rapport peker p\u00e5 begrenset tilgjengelighet for Samsungs trifold-mobil Vi m\u00e5 kanskje vente til november f\u00f8r den legges&hellip;\n","protected":false},"author":2,"featured_media":26608,"comment_status":"","ping_status":"","sticky":false,"template":"","format":"standard","meta":{"footnotes":""},"categories":[57],"tags":[30,28,29,65,63,64,66,70,69,67,68],"class_list":{"0":"post-26607","1":"post","2":"type-post","3":"status-publish","4":"format-standard","5":"has-post-thumbnail","7":"category-vitenskap-og-teknologi","8":"tag-no","9":"tag-norge","10":"tag-norway","11":"tag-science","12":"tag-science-and-technology","13":"tag-scienceandtechnology","14":"tag-technology","15":"tag-teknologi","16":"tag-vitenskap","17":"tag-vitenskap-og-teknologi","18":"tag-vitenskapteknologi"},"share_on_mastodon":{"url":"","error":""},"_links":{"self":[{"href":"https:\/\/www.europesays.com\/no\/wp-json\/wp\/v2\/posts\/26607","targetHints":{"allow":["GET"]}}],"collection":[{"href":"https:\/\/www.europesays.com\/no\/wp-json\/wp\/v2\/posts"}],"about":[{"href":"https:\/\/www.europesays.com\/no\/wp-json\/wp\/v2\/types\/post"}],"author":[{"embeddable":true,"href":"https:\/\/www.europesays.com\/no\/wp-json\/wp\/v2\/users\/2"}],"replies":[{"embeddable":true,"href":"https:\/\/www.europesays.com\/no\/wp-json\/wp\/v2\/comments?post=26607"}],"version-history":[{"count":0,"href":"https:\/\/www.europesays.com\/no\/wp-json\/wp\/v2\/posts\/26607\/revisions"}],"wp:featuredmedia":[{"embeddable":true,"href":"https:\/\/www.europesays.com\/no\/wp-json\/wp\/v2\/media\/26608"}],"wp:attachment":[{"href":"https:\/\/www.europesays.com\/no\/wp-json\/wp\/v2\/media?parent=26607"}],"wp:term":[{"taxonomy":"category","embeddable":true,"href":"https:\/\/www.europesays.com\/no\/wp-json\/wp\/v2\/categories?post=26607"},{"taxonomy":"post_tag","embeddable":true,"href":"https:\/\/www.europesays.com\/no\/wp-json\/wp\/v2\/tags?post=26607"}],"curies":[{"name":"wp","href":"https:\/\/api.w.org\/{rel}","templated":true}]}}