{"id":266211,"date":"2026-06-14T18:26:19","date_gmt":"2026-06-14T18:26:19","guid":{"rendered":"https:\/\/www.europesays.com\/no\/266211\/"},"modified":"2026-06-14T18:26:19","modified_gmt":"2026-06-14T18:26:19","slug":"fengselsbetjent-tiltalt-etter-vold-mot-innsatt-i-oslo-fengsel","status":"publish","type":"post","link":"https:\/\/www.europesays.com\/no\/266211\/","title":{"rendered":"Fengselsbetjent tiltalt etter vold mot innsatt i Oslo fengsel"},"content":{"rendered":"<p>Videoen, som ligger \u00f8verst i denne saken, viser \u00f8yeblikket som har f\u00f8rt til at en fengselsbetjent ved Oslo fengsel er suspendert fra stillingen sin. Vedkommende er n\u00e5 tiltalt\u00a0for kroppskrenkelse og grov uaktsom tjenestefeil etter hendelsen, som skjedde 13. august i fjor.<\/p>\n<p>Dagbladet erfarer at rettssaken starter i september.\u00a0\u00a0<\/p>\n<p>Det var lederen i Oslo fengsel, Nils Leyell Finstad, som selv anmeldte betjenten. Det gjorde han halvannen m\u00e5ned etter hendelsen, if\u00f8lge <a href=\"https:\/\/www.tv2.no\/spesialer\/nyheter\/slagene-i-oslo-fengsel\" rel=\"nofollow noopener\" target=\"_blank\">TV 2<\/a>, som avsl\u00f8rte saken.<\/p>\n<p>        <img loading=\"lazy\" decoding=\"async\" src=\"https:\/\/www.europesays.com\/no\/wp-content\/uploads\/2026\/06\/84278022.webp\" width=\"980\" height=\"559\" alt=\"\" class=\"\" style=\"--aspect-ratio-image: 1.75; \"\/><\/p>\n<p>\n        F\u00d8RSTE GANG: Lederen i Oslo fengsel, Nils Leyell Finstad, anmeldte selv betjenten i november 2025. Det er f\u00f8rste gang han har anmeldt en ansatt. Foto: \u00d8istein Norum Monsen\/Dagbladet\n    <\/p>\n<p>&#8211; Den videoen gj\u00f8r inntrykk p\u00e5 meg. Det gj\u00f8r den, helt klart, sier Finstad til kanalen.<\/p>\n<p>Betjenten: &#8211; Veldig kaotisk\t<\/p>\n<p> Den tiltalte betjenten nekter straffskyld. Han har gjennom sin tidligere forsvarer Atle S\u00f8nsteli Johansen sendt f\u00f8lgende uttalelse til TV 2 om sin versjon av hendelsen:<\/p>\n<p> \u00abAlt skjedde veldig fort og jeg oppfattet at de ikke hadde, eller var i ferd med \u00e5 miste kontrollen p\u00e5 den innsatte. Jeg l\u00f8p derfor til for \u00e5 bist\u00e5. I ettertid er det mulig \u00e5 si at jeg kanskje misforsto og at betjentene hadde bedre kontroll enn det jeg oppfattet, men situasjonen var veldig kaotisk\u00bb, sier han i uttalelsen. <\/p>\n<p>        <img loading=\"lazy\" decoding=\"async\" src=\"https:\/\/www.europesays.com\/no\/wp-content\/uploads\/2026\/06\/84749490.webp\" width=\"667\" height=\"441\" alt=\"\" class=\"\" style=\"--aspect-ratio-image: 1.51; \"\/><\/p>\n<p>\n        VOLD BAK MURENE: Dagbladet har v\u00e6rt p\u00e5 innsiden av Oslo fengsel flere ganger &#8211; blant annet for \u00e5 avdekke volden de ansatte blir utsatt for. N\u00e5 er det en ansatt som er tiltalt. Foto: J\u00f8rn H. Moen \/ Dagbladet\n    <\/p>\n<p class=\"font-weight-bold m-font-weight-bold\" data-lab-font_weight=\"font-weight-bold\">I fjor h\u00f8st \u00e5pnet politiet etterforskning og ba om \u00e5 f\u00e5 utlevert videoene av hendelsen.\u00a0<\/p>\n<p> &#8211; Det var ikke vits \u00e5 gj\u00f8re motstand, sier den forn\u00e6rmede mannen om voldsbruken til TV 2.<\/p>\n<p>&#8211; Jeg lot bare tankene mine g\u00e5 til et annet sted da jeg l\u00e5 der, sier han videre.<\/p>\n<p>Politiet mottok videoer\t<\/p>\n<p>I videomaterialet politiet mottok f\u00f8rst, manglet det vesentlige sekunder fra da den innsatte beveger seg i fellesomr\u00e5det i fengselet f\u00f8r videoen g\u00e5r i frys. I neste klipp l\u00e5 den innsatte p\u00e5 bakken med flere betjenter over seg.<\/p>\n<p>    <a itemprop=\"url\" href=\"https:\/\/www.dagbladet.no\/nyheter\/her-blir-han-pagrepet\/84716632\" rel=\"nofollow noopener\" target=\"_blank\"><\/p>\n<p>        <img loading=\"lazy\" decoding=\"async\" src=\"https:\/\/www.europesays.com\/no\/wp-content\/uploads\/2026\/06\/84716740.webp\" width=\"980\" height=\"441\" alt=\"\" class=\"lazyload\" style=\"--aspect-ratio-image: 2.22; \"\/><\/p>\n<p>        Her blir 19-\u00e5ring p\u00e5grepet<\/p>\n<p>    <\/a><\/p>\n<p>Slagene var dermed ikke med i de f\u00f8rste videoene. Seinere fikk politiet sendt over en ny og fullstendig video av hendelsesforl\u00f8pet, etter \u00e5 ha bedt om dette, if\u00f8lge TV 2.<\/p>\n<p> Videoen Dagbladet besitter er den fullstendige. <\/p>\n<p>Politiet mistenker ikke at Kriminalomsorgen unnlot \u00e5 ta med alle detaljene i den f\u00f8rste videoen, bekrefter politiadvokat Bendik Tveiten Vigsnes til Dagbladet.<\/p>\n<p>        <img loading=\"lazy\" decoding=\"async\" src=\"https:\/\/www.europesays.com\/no\/wp-content\/uploads\/2026\/06\/84754204.webp\" width=\"667\" height=\"474\" alt=\"\" class=\"\" style=\"--aspect-ratio-image: 1.41; \"\/><\/p>\n<p>\n        &#8211; HAR FORKLART SEG: Den tiltalte mannen har forklart seg om hendelsesforl\u00f8pet i avh\u00f8r, bekrefter politiadvokat Bendik Tveiten Vigsnes i Oslo politidistrikt. Foto: Stian Lysberg Solum \/ NTB\n    <\/p>\n<p>&#8211; Videofilen har blitt behandlet av DPA (Digitalt politiarbeid) som hadde ansvaret for \u00e5 gjennomg\u00e5 filen. Tilbakemeldingen derfra var at det var en feil p\u00e5 filen, og at det ikke er mulig \u00e5 si noe om feilen oppstod i forbindelse med nedlasting fra fengselets systemer til politiets minnepenn, eller om den oppstod i forbindelse med overf\u00f8ring fra politiets minnepenn til politiets systemer, skriver han i en e-post og legger til:<\/p>\n<p>        Har du informasjon eller tips?<br \/>Eller er du selv blitt utsatt for noe lignende? Da vil vi gjerne h\u00f8re fra deg. <a href=\"https:\/\/www.dagbladet.no\/info\" target=\"_blank\" rel=\"nofollow noopener\">Skriv til Dagbladet her<\/a> eller ring oss p\u00e5 <a href=\"https:\/\/www.dagbladet.no\/nyheter\/fengselsbetjent-tiltalt-etter-vold-mot-innsatt\/tel:+4724000000\" rel=\"nofollow noopener\" target=\"_blank\">24 00 00 00<\/a>.<\/p>\n<p>&#8211; Fengselet hadde filen sikret, og da politiet ba om denne p\u00e5 nytt var det ingen feil med filen. Politiet har ikke grunn til \u00e5 tro at videoen var klippet.<\/p>\n<p>Slagene ble utelatt\u00a0\t<\/p>\n<p>Politiet ble ogs\u00e5 tilsendt rapportene som fengselsbetjentene selv skrev etter hendelsen, opplyser TV 2.\u00a0<\/p>\n<p>I rapportene st\u00e5r det ingenting om slagene den forn\u00e6rmede ble utsatt for, if\u00f8lge fengselssjefen.\u00a0<\/p>\n<p>Politiadvokat Vigsnes opplyser at den tiltalte mannen har forklart seg om hendelsesforl\u00f8pet i avh\u00f8r, men \u00f8nsker ikke \u00e5 kommentere hva han har fortalt.<\/p>\n<p>    <a itemprop=\"url\" href=\"https:\/\/www.dagbladet.no\/nyheter\/19-aringen-er-i-livsfare\/84743558\" rel=\"nofollow noopener\" target=\"_blank\"><\/p>\n<p>        <img loading=\"lazy\" decoding=\"async\" src=\"https:\/\/www.europesays.com\/no\/wp-content\/uploads\/2026\/06\/84751107.webp\" width=\"980\" height=\"441\" alt=\"\" class=\"lazyload\" style=\"--aspect-ratio-image: 2.22; \"\/><\/p>\n<p>        &#8211; 19-\u00e5ringen er i livsfare<\/p>\n<p>    <\/a><\/p>\n<p class=\"italic m-italic\" data-lab-italic=\"italic\">&#8211; Hvor alvorlig ser politiet p\u00e5 at en fengselsbetjent er tiltalt for kroppskrenkelse i fengsel?<\/p>\n<p>&#8211; Alvoret gjenspeiles i at politiet har funnet grunnlag for \u00e5 foresl\u00e5 tiltale, og statsadvokaten har tatt ut tiltale i tr\u00e5d med forslaget. Utover det \u00f8nsker jeg ikke \u00e5 kommentere det, da dette vil bli belyst n\u00e6rmere under hovedforhandlingen, skriver han.<\/p>\n<p>&#8211; For mange blir skadd\t<\/p>\n<p>Fengselssjef Finstad sier til Dagbladet at mange betjenter st\u00e5r i mange \u00absv\u00e6rt krevende situasjoner\u00bb, og at for mange ansatte og insatte blir skadd i fengsel.<\/p>\n<p>&#8211; Det kan v\u00e6re sv\u00e6rt krevende \u00e5 vurdere alle sider av en akutt og kaotisk situasjon i sanntid. Vi har ofte for d\u00e5rlig bemanning, sv\u00e6rt mange innsatte og uoversiktlige situasjoner. Det er lettere \u00e5 stille sp\u00f8rsm\u00e5l i ettertid om ut\u00f8velse av fysisk makt fremst\u00e5r som n\u00f8dvendig, forsvarlig og forholdsmessig eller om en innsatt ble p\u00e5f\u00f8rt un\u00f8dvendig skade eller lidelse, skriver han i en e-post.<\/p>\n<p>        <img loading=\"lazy\" decoding=\"async\" src=\"https:\/\/www.europesays.com\/no\/wp-content\/uploads\/2026\/06\/84752033.webp\" width=\"667\" height=\"501\" alt=\"\" class=\"\" style=\"--aspect-ratio-image: 1.33; \"\/><\/p>\n<p>\n        &#8211; D\u00c5RLIG BEMANNING: Vi har ofte for d\u00e5rlig bemanning, sv\u00e6rt mange innsatte og uoversiktlige situasjoner, sier fengselssjef Nils Leyell Finstad. Foto: Lars Eivind Bones \/ Dagbladet\n    <\/p>\n<p>Finstad p\u00e5peker at fengselsbetjenter har en hjemlet adgang til \u00e5 bruke fysisk makt.\u00a0<\/p>\n<p>&#8211; Fysisk maktanvendelse er et fag under utdanningen. Oppl\u00e6ringen omfatter b\u00e5de selvforsvarsteknikker og pasifiseringsteknikker. Kompetansen vedlikeholdes ved \u00e5rlig trening. Adgangen til \u00e5 bruke fysisk makt gjelder kun n\u00e5r dette er n\u00f8dvendig, forsvarlig og forholdsmessig overfor innsatte i ekstraordin\u00e6re situasjoner, og mindre inngripende tiltak forgjeves har v\u00e6rt fors\u00f8kt eller fremst\u00e5r utilstrekkelig.<\/p>\n<p>Dagbladet har selv v\u00e6rt <a href=\"https:\/\/www.dagbladet.no\/nyheter\/volden-bak-murene\/76053167\" target=\"_blank\" rel=\"nofollow noopener\">p\u00e5 innsiden av fengselet<\/a> en rekke ganger &#8211; fordi Oslo fengsel er det norske fengselet med desidert flest voldsepisoder mot ansatte i l\u00f8pet av et \u00e5r.<\/p>\n<p>\u00a0&#8211; Kan v\u00e6re krevende\t<\/p>\n<p>Finstad skriver i sin e-post til Dagbladet at han mener at det var riktig \u00e5 anmelde i denne saken.<\/p>\n<p>&#8211; Det kan v\u00e6re krevende \u00e5 vurdere hvor grensen for adgangen til bruk av fysisk makt g\u00e5r. I denne konkrete saken mente jeg det var riktig \u00e5 be om en p\u00e5talemessig vurdering gjennom en anmeldelse, skriver han og legger til:<\/p>\n<p>&#8211; Adgangen til \u00e5 bruke fysisk makt, stiller store krav til hvordan vi forvalter denne makten. Jeg er trygg p\u00e5 at dette var et ekstraordin\u00e6rt unntakstilfelle. Jeg har v\u00e6rt leder i tre fengsler over lang tid. Jeg har stor tillit til mine kollegaer.<\/p>\n","protected":false},"excerpt":{"rendered":"Videoen, som ligger \u00f8verst i denne saken, viser \u00f8yeblikket som har f\u00f8rt til at en fengselsbetjent ved Oslo&hellip;\n","protected":false},"author":2,"featured_media":266212,"comment_status":"","ping_status":"","sticky":false,"template":"","format":"standard","meta":{"footnotes":"","_share_on_mastodon":"0"},"categories":[5],"tags":[20,21,24,25,15,19,2539,983,22,23,17,18,13,30,28,29,14,17471,16,26,27,493],"class_list":["post-266211","post","type-post","status-publish","format-standard","has-post-thumbnail","category-overskrifter","tag-breaking-news","tag-breakingnews","tag-featured-news","tag-featurednews","tag-headlines","tag-hovedoppslag","tag-innenriks","tag-krim","tag-latest-news","tag-latestnews","tag-main-news","tag-mainnews","tag-news","tag-no","tag-norge","tag-norway","tag-nyheter","tag-oslo-fengsel","tag-overskrifter","tag-top-stories","tag-topstories","tag-vold"],"share_on_mastodon":{"url":"https:\/\/pubeurope.com\/@no\/116749873244820045","error":""},"_links":{"self":[{"href":"https:\/\/www.europesays.com\/no\/wp-json\/wp\/v2\/posts\/266211","targetHints":{"allow":["GET"]}}],"collection":[{"href":"https:\/\/www.europesays.com\/no\/wp-json\/wp\/v2\/posts"}],"about":[{"href":"https:\/\/www.europesays.com\/no\/wp-json\/wp\/v2\/types\/post"}],"author":[{"embeddable":true,"href":"https:\/\/www.europesays.com\/no\/wp-json\/wp\/v2\/users\/2"}],"replies":[{"embeddable":true,"href":"https:\/\/www.europesays.com\/no\/wp-json\/wp\/v2\/comments?post=266211"}],"version-history":[{"count":0,"href":"https:\/\/www.europesays.com\/no\/wp-json\/wp\/v2\/posts\/266211\/revisions"}],"wp:featuredmedia":[{"embeddable":true,"href":"https:\/\/www.europesays.com\/no\/wp-json\/wp\/v2\/media\/266212"}],"wp:attachment":[{"href":"https:\/\/www.europesays.com\/no\/wp-json\/wp\/v2\/media?parent=266211"}],"wp:term":[{"taxonomy":"category","embeddable":true,"href":"https:\/\/www.europesays.com\/no\/wp-json\/wp\/v2\/categories?post=266211"},{"taxonomy":"post_tag","embeddable":true,"href":"https:\/\/www.europesays.com\/no\/wp-json\/wp\/v2\/tags?post=266211"}],"curies":[{"name":"wp","href":"https:\/\/api.w.org\/{rel}","templated":true}]}}