{"id":266297,"date":"2026-06-14T20:08:11","date_gmt":"2026-06-14T20:08:11","guid":{"rendered":"https:\/\/www.europesays.com\/no\/266297\/"},"modified":"2026-06-14T20:08:11","modified_gmt":"2026-06-14T20:08:11","slug":"vm-feber-sender-nordmenn-pa-tv-jakt-e24","status":"publish","type":"post","link":"https:\/\/www.europesays.com\/no\/266297\/","title":{"rendered":"VM-feber sender nordmenn p\u00e5 TV-jakt &#8211; E24"},"content":{"rendered":"<ol>\n<li><a href=\"https:\/\/news.google.com\/rss\/articles\/CBMigAFBVV95cUxQUzFEX0tHWEdqcHBBaG51czZ2YnFYT3lNN21EMm1YWmdBTksyVUlZOWpicUVJckhVVTdkd2JDS2Uzc0lnU0hRRzl4R216VXA3My1Fc3lISWVieGxWU3NLdVJJWnFZYUdjV0xrQjdXVDAwM1V4RDJCX25zTkZiV3ROUA?oc=5\" target=\"_blank\" rel=\"nofollow noopener\">VM-feber sender nordmenn p\u00e5 TV-jakt<\/a>&nbsp;&nbsp;E24<\/li>\n<li><a href=\"https:\/\/news.google.com\/rss\/articles\/CBMijAFBVV95cUxQaHBBaFZ3b1RKT0hKU19Vb3VFT3lrTV9WckNHeF9sUlZnQVluWUExS2RLWHl0ZklyNmV2RkJzZnBlam1yd3NpTkFjMk96ckMta1dKUm9ONVBpWXFaTlBYdmRvNFNyNUszVzh3S1hxVVhBeWdiaGtKOVlsM1ZyR3BTUnh4WFp0Wm9GOHVCeg?oc=5\" target=\"_blank\" rel=\"nofollow noopener\">VM-rommet: Dette er TV-en vi skal se VM p\u00e5<\/a>&nbsp;&nbsp;Tek.no<\/li>\n<li><a href=\"https:\/\/news.google.com\/rss\/articles\/CBMizwFBVV95cUxOcmNheGQ1ZlFzUVE3eVVBT2xWN0hZWm9QM2NqRXZZZklCMTE1cjI1bTh4UUlnblMtYlRObUNMcEtFM0xuRTZBRGFEandPcllQcHE5dWlQSnRWckVJbGtiRUR0c2JhN3BDN1A1VzdLQ1dDOHc0eWRGdTlscjRMcGJLNTJpQzQ2T0xHUGRkV2FacXJ6U2dpZzZpZlF4ekdoWFA4el9IX2U5eGgydTNCbTBPVTJfQUY5MDcyd0lsSEdMRmo2SmhSUkIxYUtadnVvWmM?oc=5\" target=\"_blank\" rel=\"nofollow noopener\">Eksplosjon i TV-salget: \u2013 Holder p\u00e5 og g\u00e5r ad undas. Men det passer up\u00e5klagelig at det er fotball-VM n\u00e5<\/a>&nbsp;&nbsp;Tr\u00f8nder-Avisa<\/li>\n<li><a href=\"https:\/\/news.google.com\/rss\/articles\/CBMikAFBVV95cUxNMnFyNEswR3N4SHp0cFF5LVBuRV95SFhIMkl0dFJyajVBY2VPUndOMExVbjgyUUFrLWlHQ21tMUZlN1NEb1lMRmZfZ1dHNy1kdy1UUFlBMW81TXBQdE9uWjZ6Q0JHSnMyMkFKNGdBWEhxOUdXS0dtNTctMzNFZEFIX1ZlM1hHWHZfd0hWc2xVNFY?oc=5\" target=\"_blank\" rel=\"nofollow noopener\">Kom hjem til ny TV: \u2013 Interi\u00f8rmessig helt forferdelig<\/a>&nbsp;&nbsp;fosna-folket.no<\/li>\n<li><a href=\"https:\/\/news.google.com\/rss\/articles\/CBMifEFVX3lxTFBmUmRISDM2eDByV0k0MnR1bkZwZVp4eFlBRFNFM0xSclpzY29ONEpJV1RJZGtaUWVEeVM0c2NRMUpLb3Y4SVVBVmVpUktLOHgtR18wenRZYzRMWnNXM01xbFIyb3F5aTZYSEwzTWppMFU2ZERpRndsOExSMWE?oc=5\" target=\"_blank\" rel=\"nofollow noopener\">Tv, Power | Slik stopper de sleipe TV-kunder<\/a>&nbsp;&nbsp;Halden Arbeiderblad<\/li>\n<\/ol>\n","protected":false},"excerpt":{"rendered":"VM-feber sender nordmenn p\u00e5 TV-jakt&nbsp;&nbsp;E24 VM-rommet: Dette er TV-en vi skal se VM p\u00e5&nbsp;&nbsp;Tek.no Eksplosjon i TV-salget: \u2013&hellip;\n","protected":false},"author":2,"featured_media":266298,"comment_status":"","ping_status":"","sticky":false,"template":"","format":"standard","meta":{"footnotes":"","_share_on_mastodon":"0"},"categories":[59],"tags":[4472,30,28,29,10930,83,82,207],"class_list":["post-266297","post","type-post","status-publish","format-standard","has-post-thumbnail","category-sport","tag-fotball-vm","tag-no","tag-norge","tag-norway","tag-salg","tag-sport","tag-sports","tag-tv"],"share_on_mastodon":{"url":"https:\/\/pubeurope.com\/@no\/116750274189804387","error":""},"_links":{"self":[{"href":"https:\/\/www.europesays.com\/no\/wp-json\/wp\/v2\/posts\/266297","targetHints":{"allow":["GET"]}}],"collection":[{"href":"https:\/\/www.europesays.com\/no\/wp-json\/wp\/v2\/posts"}],"about":[{"href":"https:\/\/www.europesays.com\/no\/wp-json\/wp\/v2\/types\/post"}],"author":[{"embeddable":true,"href":"https:\/\/www.europesays.com\/no\/wp-json\/wp\/v2\/users\/2"}],"replies":[{"embeddable":true,"href":"https:\/\/www.europesays.com\/no\/wp-json\/wp\/v2\/comments?post=266297"}],"version-history":[{"count":0,"href":"https:\/\/www.europesays.com\/no\/wp-json\/wp\/v2\/posts\/266297\/revisions"}],"wp:featuredmedia":[{"embeddable":true,"href":"https:\/\/www.europesays.com\/no\/wp-json\/wp\/v2\/media\/266298"}],"wp:attachment":[{"href":"https:\/\/www.europesays.com\/no\/wp-json\/wp\/v2\/media?parent=266297"}],"wp:term":[{"taxonomy":"category","embeddable":true,"href":"https:\/\/www.europesays.com\/no\/wp-json\/wp\/v2\/categories?post=266297"},{"taxonomy":"post_tag","embeddable":true,"href":"https:\/\/www.europesays.com\/no\/wp-json\/wp\/v2\/tags?post=266297"}],"curies":[{"name":"wp","href":"https:\/\/api.w.org\/{rel}","templated":true}]}}