{"id":266305,"date":"2026-06-14T20:16:16","date_gmt":"2026-06-14T20:16:16","guid":{"rendered":"https:\/\/www.europesays.com\/no\/266305\/"},"modified":"2026-06-14T20:16:16","modified_gmt":"2026-06-14T20:16:16","slug":"gaute-ormasen-om-idol-kaoset-matte-ha-hemmelig-nummer-2","status":"publish","type":"post","link":"https:\/\/www.europesays.com\/no\/266305\/","title":{"rendered":"Gaute Orm\u00e5sen om Idol-kaoset: &#8211; M\u00e5tte ha hemmelig nummer"},"content":{"rendered":"<p>&#8211; Det var et sinnssykt tr\u00f8kk. Helt vilt.\u00a0<\/p>\n<p>Det sier Gaute Orm\u00e5sen og rister p\u00e5 hodet. Med m\u00f8rke jeans og brun jakke sitter han tilbakelent og avslappet i Dagbladets lokaler i Oslo.<\/p>\n<p>Klokka har s\u00e5 vidt rukket \u00e5 bikke elleve p\u00e5 formiddagen, men 43-\u00e5ringen er for lengst p\u00e5 vei ned \u00abmemory lane\u00bb, til da han gikk fra \u00e5 v\u00e6re en menig tjue\u00e5ring fra bygda til \u00e5 bli \u00abhele\u00bb Norges Idol-Gaute.<\/p>\n<p class=\"font-weight-bold m-font-weight-bold\" data-lab-font_weight=\"font-weight-bold\">Etter at han tok andreplass i sangkonkurransen i 2003, tok det nemlig helt av for Hedmarks store s\u00f8nn.\u00a0Karrieren skj\u00f8t i v\u00e6ret og alle ville ha en bit.\u00a0<\/p>\n<p class=\"font-weight-normal m-font-weight-normal\" data-lab-font_weight=\"font-weight-normal\">Og da han la ut p\u00e5 en Idol-turn\u00e9 med Kurt Nilsen (47) og de andre deltakerne kort tid etter finalen, gikk folk mann av huse:<\/p>\n<p>&#8211; De l\u00f8p etter meg p\u00e5 gata. Andre fulgte meg p\u00e5 scootre og med bil. Det var helt galskap. Jeg m\u00e5tte faktisk ha med livvakter!<\/p>\n<p>        <img loading=\"lazy\" decoding=\"async\" src=\"https:\/\/www.europesays.com\/no\/wp-content\/uploads\/2026\/06\/1781468171_243_84757813.webp\" width=\"980\" height=\"559\" alt=\"\" class=\"\" style=\"--aspect-ratio-image: 1.75; \"\/><\/p>\n<p>\n        TRIO: David Pedersen (t.v), Gaute Orm\u00e5sen og Kurt Nilsen (t.h) tok pallplassering i Idol 2003. Pedersen tok tredjeplass, Orm\u00e5sen andre &#8211; og Nilsen f\u00f8rste. Foto: Hans Arne Vedlog \/ Dagbladet \/ All over press\n    <\/p>\n<p>Ble bombardert\t<\/p>\n<p>Gaute maler et bilde av en hektisk og overveldende tid, hvor telefonen ringte konstant og SMSer str\u00f8mmet inn til alle d\u00f8gnets tider. Han tjente ogs\u00e5 godt, og gikk blant annet til innkj\u00f8p av en knallr\u00f8d Porche med Idol-pengene sine.<\/p>\n<p class=\"font-weight-bold m-font-weight-bold\" data-lab-font_weight=\"font-weight-bold\">I denne perioden prydet sangeren fra Brumunddal aviser og ukeblader i lang tid. Han surfet ogs\u00e5 p\u00e5 en b\u00f8lge av festivaler og andre tilstelninger.\u00a0<\/p>\n<p> &#8211; Jeg fikk s\u00f8ppelsekker med fanbrev etter dette! Men n\u00e5 savner jeg ikke det hysteriet i det hele tatt. Det er jo ikke mulig \u00e5 leve s\u00e5nn i lengden.\u00a0<\/p>\n<p>        <img loading=\"lazy\" decoding=\"async\" src=\"https:\/\/www.europesays.com\/no\/wp-content\/uploads\/2026\/06\/1781468171_187_84757811.webp\" width=\"980\" height=\"559\" alt=\"\" class=\"\" style=\"--aspect-ratio-image: 1.75; \"\/><\/p>\n<p>\n        TOK HELT AV: Gautes karriere satte fart som en rakett. Her er han avbildet under Idol-finalen som ble holdt p\u00e5 Chateau Neuf i Oslo i mai 2003. Foto: Jeanette Landfald \/ Dagbladet\n    <\/p>\n<p class=\"font-weight-normal m-font-weight-normal\" data-lab-font_weight=\"font-weight-normal\">S\u00f8kelyset var nemlig ikke bare plankekj\u00f8ring for det lysluggede stjerneskuddet:<\/p>\n<p class=\"font-weight-normal m-font-weight-normal\" data-lab-font_weight=\"font-weight-normal\">&#8211; Det har v\u00e6rt noen nedturer, deler han &#8211; og forteller om spesielt \u00e9n episode han angrer f\u00e6lt p\u00e5.\u00a0<\/p>\n<p><b>Gikk p\u00e5 en smell<\/b>\t<\/p>\n<p>F\u00f8rste nytt\u00e5rsdag, 2005: Klokka er fire om morgenen og sn\u00f8en ligger som et tynt teppe over Brumunddal.<\/p>\n<p>    <a itemprop=\"url\" href=\"https:\/\/www.dagbladet.no\/kjendis\/jeg-fikk-katastrofetanker-og-panikk\/83027578\" rel=\"nofollow noopener\" target=\"_blank\"><\/p>\n<p>        <img loading=\"lazy\" decoding=\"async\" src=\"https:\/\/www.europesays.com\/no\/wp-content\/uploads\/2026\/06\/1781468172_832_83027966.webp\" width=\"980\" height=\"441\" alt=\"\" class=\"lazyload\" style=\"--aspect-ratio-image: 2.22; \"\/><\/p>\n<p>        &#8211; Jeg fikk panikk<\/p>\n<p>    <\/a><\/p>\n<p>Gaute har satt seg bak rattet. Han har s\u00e5 vidt fylt 22, men med de siste \u00e5ra han har lagt bak seg, vitner hverdagen mer om livet til en rockestjerne enn en bygdegutt som knapt er ferdig p\u00e5 skolen.\u00a0<\/p>\n<p>&#8211; Jeg kj\u00f8rte ti meter f\u00f8r jeg stoppet for \u00e5 skrape is av ruta, minnes 43-\u00e5ringen, som forteller at han hadde v\u00e6rt p\u00e5 fest og \u00abbare skulle kj\u00f8re hjem\u00bb.<\/p>\n<p>S\u00e5 kom politiet kj\u00f8rende fra nabohuset.<\/p>\n<p>        <img loading=\"lazy\" decoding=\"async\" src=\"https:\/\/www.europesays.com\/no\/wp-content\/uploads\/2026\/06\/1781468172_766_84757065.webp\" width=\"980\" height=\"559\" alt=\"\" class=\"\" style=\"--aspect-ratio-image: 1.75; \"\/><\/p>\n<p>\n        SMELL: Gaute deler \u00e5pent om fyllekj\u00f8re-blemma han gjorde som 22-\u00e5ring. I dag sier han at han angrer p\u00e5 valget, og at han aldri kommer til \u00e5 gj\u00f8re det samme igjen. Bildet er tatt ved en tidligere anledning. Foto: Christian Roth Christensen \/ Dagbladet\n    <\/p>\n<p>&#8211; Jeg fikk en d\u00e5rlig f\u00f8lelse med \u00e9n gang. Jeg hadde ikke drukket p\u00e5 et par-tre timer, og tenkte at jeg var \u00abgood\u00bb.<\/p>\n<p class=\"font-weight-bold m-font-weight-bold\" data-lab-font_weight=\"font-weight-bold\">Det var han ikke. Han hadde promille p\u00e5 0,54, og det hele endte med 14 dagers betinget fengsel, 20 000 kroner i bot &#8211; og flere avisoppslag om at Idol-stjerna var tatt for fyllekj\u00f8ring.\u00a0<\/p>\n<p>&#8211; I tillegg mistet jeg lappen i ett \u00e5r. Men det var for s\u00e5 vidt en billig l\u00e6repenge. \u00c5 gj\u00f8re noe s\u00e5 dumt kan for\u00e5rsake mye verre ting, sier Gaute til Dagbladet i dag.<\/p>\n<p>    Lagde VM-l\u00e5t<\/p>\n<p>Siden tidlig 2000 har brumundd\u00f8lingen v\u00e6rt kjent for sine virkelighetsn\u00e6re l\u00e5ter. Fra landeplagen \u00abKj\u00e6rlighet er mer enn forelskelse\u00bb til \u00abS\u00e5nne som deg\u00bb (eller undertegnedes favoritt, \u00abSynk eller sv\u00f8m\u00bb), henter han inspirasjon fra ting han selv har l\u00e6rt opp gjennom.\u00a0<\/p>\n<p class=\"font-weight-bold m-font-weight-bold\" data-lab-font_weight=\"font-weight-bold\">Det er ogs\u00e5 tilfelle n\u00e5. I anledning VM-sirkuset som nettopp har g\u00e5tt av stabelen, har nemlig 43-\u00e5ringen sluppet l\u00e5ta \u00abTil fl\u00f8yta g\u00e5r\u00bb.\u00a0<\/p>\n<p>Den handler om \u00e5 la bilen st\u00e5 etter at man har v\u00e6rt ute p\u00e5 fotballfest.<\/p>\n<p>&#8211; Det kan bli vanskelig \u00e5 f\u00e5 tak i taxi etter kampene hjem fra byen, n\u00e5r det er \u00abVM p\u00e5 storskjerm\u00bb-tilstelninger og seine kvelder. Da er det viktig \u00e5 planlegge i god tid hvordan man skal komme seg hjem, sier Gaute, som forteller at VM-sangen er\u00a0laget i samarbeid med bilfabrikant og VM-sponsor Kia.\u00a0<\/p>\n<p>Videre kommer han med en klar oppfordring:<\/p>\n<p>&#8211; Ikke ta det samme dumme valget som jeg gjorde. La bilen st\u00e5!\u00a0<\/p>\n<p>      Vis mer<br \/>\n      Vis mindre<\/p>\n<p>M\u00e5tte ta grep\t<\/p>\n<p>Om det var den br\u00e5 karrieren som drev Gaute til det skjebnesvangre valget den aktuelle nytt\u00e5rsnatta, er ikke godt \u00e5 vite. Men stjernestatusen var definitivt en stor omveltning for den unge bygdegutten.<\/p>\n<p class=\"font-weight-bold m-font-weight-bold\" data-lab-font_weight=\"font-weight-bold\">&#8211; Det var sinnssykt overveldende og hektisk, alt som skjedde. Jeg m\u00e5tte til og med f\u00e5 meg hemmelig nummer, siden folk ringte dag og natt, r\u00f8per han.<\/p>\n<p>        <img loading=\"lazy\" decoding=\"async\" src=\"https:\/\/www.europesays.com\/no\/wp-content\/uploads\/2026\/06\/1781468173_129_84757073.webp\" width=\"686\" height=\"460\" alt=\"\" class=\"\" style=\"--aspect-ratio-image: 1.49; \"\/><\/p>\n<p>\n        OVER STOKK OG STEIN: Gaute r\u00f8per overfor Dagbladet. at det ble et sinnssykt tr\u00f8kk fra fanskaren etter Idol. Foto: John T. Pedersen \/ Dagbladet\n    <\/p>\n<p class=\"font-weight-normal m-font-weight-normal\" data-lab-font_weight=\"font-weight-normal\">43-\u00e5ringen sier at han endte med \u00e5 kj\u00f8pe seg en ny telefon grunnet alt presset fra fansen. Den gamle la han avskrudd i en skuff.\u00a0<\/p>\n<p>&#8211; Der l\u00e5 den ur\u00f8rt i lang tid. En dag fant kompisen min den og skrudde den p\u00e5 bare for \u00e5 se. Det tok ikke et minutt f\u00f8r den begynte \u00e5 ringe igjen, humrer han.<\/p>\n<p>        <img loading=\"lazy\" decoding=\"async\" src=\"https:\/\/www.europesays.com\/no\/wp-content\/uploads\/2026\/06\/1781468173_200_84757812.webp\" width=\"686\" height=\"1029\" alt=\"\" class=\"\" style=\"--aspect-ratio-image: 0.67; \"\/><\/p>\n<p>\n        LIKE F\u00d8R DET SMALT: Gaute Orm\u00e5sen sier at han til slutt m\u00e5tte ta grep fordi fansen tok s\u00e5 av. Arkivfoto: Ole C. H. Thomassen \/ Dagbladet\n    <\/p>\n<p>Intense \u00e5r\t<\/p>\n<p>For 43-\u00e5ringen startet alts\u00e5 karrieren med et smell som kunne gitt hvem som helst hetta. Men i dag er hverdagen betraktelig roligere, og stjerna har sl\u00e5tt seg til ro med b\u00e5de kone og to barn p\u00e5 sju og ti \u00e5r.\u00a0<\/p>\n<p class=\"font-weight-bold m-font-weight-bold\" data-lab-font_weight=\"font-weight-bold\">&#8211; Jeg stortrives med tingenes tilstand. Men jeg har nok en tendens til \u00e5 g\u00e5 mye tilbake til ungdomstida mi i l\u00e5tene jeg skriver. Det var de mest intense \u00e5ra jeg har hatt, s\u00e5 det er noe nostalgisk ved det.<\/p>\n<p class=\"font-weight-normal m-font-weight-normal\" data-lab-font_weight=\"font-weight-normal\">Videre sier musikeren at det fortsatt er musikk for alle penga.<\/p>\n<p>&#8211; Jeg g\u00f8nner p\u00e5 fortsatt. Det kommer nok noe greier til h\u00f8sten!<\/p>\n<p>        <img loading=\"lazy\" decoding=\"async\" src=\"https:\/\/www.europesays.com\/no\/wp-content\/uploads\/2026\/06\/1781468174_737_84757807.webp\" width=\"980\" height=\"559\" alt=\"\" class=\"\" style=\"--aspect-ratio-image: 1.75; \"\/><\/p>\n<p>\n        MED FAMILIEN: Gaute bor et stykke utenfor Oslo sammen med kona Maria og deres to barn. Bildet er fra en tidligere anledning. Foto: Andreas Fadum \/ Se og H\u00f8r\n    <\/p>\n<p>R\u00f8per hobby: &#8211; En n\u00f8dvendighet\t<\/p>\n<p>Gaute fikler med et par solbriller. Med mild og lun stemme forteller han at han &#8211; n\u00e5r han ikke skriver l\u00e5ter eller er i studio &#8211; bruker tid p\u00e5 en ny hobby: nemlig squash.<\/p>\n<p>        GLADMELDING: \u00abIdol\u00bb-dommerne Esben \u00abDansken\u00bb Selvig, Gunnar Greve, Kurt Nilsen og Damlis vikar Margaret Berger ble r\u00f8rt.<\/p>\n<p class=\"font-weight-bold m-font-weight-bold\" data-lab-font_weight=\"font-weight-bold\">Det gj\u00f8r han sammen med sin mange\u00e5rige venn og kollega Ben Adams (44).<\/p>\n<p class=\"italic m-italic\" data-lab-italic=\"italic\">&#8211; Oi, g\u00f8y da! Men er det 40-\u00e5rskrisa som har meldt seg?<\/p>\n<p>&#8211; Nei, nei! Eller kanskje det er det. Det er iallfall en n\u00f8dvendighet, ler han og forteller at aktiviteten har gitt ham tilbake latterkramper han lenge har savnet.<\/p>\n<p>        <img loading=\"lazy\" decoding=\"async\" src=\"https:\/\/www.europesays.com\/no\/wp-content\/uploads\/2026\/06\/1781468174_440_84759481.webp\" width=\"686\" height=\"446\" alt=\"\" class=\"\" style=\"--aspect-ratio-image: 1.54; \"\/><\/p>\n<p>\n        RADARPAR: Gaute Orm\u00e5sen og Ben Adams skapte overskrifter landet over i 2022, da de under Melodi Grand Prix i Trondheim avsl\u00f8rte at de var mennnene bak duoen Subwoofer. Foto: Andreas Fadum \/ Se og H\u00f8r\n    <\/p>\n<p>&#8211; Det er fort gjort at de latterkulene du hadde som ungdom blir borte med \u00e5ra. Som voksen ler du kanskje ikke like hardt og plutselig lenger, skyter han inn.\u00a0<\/p>\n<p>    <a itemprop=\"url\" href=\"https:\/\/www.dagbladet.no\/kjendis\/delte-kryptisk-snutt-sterk-mistanke\/76182115\" rel=\"nofollow noopener\" target=\"_blank\"><\/p>\n<p>        <img loading=\"lazy\" decoding=\"async\" src=\"https:\/\/www.europesays.com\/no\/wp-content\/uploads\/2026\/06\/76182394.webp\" width=\"980\" height=\"441\" alt=\"\" class=\"lazyload\" style=\"--aspect-ratio-image: 2.22; \"\/><\/p>\n<p>        Delte kryptisk snutt: &#8211; Sterk mistanke<\/p>\n<p>    <\/a><\/p>\n<p>Men n\u00e5r artisten og den britiske A1-stjerna m\u00f8tes for \u00e5 l\u00f8pe etter baller \u00e9n til to ganger i uka, kommer den nostalgiske, l\u00f8se latteren tilbake, forsikrer han:<\/p>\n<p>&#8211; Da kan vi n\u00e6rmest ligge p\u00e5 gulvet og le oss helt slitne. Det er veldig herlig. Det har blitt en skikkelig opptur for meg, sier han varmt.\u00a0<\/p>\n<p>        <img loading=\"lazy\" decoding=\"async\" src=\"https:\/\/www.europesays.com\/no\/wp-content\/uploads\/2026\/06\/84757810.webp\" width=\"980\" height=\"559\" alt=\"\" class=\"\" style=\"--aspect-ratio-image: 1.75; \"\/><\/p>\n<p>\n        INTENST: Gaute har virkelig f\u00e5tt kjenne p\u00e5 press og stress i l\u00f8pet av sin musikkarriere. Her er han avbildet ved en tidligere anledning. Foto: Annika Byrde \/ Dagbladet\n    <\/p>\n<p>Da blir det mye\t<\/p>\n<p>Id\u00e9t ettermiddagen eldes, trekker Gaute ut i sola. Vinden r\u00f8sker tak i det blonde h\u00e5ret.<\/p>\n<p>N\u00e5 skal han bare rekke av g\u00e5rde f\u00f8r helgetrafikken tar seg opp ytterligere. Han skal nemlig holde konsert med en annen A1-stjerne &#8211; nemlig Christian Ingebrigtsen (49).\u00a0<\/p>\n<p>        <img loading=\"lazy\" decoding=\"async\" src=\"https:\/\/www.europesays.com\/no\/wp-content\/uploads\/2026\/06\/1781468176_382_84757808.webp\" width=\"686\" height=\"933\" alt=\"\" class=\"\" style=\"--aspect-ratio-image: 0.74; \"\/><\/p>\n<p>\n        DUO: Christian Ingebrigtsen og Gaute Orrm\u00e5sen har kjent hverandre i en \u00e5rrekke. Her er de avbildet under Spellemannsprisen p\u00e5 The Hub i Oslo i 2024. Foto: Andreas Fadum \/ Se og H\u00f8r\n    <\/p>\n<p>&#8211; Det blir mye spillejobber p\u00e5 v\u00e5rparten og gjennom sommeren. S\u00e5 er det et lite avbrekk f\u00f8r det kommer mange telefoner igjen like f\u00f8r juletider.\u00a0<\/p>\n<p class=\"italic m-italic\" data-lab-italic=\"italic\">&#8211; Litt som Mariah Carey og Kurt Nilsen du da, som spretter opp av en eske n\u00e5r det n\u00e6rmer seg 1. desember?<\/p>\n<p class=\"font-weight-bold m-font-weight-bold\" data-lab-font_weight=\"font-weight-bold\">&#8211; Ha ha, ja kanskje. Det er nok litt s\u00e5nn for mange, humrer Gaute og setter seg inn i sin hvite Tesla.\u00a0<\/p>\n<p class=\"italic m-italic\" data-lab-italic=\"italic\">&#8211; Vel, lykke til med konsert, da! Og kj\u00f8r pent!<\/p>\n<p>&#8211; Skal pr\u00f8ve p\u00e5 det. N\u00e5 er jeg iallfall edru, sier han og blunker.\u00a0<\/p>\n","protected":false},"excerpt":{"rendered":"&#8211; Det var et sinnssykt tr\u00f8kk. Helt vilt.\u00a0 Det sier Gaute Orm\u00e5sen og rister p\u00e5 hodet. Med m\u00f8rke&hellip;\n","protected":false},"author":2,"featured_media":265968,"comment_status":"","ping_status":"","sticky":false,"template":"","format":"standard","meta":{"footnotes":"","_share_on_mastodon":"0"},"categories":[58],"tags":[2694,23181,3759,8150,71,23164,19666,479,8083,11983,30,28,29,23165,72],"class_list":["post-266305","post","type-post","status-publish","format-standard","has-post-thumbnail","category-underholdning","tag-artist","tag-ben-adams","tag-brumunddal","tag-christian-ingebrigtsen","tag-entertainment","tag-gaute-ormasen","tag-idol","tag-kjendis","tag-kurt-nilsen","tag-melodi-grand-prix","tag-no","tag-norge","tag-norway","tag-subwoofer","tag-underholdning"],"share_on_mastodon":{"url":"https:\/\/pubeurope.com\/@no\/116750306138539904","error":""},"_links":{"self":[{"href":"https:\/\/www.europesays.com\/no\/wp-json\/wp\/v2\/posts\/266305","targetHints":{"allow":["GET"]}}],"collection":[{"href":"https:\/\/www.europesays.com\/no\/wp-json\/wp\/v2\/posts"}],"about":[{"href":"https:\/\/www.europesays.com\/no\/wp-json\/wp\/v2\/types\/post"}],"author":[{"embeddable":true,"href":"https:\/\/www.europesays.com\/no\/wp-json\/wp\/v2\/users\/2"}],"replies":[{"embeddable":true,"href":"https:\/\/www.europesays.com\/no\/wp-json\/wp\/v2\/comments?post=266305"}],"version-history":[{"count":0,"href":"https:\/\/www.europesays.com\/no\/wp-json\/wp\/v2\/posts\/266305\/revisions"}],"wp:featuredmedia":[{"embeddable":true,"href":"https:\/\/www.europesays.com\/no\/wp-json\/wp\/v2\/media\/265968"}],"wp:attachment":[{"href":"https:\/\/www.europesays.com\/no\/wp-json\/wp\/v2\/media?parent=266305"}],"wp:term":[{"taxonomy":"category","embeddable":true,"href":"https:\/\/www.europesays.com\/no\/wp-json\/wp\/v2\/categories?post=266305"},{"taxonomy":"post_tag","embeddable":true,"href":"https:\/\/www.europesays.com\/no\/wp-json\/wp\/v2\/tags?post=266305"}],"curies":[{"name":"wp","href":"https:\/\/api.w.org\/{rel}","templated":true}]}}