{"id":26633,"date":"2025-09-04T08:37:09","date_gmt":"2025-09-04T08:37:09","guid":{"rendered":"https:\/\/www.europesays.com\/no\/26633\/"},"modified":"2025-09-04T08:37:09","modified_gmt":"2025-09-04T08:37:09","slug":"vi-vet-hvem-de-er","status":"publish","type":"post","link":"https:\/\/www.europesays.com\/no\/26633\/","title":{"rendered":"Vi vet hvem de er"},"content":{"rendered":"<p class=\"kicker t20\" style=\"\">Epstein-ofrene<\/p>\n<p>  Ofrene for seksualforbryteren Jeffrey Epstein skal lage egen liste over personene som var en del av nettverket hans.<\/p>\n<p>\n    TILTALT: Jeffrey Epstein var tiltalt for menneskehandel og seksuell utnyttelse av flere mindre\u00e5rige. Han ble funnet d\u00f8d p\u00e5 fengselscella si i New York i august 2019. Foto: Shutterstock \/ NTB\n  <\/p>\n<p>Ofrene for den beryktede, d\u00f8mte seksualforbryteren Jeffrey Epstein sier de er i ferd med \u00e5 lage ei liste med navn p\u00e5 dem som var en del av nettverket hans.<\/p>\n<p>&#8211; Vi vet navnene p\u00e5 dem. Mange av oss ble misbrukt av dem. Vi skal i all fortrolighet samle navnene p\u00e5 de vi alle vet at regelmessig var en del av Epsteins nettverk, sier Lisa Phillips, et av Epsteins ofre.<\/p>\n<p>Uttalelsen kom i forbindelse med en pressekonferanse med \u00e5tte av Epsteins ofre onsdag. Noen av dem uttalte seg for f\u00f8rste gang offentlig om overgrepene de ble utsatt for. Noen av dem var s\u00e5 unge som 14 da de ble introdusert for Epstein.<\/p>\n<p>          <img loading=\"lazy\" decoding=\"async\" src=\"https:\/\/www.europesays.com\/no\/wp-content\/uploads\/2025\/09\/83546686.webp\" width=\"980\" height=\"559\" title=\"REPRESENTERER OFRENE: Lisa Phillips p\u00e5 pressekonferansen for Epstein-ofre i Washington onsdag. Foto: Rod Lamkey, Jr. \/ AP \/ NTB\" alt=\"\" class=\"\" style=\"--aspect-ratio-image: 1.75; \"\/><\/p>\n<p>\n          REPRESENTERER OFRENE: Lisa Phillips p\u00e5 pressekonferansen for Epstein-ofre i Washington onsdag. Foto: Rod Lamkey, Jr. \/ AP \/ NTB\n      <\/p>\n<p>&#8211; Vi var bare barn, sa Marina Lacerda, som ble omtalt som \u00abmindre\u00e5rig offer 1\u00bb i den f\u00f8derale tiltalen mot Epstein.<\/p>\n<p>De \u00e5tte ba om at USAs justisdepartement offentliggj\u00f8r alle dokumentene knyttet til etterforskningen av Epstein, som d\u00f8de i fengsel i 2019, f\u00f8r rettssaken der han var tiltalt for menneskehandel av mindre\u00e5rige jenter.<\/p>\n<p>Den siste tida har det v\u00e6rt mye snakk om etterforskningsdokumentene &#8211; og s\u00e6rlig hvem som tilknyttes Epstein og overgrepene han skal ha lagt til rette for. Det spekuleres p\u00e5 om det er flere kjente navn i dokumentene, deriblant USAs president Donald Trump, som tidligere var venn av Epstein.<\/p>\n<p>&#8211; Vi ber ikke om medlidenhet. Vi krever at de blir stilt til ansvar, fortsatte Phillips.<\/p>\n","protected":false},"excerpt":{"rendered":"Epstein-ofrene Ofrene for seksualforbryteren Jeffrey Epstein skal lage egen liste over personene som var en del av nettverket&hellip;\n","protected":false},"author":2,"featured_media":26634,"comment_status":"","ping_status":"","sticky":false,"template":"","format":"standard","meta":{"footnotes":""},"categories":[12],"tags":[20,21,24,25,15,22,23,13,30,28,29,14,16,26,27,412,42,43,44,45],"class_list":{"0":"post-26633","1":"post","2":"type-post","3":"status-publish","4":"format-standard","5":"has-post-thumbnail","7":"category-verden","8":"tag-breaking-news","9":"tag-breakingnews","10":"tag-featured-news","11":"tag-featurednews","12":"tag-headlines","13":"tag-latest-news","14":"tag-latestnews","15":"tag-news","16":"tag-no","17":"tag-norge","18":"tag-norway","19":"tag-nyheter","20":"tag-overskrifter","21":"tag-top-stories","22":"tag-topstories","23":"tag-utenriks","24":"tag-verden","25":"tag-world","26":"tag-world-news","27":"tag-worldnews"},"share_on_mastodon":{"url":"","error":""},"_links":{"self":[{"href":"https:\/\/www.europesays.com\/no\/wp-json\/wp\/v2\/posts\/26633","targetHints":{"allow":["GET"]}}],"collection":[{"href":"https:\/\/www.europesays.com\/no\/wp-json\/wp\/v2\/posts"}],"about":[{"href":"https:\/\/www.europesays.com\/no\/wp-json\/wp\/v2\/types\/post"}],"author":[{"embeddable":true,"href":"https:\/\/www.europesays.com\/no\/wp-json\/wp\/v2\/users\/2"}],"replies":[{"embeddable":true,"href":"https:\/\/www.europesays.com\/no\/wp-json\/wp\/v2\/comments?post=26633"}],"version-history":[{"count":0,"href":"https:\/\/www.europesays.com\/no\/wp-json\/wp\/v2\/posts\/26633\/revisions"}],"wp:featuredmedia":[{"embeddable":true,"href":"https:\/\/www.europesays.com\/no\/wp-json\/wp\/v2\/media\/26634"}],"wp:attachment":[{"href":"https:\/\/www.europesays.com\/no\/wp-json\/wp\/v2\/media?parent=26633"}],"wp:term":[{"taxonomy":"category","embeddable":true,"href":"https:\/\/www.europesays.com\/no\/wp-json\/wp\/v2\/categories?post=26633"},{"taxonomy":"post_tag","embeddable":true,"href":"https:\/\/www.europesays.com\/no\/wp-json\/wp\/v2\/tags?post=26633"}],"curies":[{"name":"wp","href":"https:\/\/api.w.org\/{rel}","templated":true}]}}