{"id":26647,"date":"2025-09-04T08:52:08","date_gmt":"2025-09-04T08:52:08","guid":{"rendered":"https:\/\/www.europesays.com\/no\/26647\/"},"modified":"2025-09-04T08:52:08","modified_gmt":"2025-09-04T08:52:08","slug":"utdanningsetaten-skole-flere-elever-moter-pa-skolen-med-fotlenke","status":"publish","type":"post","link":"https:\/\/www.europesays.com\/no\/26647\/","title":{"rendered":"Utdanningsetaten, Skole | Flere elever m\u00f8ter p\u00e5 skolen med fotlenke"},"content":{"rendered":"\n<p>\u2013 Vi vet at vi har elever som har fotlenke, og har dialog med skoler om dette, sier Nils-Tore Sagen Mosvold, direkt\u00f8r for videreg\u00e5ende skoler i Utdanningsetaten i Oslo kommune, <a rel=\"noopener nofollow\" href=\"https:\/\/www.dagsavisen.no\/nyheter\/elever-moter-pa-skolen-med-fotlenke\/9928404\" target=\"_blank\">til Dagsavisen<\/a>.<\/p>\n<p>Han opplyser at etaten ikke har en sentral oversikt over hvor mange elever som til enhver tid bruker fotlenke i Osloskolen. If\u00f8lge Dagsavisen dreier det seg om rundt ti elever.<\/p>\n<p>If\u00f8lge Mosvold har elevene f\u00e5tt fotlenke som f\u00f8lge av dom i retten eller som varetektssurrogat.<\/p>\n<p>\u2013 Disse ungdommene har ogs\u00e5 rett til videreg\u00e5ende oppl\u00e6ring. Det er viktig for oss \u00e5 innfri deres rett til skolegang. Det er n\u00f8kkelen til et godt voksenliv, samtidig som det skal oppleves trygt for v\u00e5re ansatte, understreker han.<\/p>\n<p>Under Arendalsuka pekte politimester i Oslo, Ida Melbo \u00d8ystese, p\u00e5 at dagens regler for taushetsplikt er en bremsekloss i arbeidet med \u00e5 beskytte barn.<\/p>\n<p>\u2013 Vi ser eksempler p\u00e5 at voldsut\u00f8ver og offer havner i samme klasse p\u00e5 skolen fordi vi ikke f\u00e5r dele informasjon. Det er katastrofalt, og det m\u00e5 vi f\u00e5 gjort noe med n\u00e5, sa \u00d8ystese.<\/p>\n<p>Les mer om: artikkelemnene<\/p>\n","protected":false},"excerpt":{"rendered":"\u2013 Vi vet at vi har elever som har fotlenke, og har dialog med skoler om dette, sier&hellip;\n","protected":false},"author":2,"featured_media":26648,"comment_status":"","ping_status":"","sticky":false,"template":"","format":"standard","meta":{"footnotes":""},"categories":[10],"tags":[36,20,21,24,25,15,22,23,13,30,28,29,14,636,16,804,1510,26,27,1808],"class_list":{"0":"post-26647","1":"post","2":"type-post","3":"status-publish","4":"format-standard","5":"has-post-thumbnail","7":"category-norge","8":"tag-art","9":"tag-breaking-news","10":"tag-breakingnews","11":"tag-featured-news","12":"tag-featurednews","13":"tag-headlines","14":"tag-latest-news","15":"tag-latestnews","16":"tag-news","17":"tag-no","18":"tag-norge","19":"tag-norway","20":"tag-nyheter","21":"tag-oslo","22":"tag-overskrifter","23":"tag-skole","24":"tag-story","25":"tag-top-stories","26":"tag-topstories","27":"tag-utdanningsetaten"},"share_on_mastodon":{"url":"","error":""},"_links":{"self":[{"href":"https:\/\/www.europesays.com\/no\/wp-json\/wp\/v2\/posts\/26647","targetHints":{"allow":["GET"]}}],"collection":[{"href":"https:\/\/www.europesays.com\/no\/wp-json\/wp\/v2\/posts"}],"about":[{"href":"https:\/\/www.europesays.com\/no\/wp-json\/wp\/v2\/types\/post"}],"author":[{"embeddable":true,"href":"https:\/\/www.europesays.com\/no\/wp-json\/wp\/v2\/users\/2"}],"replies":[{"embeddable":true,"href":"https:\/\/www.europesays.com\/no\/wp-json\/wp\/v2\/comments?post=26647"}],"version-history":[{"count":0,"href":"https:\/\/www.europesays.com\/no\/wp-json\/wp\/v2\/posts\/26647\/revisions"}],"wp:featuredmedia":[{"embeddable":true,"href":"https:\/\/www.europesays.com\/no\/wp-json\/wp\/v2\/media\/26648"}],"wp:attachment":[{"href":"https:\/\/www.europesays.com\/no\/wp-json\/wp\/v2\/media?parent=26647"}],"wp:term":[{"taxonomy":"category","embeddable":true,"href":"https:\/\/www.europesays.com\/no\/wp-json\/wp\/v2\/categories?post=26647"},{"taxonomy":"post_tag","embeddable":true,"href":"https:\/\/www.europesays.com\/no\/wp-json\/wp\/v2\/tags?post=26647"}],"curies":[{"name":"wp","href":"https:\/\/api.w.org\/{rel}","templated":true}]}}