{"id":26651,"date":"2025-09-04T08:58:19","date_gmt":"2025-09-04T08:58:19","guid":{"rendered":"https:\/\/www.europesays.com\/no\/26651\/"},"modified":"2025-09-04T08:58:19","modified_gmt":"2025-09-04T08:58:19","slug":"siamesiske-tvillinger-abby-og-brittany-hensel-har-de-blitt-modre-2","status":"publish","type":"post","link":"https:\/\/www.europesays.com\/no\/26651\/","title":{"rendered":"Siamesiske tvillinger Abby og Brittany Hensel: Har de blitt m\u00f8dre?"},"content":{"rendered":"<p class=\"kicker \" style=\"\">Siamesiske tvillinger<\/p>\n<p>  Bildene har satt fyr p\u00e5 Internett\u00a0&#8211; n\u00e5 diskuterer tusenvis hva som egentlig foreg\u00e5r.<\/p>\n<p>\n    BABY?: De siamesiske tvillingene Abby og Brittany Hensel er avbildet p\u00e5 en McDonald&#8217;s med et babybilsete i hendene. Foto: The US Sun\/ Mega via NTB\n  <\/p>\n<p>De siste dagene har spekulasjonene haglet p\u00e5 nettet. Nye bilder av de\u00a0siamesiske tvillingene Abby og Brittany Hensel har florert i sosiale medier &#8211; og f\u00e5tt millioner til \u00e5 lure:\u00a0<\/p>\n<p>    <a itemprop=\"url\" href=\"https:\/\/www.seher.no\/kjendis\/ryktene-svirrer\/83465588\" rel=\"nofollow noopener\" target=\"_blank\"><\/p>\n<p>      <img loading=\"lazy\" decoding=\"async\" src=\"https:\/\/www.europesays.com\/no\/wp-content\/uploads\/2025\/09\/83465650.webp\" width=\"147\" height=\"98\" title=\"Ryktene svirrer\" alt=\"\" class=\"lazyload\" style=\"--aspect-ratio-image: 1.50; \"\/><\/p>\n<p>        Ryktene svirrer<\/p>\n<p>    <\/a><\/p>\n<p class=\"font-weight-bold m-font-weight-bold\" data-lab-font_weight=\"font-weight-bold\">Har de blitt m\u00f8dre?<\/p>\n<p>P\u00e5 de virale bildene ser man de 35 \u00e5r gamle s\u00f8strene med en baby i bilstol. De ble fotografert da de bes\u00f8kte kolleger p\u00e5 skolen der de jobber som l\u00e6rere i Minnesota, f\u00f8r de kj\u00f8rte hjem med spedbarnet i baksetet, if\u00f8lge den australske nettavisa <a href=\"https:\/\/www.news.com.au\/lifestyle\/real-life\/news-life\/conjoined-twins-respond-to-photos-of-them-showing-off-newborn\/news-story\/10f9785af0fdd870695e0ae2ff77f9ae\" rel=\"nofollow noopener\" target=\"_blank\">News<\/a>.\u00a0<\/p>\n<p>    Siamesiske tvillinger:<\/p>\n<ul>\n<li>\n<p>To tvillinger som er fysisk forbundet fra f\u00f8dselen av.<\/p>\n<\/li>\n<li>\n<p>Sv\u00e6rt sjeldent: ca. 1 av 50-200\u202f000 f\u00f8dsler.<\/p>\n<\/li>\n<li>\n<p>Kan v\u00e6re sammenvokst p\u00e5 ulike m\u00e5ter &#8211; fra hud og vev til delte organer.<\/p>\n<\/li>\n<li>\n<p>Noen kan opereres og skilles, andre lever hele livet sammen.<\/p>\n<\/li>\n<\/ul>\n<p class=\"italic m-italic\" data-lab-italic=\"italic\">Kilder: Store Medisinske Leksikon (SML)\u00a0<\/p>\n<p>      Vis mer<br \/>\n      Vis mindre<\/p>\n<p>Reaksjonene lot ikke vente p\u00e5 seg.<\/p>\n<p class=\"font-weight-bold m-font-weight-bold\" data-lab-font_weight=\"font-weight-bold\">\u00abJeg har s\u00e5 mange sp\u00f8rsm\u00e5l\u00bb, skrev en av deres over 300 000 f\u00f8lgere p\u00e5 Tiktok.\u00a0<\/p>\n<p>          <img loading=\"lazy\" decoding=\"async\" src=\"https:\/\/www.europesays.com\/no\/wp-content\/uploads\/2025\/09\/83542662.webp\" width=\"686\" height=\"474\" title=\"ALLTID SAMMEN: De siamesiske tvillingene Abby og Brittany Hensel. Foto: TLC\" alt=\"\" class=\"\" style=\"--aspect-ratio-image: 1.45; \"\/><\/p>\n<p>\n          ALLTID SAMMEN: De siamesiske tvillingene Abby og Brittany Hensel. Foto: TLC\n      <\/p>\n<p>En annen la til: \u00abOMG, vi trenger mer informasjon her\u00bb.<\/p>\n<p>Andre valgte \u00e5 gratulere: \u00abS\u00e5 glad p\u00e5 deres vegne, dere fortjener det beste i livet\u00bb, skrev en bruker.<\/p>\n<p>Kryptisk svar\t<\/p>\n<p>Midt under spekulasjonene har s\u00f8strene n\u00e5 valgt \u00e5 kommentere &#8211; uten \u00e5 gi noe klart svar.\u00a0<\/p>\n<p>          <img loading=\"lazy\" decoding=\"async\" src=\"https:\/\/www.europesays.com\/no\/wp-content\/uploads\/2025\/09\/83543354.webp\" width=\"686\" height=\"906\" title=\"BABYSETE: Abby og Brittany Hensel med babysetet p\u00e5 vei ut av bilen. Foto: NTB\" alt=\"\" class=\"\" style=\"--aspect-ratio-image: 0.76; \"\/><\/p>\n<p>\n          BABYSETE: Abby og Brittany Hensel med babysetet p\u00e5 vei ut av bilen. Foto: NTB\n      <\/p>\n<p class=\"font-weight-bold m-font-weight-bold\" data-lab-font_weight=\"font-weight-bold\">P\u00e5 Tiktok delte de en video med flere av babybildene med teksten \u00abBlessed\u00bb samt emneknaggene \u00absisterhood\u00bb og \u00abrespect\u00bb.<\/p>\n<p>Innlegget har bare skapt enda mer forvirring.\u00a0<\/p>\n<p>Mange tolker det som en bekreftelse p\u00e5 at de har f\u00e5tt barn, mens andre mener det er en bevisst strategi for \u00e5 holde privatlivet sitt skjermet.<\/p>\n<p>        TOK ABORT: \u00abBloggerne\u00bb-profilen \u00e5pner seg om det t\u00f8ffe valget, og hvordan det blir \u00e5 m\u00e5tte gjennoppleve den vonde tiden p\u00e5 TV. Video: TV 2\/ \u00abBloggerne\u00bb\/ \u00abVokteren\u00bb\/ R\u00f8d L\u00f8per\/ Thea Hope\/ Sanne Holt<\/p>\n<p>Gift og singel\t<\/p>\n<p>Hensel-tvillingene ble verdenskjente etter \u00e5 ha gjestet\u00a0\u00abThe Oprah Winfrey Show\u00bb\u00a0i 1996, og senere gjennom en egen realityserie p\u00e5TLC.\u00a0<\/p>\n<p>De ble f\u00f8dt med den sjeldne tilstanden dicephalic parapagus, der to hoder deler \u00e9n kropp.<\/p>\n<p>Abby giftet seg i 2021 med den amerikanske milit\u00e6rveteranen Josh Bowling, mens Brittany fortsatt er singel.\u00a0<\/p>\n<p>Hvordan en eventuell familiefor\u00f8kelse er organisert, har de ikke kommentert.<\/p>\n<p>    <a itemprop=\"url\" href=\"https:\/\/www.seher.no\/kjendis\/deler-nye-bilder-fra-bryllupet\/81476627\" rel=\"nofollow noopener\" target=\"_blank\"><\/p>\n<p>      <img loading=\"lazy\" decoding=\"async\" src=\"https:\/\/www.europesays.com\/no\/wp-content\/uploads\/2025\/09\/81466956.webp\" width=\"147\" height=\"98\" title=\"Deler nye bilder fra bryllupet\" alt=\"\" class=\"lazyload\" style=\"--aspect-ratio-image: 1.50; \"\/><\/p>\n<p>        Deler nye bilder fra bryllupet<\/p>\n<p>    <\/a><\/p>\n<p>&#8211; Ingen andres sak\t<\/p>\n<p>If\u00f8lge australske News ble s\u00f8strene observert med babyen under en utflukt 27. august, der de ogs\u00e5 stoppet p\u00e5 McDonald\u2019s.\u00a0<\/p>\n<p>Et vitne fortalte til avisa at de \u00abs\u00e5 sv\u00e6rt slitne ut, men virket glade for \u00e5 se kollegene sine\u00bb.<\/p>\n<p>P\u00e5 nettet har mange minnet om at spekulasjonene kanskje g\u00e5r for langt.<\/p>\n<p>\u00abHvordan de har valgt \u00e5 starte en familie er ingen andres sak\u00bb, skrev en kommentator.<\/p>\n<p>S\u00e5 langt har verken Abby, Brittany eller Josh Bowling bekreftet om barnet i bilstolen faktisk er deres.<\/p>\n","protected":false},"excerpt":{"rendered":"Siamesiske tvillinger Bildene har satt fyr p\u00e5 Internett\u00a0&#8211; n\u00e5 diskuterer tusenvis hva som egentlig foreg\u00e5r. BABY?: De siamesiske&hellip;\n","protected":false},"author":2,"featured_media":26652,"comment_status":"","ping_status":"","sticky":false,"template":"","format":"standard","meta":{"footnotes":""},"categories":[12],"tags":[4200,4199,20,21,4268,24,25,15,479,2543,22,23,13,30,28,29,14,16,4198,26,27,42,43,44,45],"class_list":{"0":"post-26651","1":"post","2":"type-post","3":"status-publish","4":"format-standard","5":"has-post-thumbnail","7":"category-verden","8":"tag-abby-hensel","9":"tag-amerika","10":"tag-breaking-news","11":"tag-breakingnews","12":"tag-brittany-hensel","13":"tag-featured-news","14":"tag-featurednews","15":"tag-headlines","16":"tag-kjendis","17":"tag-kjendisdesken","18":"tag-latest-news","19":"tag-latestnews","20":"tag-news","21":"tag-no","22":"tag-norge","23":"tag-norway","24":"tag-nyheter","25":"tag-overskrifter","26":"tag-siamesiske-tvillinger","27":"tag-top-stories","28":"tag-topstories","29":"tag-verden","30":"tag-world","31":"tag-world-news","32":"tag-worldnews"},"share_on_mastodon":{"url":"","error":""},"_links":{"self":[{"href":"https:\/\/www.europesays.com\/no\/wp-json\/wp\/v2\/posts\/26651","targetHints":{"allow":["GET"]}}],"collection":[{"href":"https:\/\/www.europesays.com\/no\/wp-json\/wp\/v2\/posts"}],"about":[{"href":"https:\/\/www.europesays.com\/no\/wp-json\/wp\/v2\/types\/post"}],"author":[{"embeddable":true,"href":"https:\/\/www.europesays.com\/no\/wp-json\/wp\/v2\/users\/2"}],"replies":[{"embeddable":true,"href":"https:\/\/www.europesays.com\/no\/wp-json\/wp\/v2\/comments?post=26651"}],"version-history":[{"count":0,"href":"https:\/\/www.europesays.com\/no\/wp-json\/wp\/v2\/posts\/26651\/revisions"}],"wp:featuredmedia":[{"embeddable":true,"href":"https:\/\/www.europesays.com\/no\/wp-json\/wp\/v2\/media\/26652"}],"wp:attachment":[{"href":"https:\/\/www.europesays.com\/no\/wp-json\/wp\/v2\/media?parent=26651"}],"wp:term":[{"taxonomy":"category","embeddable":true,"href":"https:\/\/www.europesays.com\/no\/wp-json\/wp\/v2\/categories?post=26651"},{"taxonomy":"post_tag","embeddable":true,"href":"https:\/\/www.europesays.com\/no\/wp-json\/wp\/v2\/tags?post=26651"}],"curies":[{"name":"wp","href":"https:\/\/api.w.org\/{rel}","templated":true}]}}