{"id":26654,"date":"2025-09-04T09:08:12","date_gmt":"2025-09-04T09:08:12","guid":{"rendered":"https:\/\/www.europesays.com\/no\/26654\/"},"modified":"2025-09-04T09:08:12","modified_gmt":"2025-09-04T09:08:12","slug":"marius-skjelbaek-er-blitt-pappa-til-sonnen-ola-skjelbaek","status":"publish","type":"post","link":"https:\/\/www.europesays.com\/no\/26654\/","title":{"rendered":"Marius Skjelb\u00e6k er blitt pappa til s\u00f8nnen Ola Skjelb\u00e6k."},"content":{"rendered":"<p>  TV 2-profilen Marius Skjelb\u00e6k: &#8211; Vi st\u00e5r p\u00e5 terskelen til en h\u00f8st som vil skille seg ut n\u00e5r jeg pensjonerer meg.<\/p>\n<p>\n    N\u00d8KKELSKIKKELSE: Marius Skjelb\u00e6k er sentral i landslagsdekningen til TV 2. Foto: Bj\u00f8rn Langsem \/ Dagbladet\n  <\/p>\n<ul>\n<li class=\"lab-bodytext-line font-weight-bold m-font-weight-bold\" data-lab-font_weight=\"font-weight-bold\">Norge &#8211; Finland, privatlandskamp klokka 18.00<\/li>\n<\/ul>\n<p>ULLEVAAL (Dagbladet): Fotballprofil p\u00e5 TV 2, Marius Skjelb\u00e6k (35), ble i sommer pappa til Ola Skjelb\u00e6k.<\/p>\n<p>&#8211; Klisjeene stemmer p\u00e5 alle niv\u00e5er. Jeg har aldri v\u00e6rt borti et menneske som du blir s\u00e5 glad i. Det har v\u00e6rt fantastisk, sier Skjelb\u00e6k til Dagbladet.<\/p>\n<p>          <img loading=\"lazy\" decoding=\"async\" src=\"https:\/\/www.europesays.com\/no\/wp-content\/uploads\/2025\/09\/83546440.webp\" width=\"686\" height=\"577\" title=\"RINGSIDE: Marius Skjelb\u00e6k fulgte landslagets trening p\u00e5 Ullevaal stadion i g\u00e5r. Foto: Bj\u00f8rn Langsem \/ Dagbladet\" alt=\"\" class=\"\" style=\"--aspect-ratio-image: 1.19; \"\/><\/p>\n<p>\n          RINGSIDE: Marius Skjelb\u00e6k fulgte landslagets trening p\u00e5 Ullevaal stadion i g\u00e5r. Foto: Bj\u00f8rn Langsem \/ Dagbladet\n      <\/p>\n<p>Vi st\u00e5r og prater p\u00e5 Ullevaal stadion. I bakgrunnen trener fotballandslaget f\u00f8r privatlandskampen mot Finland i kveld.\u00a0<\/p>\n<p class=\"font-weight-bold m-font-weight-bold\" data-lab-font_weight=\"font-weight-bold\">N\u00e5 kan vi bare v\u00e6re uker unna at Norge kan forsyne seg av dessertsk\u00e5la. Den inneholder VM-sluttspillet i USA, Canada og Mexico.<\/p>\n<p>&#8211; Jeg f\u00f8ler vi st\u00e5r p\u00e5 terskelen til en h\u00f8st som vil skille seg ut n\u00e5r jeg pensjonerer meg. Jeg har aldri i mitt yrkesaktive liv opplevd at Norge har et s\u00e5nt grep om noe s\u00e5 stort. Det blir en meget spennende h\u00f8st, sier Skjelb\u00e6k.<\/p>\n<p>Laget ligger henholdsvis seks og ni poeng foran Israel og Italia i kvalifiseringen.<\/p>\n<p>&#8211; Men jeg har brent meg f\u00f8r og opplevd skuffelser. Jeg planlegger ikke for at jeg skal hilse p\u00e5 Frihetsgudinnen i New York neste juni. Men jeg ser ikke bort fra at det kan skje, p\u00e5peker Skjelb\u00e6k.<\/p>\n<p>1-0-seieren over Estland i juni var likevel en nyttig p\u00e5minnelse. Norge var heldig i Tallinn.<\/p>\n<p>          <img loading=\"lazy\" decoding=\"async\" src=\"https:\/\/www.europesays.com\/no\/wp-content\/uploads\/2025\/09\/83546462.webp\" width=\"686\" height=\"453\" title=\"TRE POENG: Norge slo Estland 1-0 i juni. Men det var p\u00e5 hengende h\u00e5ret. Foto: NTB\" alt=\"\" class=\"\" style=\"--aspect-ratio-image: 1.51; \"\/><\/p>\n<p>\n          TRE POENG: Norge slo Estland 1-0 i juni. Men det var p\u00e5 hengende h\u00e5ret. Foto: NTB\n      <\/p>\n<p>&#8211; Du vet hvor fort det kan snu. Et banaskall her og litt panikk der. En plutselig skade. Italia vinner stort. Nerven vil v\u00e6re der helt fram til kampen i Milano i november, sp\u00e5r Skjelb\u00e6k.<\/p>\n<p>Selv om han er fersk pappa, venter han med permisjon. Samtidig handler det om \u00e5 ha ryggen fri hvis Norge g\u00e5r til fotball-VM. Det kommer til \u00e5 overg\u00e5 alt av mesterskap i moderne tid.<\/p>\n<p>          <img loading=\"lazy\" decoding=\"async\" src=\"https:\/\/www.europesays.com\/no\/wp-content\/uploads\/2025\/09\/83546455.webp\" width=\"686\" height=\"467\" title=\"I FOKUS: Marius Skjelb\u00e6k lager et innslag for sosiale medier p\u00e5 TV 2. Foto: Bj\u00f8rn Langsem \/ Dagbladet\" alt=\"\" class=\"\" style=\"--aspect-ratio-image: 1.47; \"\/><\/p>\n<p>\n          I FOKUS: Marius Skjelb\u00e6k lager et innslag for sosiale medier p\u00e5 TV 2. Foto: Bj\u00f8rn Langsem \/ Dagbladet\n      <\/p>\n<p>\u00c5 se Haaland og \u00d8degaard skinne p\u00e5 en verdensscene som fotball-VM, kan f\u00e5 sindige nordmenn til \u00e5 g\u00e5 av skaftet.<\/p>\n<p class=\"font-weight-bold m-font-weight-bold\" data-lab-font_weight=\"font-weight-bold\">&#8211; Jeg tror jeg legger pappapermisjonen til vinter-OL i februar. Da ser jeg for meg at det kan bli en hyggelig tid, sier Skjelb\u00e6k.<\/p>\n<p>&#8211; Det var s\u00e5nn jeg planla barnedommen ogs\u00e5. Jeg likte \u00e5 legge inn sykdomsperioder rundt vintermesterskap. Jeg har flere eksempler der. Oberhof i 2004, da var jeg d\u00e5rlig. Jeg hadde litt s\u00e5r hals b\u00e5de i Val di Fiemme i 2003 og Oberstdorf i 2005. Det er s\u00e5nn jeg har planlagt livet mitt, sier han med glimt i \u00f8yet.<\/p>\n<p>        Herrelandslagets mediesjef, Morten Morisbak Skj\u00f8nsberg, er en travel mann n\u00e5r landslagsstjernene er i byen. Video: Ljosland<\/p>\n<p>Men f\u00f8rst venter Finland fra klokka 18.00.<\/p>\n<p>Disse kampene gjenst\u00e5r i VM-kvalifiseringen. Moldova (9. september), Israel (11. oktober), Estland (13. november) og Italia (16. november).<\/p>\n","protected":false},"excerpt":{"rendered":"TV 2-profilen Marius Skjelb\u00e6k: &#8211; Vi st\u00e5r p\u00e5 terskelen til en h\u00f8st som vil skille seg ut n\u00e5r&hellip;\n","protected":false},"author":2,"featured_media":26655,"comment_status":"","ping_status":"","sticky":false,"template":"","format":"standard","meta":{"footnotes":""},"categories":[59],"tags":[92,4271,30,28,29,83,82],"class_list":{"0":"post-26654","1":"post","2":"type-post","3":"status-publish","4":"format-standard","5":"has-post-thumbnail","7":"category-sport","8":"tag-fotball","9":"tag-marius-skjelbaek","10":"tag-no","11":"tag-norge","12":"tag-norway","13":"tag-sport","14":"tag-sports"},"share_on_mastodon":{"url":"","error":""},"_links":{"self":[{"href":"https:\/\/www.europesays.com\/no\/wp-json\/wp\/v2\/posts\/26654","targetHints":{"allow":["GET"]}}],"collection":[{"href":"https:\/\/www.europesays.com\/no\/wp-json\/wp\/v2\/posts"}],"about":[{"href":"https:\/\/www.europesays.com\/no\/wp-json\/wp\/v2\/types\/post"}],"author":[{"embeddable":true,"href":"https:\/\/www.europesays.com\/no\/wp-json\/wp\/v2\/users\/2"}],"replies":[{"embeddable":true,"href":"https:\/\/www.europesays.com\/no\/wp-json\/wp\/v2\/comments?post=26654"}],"version-history":[{"count":0,"href":"https:\/\/www.europesays.com\/no\/wp-json\/wp\/v2\/posts\/26654\/revisions"}],"wp:featuredmedia":[{"embeddable":true,"href":"https:\/\/www.europesays.com\/no\/wp-json\/wp\/v2\/media\/26655"}],"wp:attachment":[{"href":"https:\/\/www.europesays.com\/no\/wp-json\/wp\/v2\/media?parent=26654"}],"wp:term":[{"taxonomy":"category","embeddable":true,"href":"https:\/\/www.europesays.com\/no\/wp-json\/wp\/v2\/categories?post=26654"},{"taxonomy":"post_tag","embeddable":true,"href":"https:\/\/www.europesays.com\/no\/wp-json\/wp\/v2\/tags?post=26654"}],"curies":[{"name":"wp","href":"https:\/\/api.w.org\/{rel}","templated":true}]}}