{"id":266609,"date":"2026-06-15T05:52:14","date_gmt":"2026-06-15T05:52:14","guid":{"rendered":"https:\/\/www.europesays.com\/no\/266609\/"},"modified":"2026-06-15T05:52:14","modified_gmt":"2026-06-15T05:52:14","slug":"roros-politi-mann-i-80-ara-funnet-i-god-behold","status":"publish","type":"post","link":"https:\/\/www.europesays.com\/no\/266609\/","title":{"rendered":"R\u00f8ros, Politi | Mann i 80-\u00e5ra funnet i god behold"},"content":{"rendered":"\n<p>\u2013 Politiet har startet et leteaksjon etter en savnet mann i omr\u00e5det R\u00f8ros sentrum. Mannen har forsvunnet fra sin egen bopel i l\u00f8pet av natten. Politiet er n\u00e5 i en innledende fase av leteaksjonen, meldte politiet p\u00e5 Politiloggen klokken 4.25 natt til mandag.<\/p>\n<p>\u2013 Vi leter etter en eldre mann som har forsvunnet i l\u00f8pet av natta. Vi vet ikke n\u00e5r han har forsvunnet, men vi vet at han var borte klokka to i natt, fortalte innsatsleder Trond Volden til Arbeidets Rett p\u00e5 stedet klokka halv sju mandag morgen.<\/p>\n<p>Volden forteller at det er i omr\u00e5det rundt rehabiliteringssenteret det s\u00f8kes. I tillegg til ressurser fra politiet er norske redningshunder, R\u00f8de Kors og Norsk Folkehjelp med i s\u00f8ket.<\/p>\n<p>\u2013 Vi ber folk som bor i omr\u00e5det om \u00e5 holde \u00f8ynene \u00e5pne etter den savnede, oppfordrer Volden.<\/p>\n<p>Kvart over fem meldte politiet at de s\u00f8ker i omr\u00e5det med flere enheter.<\/p>\n<p>Hovedredningssentralen er varslet og frivillige bist\u00e5r i s\u00f8ket, melder politiet samtidig.<\/p>\n<p>Politiet har ingen beskrivelse av mannen.<\/p>\n<p>Like etter klokken seks er det fortsatt et aktivt s\u00f8k etter savnede. Flere politienheter og frivillige s\u00f8ker aktivt i omr\u00e5det R\u00f8ros sentrum og n\u00e6rliggende omr\u00e5der.<\/p>\n<p>\u2013 Politiet oppfordrer beboere p\u00e5 R\u00f8ros om at de sjekker hager, garasjer og boder, meldes det p\u00e5 Politiloggen 06.10.<\/p>\n<p>  <a href=\"https:\/\/www.retten.no\/5-44-1127707\" class=\"related-teaser article--c-MkAkR\" rel=\"nofollow noopener\" target=\"_blank\"><\/p>\n<p>\n            Les ogs\u00e5<\/p>\n<p>            Kj\u00f8rte i 157 km\/t med passasjerer \u2013 mistet lappen og m\u00e5 i fengsel\n        <\/p>\n<p>  <\/a><\/p>\n<p>  <a href=\"https:\/\/www.retten.no\/5-44-1128023\" class=\"related-teaser has-image article--c-MkAkR\" rel=\"nofollow noopener\" target=\"_blank\"><\/p>\n<p>    <img decoding=\"async\" width=\"155\"  loading=\"lazy\"  src=\"https:\/\/www.europesays.com\/no\/wp-content\/uploads\/2026\/06\/Bildemontoren_2026-06-14.png\" alt=\"\" class=\"brick-c-cFOWSL\" style=\"\"\/><\/p>\n<p>\n            Les ogs\u00e5<\/p>\n<p>            Vellykket redningsaksjon: Jo Esten reddet elgkalv fra gjerdet den satt fast i. \u00abMor elg\u00bb sto og fulgte med\n        <\/p>\n<p>  <\/a><\/p>\n<p>  <a href=\"https:\/\/www.retten.no\/5-44-1127919\" class=\"related-teaser has-image article--c-MkAkR\" rel=\"nofollow noopener\" target=\"_blank\"><\/p>\n<p>    <img decoding=\"async\" width=\"155\"  loading=\"lazy\"  src=\"https:\/\/www.europesays.com\/no\/wp-content\/uploads\/2026\/06\/1781502734_384_Bildemontoren_2026-06-13.png\" alt=\"\" class=\"brick-c-cFOWSL\" style=\"\"\/><\/p>\n<p>\n            Les ogs\u00e5<\/p>\n<p>            Krever stans av omstridt batterianlegg: Naboer ble varslet om en \u00abgarasje\u00bb \u2013 f\u00e5r Norges st\u00f8rste industribatteri\n        <\/p>\n<p>  <\/a><\/p>\n","protected":false},"excerpt":{"rendered":"\u2013 Politiet har startet et leteaksjon etter en savnet mann i omr\u00e5det R\u00f8ros sentrum. Mannen har forsvunnet fra&hellip;\n","protected":false},"author":2,"featured_media":266610,"comment_status":"","ping_status":"","sticky":false,"template":"","format":"standard","meta":{"footnotes":"","_share_on_mastodon":"0"},"categories":[10],"tags":[36,20,21,24,25,15,22,23,13,30,28,29,14,16,254,782,3847,48,1510,26,27],"class_list":["post-266609","post","type-post","status-publish","format-standard","has-post-thumbnail","category-norge","tag-art","tag-breaking-news","tag-breakingnews","tag-featured-news","tag-featurednews","tag-headlines","tag-latest-news","tag-latestnews","tag-news","tag-no","tag-norge","tag-norway","tag-nyheter","tag-overskrifter","tag-politi","tag-politiloggen","tag-roros","tag-savnet","tag-story","tag-top-stories","tag-topstories"],"share_on_mastodon":{"url":"https:\/\/pubeurope.com\/@no\/116752570939530956","error":""},"_links":{"self":[{"href":"https:\/\/www.europesays.com\/no\/wp-json\/wp\/v2\/posts\/266609","targetHints":{"allow":["GET"]}}],"collection":[{"href":"https:\/\/www.europesays.com\/no\/wp-json\/wp\/v2\/posts"}],"about":[{"href":"https:\/\/www.europesays.com\/no\/wp-json\/wp\/v2\/types\/post"}],"author":[{"embeddable":true,"href":"https:\/\/www.europesays.com\/no\/wp-json\/wp\/v2\/users\/2"}],"replies":[{"embeddable":true,"href":"https:\/\/www.europesays.com\/no\/wp-json\/wp\/v2\/comments?post=266609"}],"version-history":[{"count":0,"href":"https:\/\/www.europesays.com\/no\/wp-json\/wp\/v2\/posts\/266609\/revisions"}],"wp:featuredmedia":[{"embeddable":true,"href":"https:\/\/www.europesays.com\/no\/wp-json\/wp\/v2\/media\/266610"}],"wp:attachment":[{"href":"https:\/\/www.europesays.com\/no\/wp-json\/wp\/v2\/media?parent=266609"}],"wp:term":[{"taxonomy":"category","embeddable":true,"href":"https:\/\/www.europesays.com\/no\/wp-json\/wp\/v2\/categories?post=266609"},{"taxonomy":"post_tag","embeddable":true,"href":"https:\/\/www.europesays.com\/no\/wp-json\/wp\/v2\/tags?post=266609"}],"curies":[{"name":"wp","href":"https:\/\/api.w.org\/{rel}","templated":true}]}}