{"id":26662,"date":"2025-09-04T09:23:11","date_gmt":"2025-09-04T09:23:11","guid":{"rendered":"https:\/\/www.europesays.com\/no\/26662\/"},"modified":"2025-09-04T09:23:11","modified_gmt":"2025-09-04T09:23:11","slug":"arbeiderpartiet-elavgiften-vil-kutte-elavgiften","status":"publish","type":"post","link":"https:\/\/www.europesays.com\/no\/26662\/","title":{"rendered":"Arbeiderpartiet, Elavgiften | Vil kutte elavgiften"},"content":{"rendered":"\n<p>\u2013 Det gir lavere utgifter og mer trygghet for bedrifter p\u00e5 hele Romerike, forteller Tonje Brenna (AP).<\/p>\n<p>Arbeiderpartiet vil kutte el\u2011avgiften til en felles sats p\u00e5 4,18 \u00f8re\/kWh fra 1. januar 2026. Brenna sier at m\u00e5let er lavere str\u00f8mregning for folk og bedrifter<\/p>\n<p>\u2013 Det gir samla et kutt p\u00e5 fire milliarder kroner for folk og n\u00e6ringsliv. Det kommer i tillegg til at elavgiften allerede er kuttet med tre milliarder kroner \u00e5rlig fra 1. oktober i \u00e5r.<\/p>\n<p>Variasjon i forbruk<\/p>\n<p>Hvor h\u00f8yt str\u00f8mforbruk enkelte har varier, og Brenna bruker et bakeri og en dagligvare som eksempler for \u00e5 illustrere hvordan kuttet vil p\u00e5virke str\u00f8mregningen.<\/p>\n<p>\u2013 Et bakeri med et forbruk p\u00e5 750 000 kWh spare 50 000 kroner \u00e5rlig. Eller en dagligvarebutikk med et forbruk p\u00e5 400 000 kWh spare 25.000 kroner \u00e5rlig.<\/p>\n<p>I tillegg ansl\u00e5r Arbeiderpartiet at en familie i en bolig med gjennomsnittlig str\u00f8mforbruk vil spare omtrent 900 kroner \u00e5rlig, mens en typisk enebolig sparer rundt 1 600 kroner.<\/p>\n<p>\u2013 Lavere elavgift vil ogs\u00e5 bety mye for privatpersoner, sier Brenna.<\/p>\n<p>  <a href=\"https:\/\/www.rb.no\/5-43-2348651\" class=\"related-teaser has-image default-story-teaser article--c-eRUmMG article--c-eRUmMG-jKCPdD-design-default\" rel=\"nofollow noopener\" target=\"_blank\"><\/p>\n<p>    <img decoding=\"async\" loading=\"lazy\"  src=\"https:\/\/www.europesays.com\/no\/wp-content\/uploads\/2025\/09\/alkoholtobakk.jpg\" alt=\"\" class=\"brick-c-cFOWSL\" style=\"\"\/><\/p>\n<p>\n            Les ogs\u00e5<\/p>\n<p>              S\u00e5 mye dyrere blir bensin, diesel, alkohol, tobakk og str\u00f8m i 2025\n        <\/p>\n<p>  <\/a><\/p>\n<p>Energiminister Terje Aasland (Ap) sier til <a href=\"https:\/\/www.indre.no\/folk-har-vart-sinte-fortvilte-og-frustrerte\/s\/5-25-677622\" rel=\"Follow nofollow noopener\" target=\"_blank\">Indre Akershus Blad<\/a> at han har f\u00e5tt flere tilbakemeldinger fra folk om str\u00f8mprisene.<\/p>\n<p>\u2013 Mange har v\u00e6rt fortvilte, frustrerte og sinte. Det er helt forst\u00e5elig. Vi har v\u00e6rt vant til at str\u00f8mprisene i mange \u00e5r har v\u00e6rt lave. N\u00e5 vil vi oppleve at prisene varierer mer. Nettopp derfor g\u00e5r vi ogs\u00e5 inn for dette, sier Aasland til avisa.<\/p>\n<p>Lik sats hele \u00e5ret<\/p>\n<p>Elavgiften faktureres p\u00e5 nettleien. I 2025 er de ordin\u00e6re satsene 9,79 \u00f8re\/kWh i januar \u2013 mars og 16,93 \u00f8re\/kWh resten av \u00e5ret.<\/p>\n<p>I revidert nasjonalbudsjett 2025 ble begge satsene redusert med 4,4 \u00f8re\/kWh fra 1. oktober 2025, slik at satsen fra den datoen var 12,53 \u00f8re\/kWh<\/p>\n<p>Forslaget for 2026 inneb\u00e6rer alts\u00e5 en ytterligere reduksjon til 4,18 \u00f8re\/kWh og en lik sats gjennom hele \u00e5ret.<\/p>\n<p>\u2013 Fra 1. oktober innf\u00f8rer vi Norgespris p\u00e5 str\u00f8m og fjernvarme for norske husholdninger. Denne vil H\u00f8yre og Frp kutte. Det gir utrygghet for folk som skal varme husene sine med str\u00f8m gjennom h\u00f8sten og vinteren, sier Brenna.<\/p>\n<p>  <a href=\"https:\/\/www.rb.no\/5-43-2475814\" class=\"related-teaser has-image default-story-teaser article--c-eRUmMG article--c-eRUmMG-jKCPdD-design-default\" rel=\"nofollow noopener\" target=\"_blank\"><\/p>\n<p>    <img decoding=\"async\" loading=\"lazy\"  src=\"https:\/\/www.europesays.com\/no\/wp-content\/uploads\/2025\/09\/cueres_scp-mangler_navn_r__k2BMtgrI.jpg\" alt=\"\" class=\"brick-c-cFOWSL\" style=\"\"\/><\/p>\n<p>\n            Les ogs\u00e5<\/p>\n<p>              Dette betyr revidert budsjett for lommeboka\n        <\/p>\n<p>  <\/a><\/p>\n","protected":false},"excerpt":{"rendered":"\u2013 Det gir lavere utgifter og mer trygghet for bedrifter p\u00e5 hele Romerike, forteller Tonje Brenna (AP). Arbeiderpartiet&hellip;\n","protected":false},"author":2,"featured_media":26663,"comment_status":"","ping_status":"","sticky":false,"template":"","format":"standard","meta":{"footnotes":""},"categories":[12],"tags":[499,36,20,21,4275,24,25,15,22,23,62,13,30,28,29,14,16,41,4277,1510,4276,1674,26,27,42,43,44,45],"class_list":{"0":"post-26662","1":"post","2":"type-post","3":"status-publish","4":"format-standard","5":"has-post-thumbnail","7":"category-verden","8":"tag-arbeiderpartiet","9":"tag-art","10":"tag-breaking-news","11":"tag-breakingnews","12":"tag-elavgiften","13":"tag-featured-news","14":"tag-featurednews","15":"tag-headlines","16":"tag-latest-news","17":"tag-latestnews","18":"tag-naeringsliv","19":"tag-news","20":"tag-no","21":"tag-norge","22":"tag-norway","23":"tag-nyheter","24":"tag-overskrifter","25":"tag-politikk","26":"tag-romerike","27":"tag-story","28":"tag-stromregning","29":"tag-tonje-brenna","30":"tag-top-stories","31":"tag-topstories","32":"tag-verden","33":"tag-world","34":"tag-world-news","35":"tag-worldnews"},"share_on_mastodon":{"url":"","error":""},"_links":{"self":[{"href":"https:\/\/www.europesays.com\/no\/wp-json\/wp\/v2\/posts\/26662","targetHints":{"allow":["GET"]}}],"collection":[{"href":"https:\/\/www.europesays.com\/no\/wp-json\/wp\/v2\/posts"}],"about":[{"href":"https:\/\/www.europesays.com\/no\/wp-json\/wp\/v2\/types\/post"}],"author":[{"embeddable":true,"href":"https:\/\/www.europesays.com\/no\/wp-json\/wp\/v2\/users\/2"}],"replies":[{"embeddable":true,"href":"https:\/\/www.europesays.com\/no\/wp-json\/wp\/v2\/comments?post=26662"}],"version-history":[{"count":0,"href":"https:\/\/www.europesays.com\/no\/wp-json\/wp\/v2\/posts\/26662\/revisions"}],"wp:featuredmedia":[{"embeddable":true,"href":"https:\/\/www.europesays.com\/no\/wp-json\/wp\/v2\/media\/26663"}],"wp:attachment":[{"href":"https:\/\/www.europesays.com\/no\/wp-json\/wp\/v2\/media?parent=26662"}],"wp:term":[{"taxonomy":"category","embeddable":true,"href":"https:\/\/www.europesays.com\/no\/wp-json\/wp\/v2\/categories?post=26662"},{"taxonomy":"post_tag","embeddable":true,"href":"https:\/\/www.europesays.com\/no\/wp-json\/wp\/v2\/tags?post=26662"}],"curies":[{"name":"wp","href":"https:\/\/api.w.org\/{rel}","templated":true}]}}