{"id":26688,"date":"2025-09-04T09:48:14","date_gmt":"2025-09-04T09:48:14","guid":{"rendered":"https:\/\/www.europesays.com\/no\/26688\/"},"modified":"2025-09-04T09:48:14","modified_gmt":"2025-09-04T09:48:14","slug":"ikke-opp-til-dem","status":"publish","type":"post","link":"https:\/\/www.europesays.com\/no\/26688\/","title":{"rendered":"&#8211; Ikke opp til dem"},"content":{"rendered":"<p class=\"kicker \" style=\"\">Smeller tilbake:<\/p>\n<p>  Talsperson for Kreml hevder sikkerhetsgarantier for Ukraina vil true hele Europa. Natos generalsekret\u00e6r Mark Rutte er uenig.<\/p>\n<p>\n    KLAR BESKJED: Natos generalsekret\u00e6r Mark Rutte p\u00e5peker at Russland ikke har vetorett for hvilke lands soldater som blir sendt til Ukraina. Foto: REUTERS \/ Thomas Peter \/ NTB\n  <\/p>\n<p>Sikkerhetsgarantier som Ukraina \u00f8nsker seg, vil v\u00e6re garantier som setter det europeiske kontinentet i fare, sier det russiske utenriksdepartementet.<\/p>\n<p>&#8211; Garantiene som Ukraina \u00f8nsker seg er et springbrett for terror, for provokasjoner mot v\u00e5rt land, sa det russiske utenriksdepartementets talskvinne Maria Zakharova til journalister torsdag.<\/p>\n<p>&#8211; De er ikke garantier for Ukrainas sikkerhet. De er garantier som setter det europeiske kontinentet i fare, sa hun.<\/p>\n<p>Nato-sjef Mark Rutte sier at Russland ikke har vetorett p\u00e5 om vestlige land sender styrker til Ukraina som sikkerhetsgarantier hvis det oppn\u00e5s en fredsavtale.<\/p>\n<p>&#8211; Hvorfor er vi interessert i hva Russland mener om styrker i Ukraina? Det er en suveren stat. Det er ikke opp til dem \u00e5 bestemme, sier Rutte torsdag.<\/p>\n<p>    <a itemprop=\"url\" href=\"https:\/\/www.dagbladet.no\/nyheter\/avslort-av-mikrofon\/83545075\" rel=\"nofollow noopener\" target=\"_blank\"><\/p>\n<p>      <img loading=\"lazy\" decoding=\"async\" src=\"https:\/\/www.europesays.com\/no\/wp-content\/uploads\/2025\/09\/83545079.webp\" width=\"980\" height=\"441\" title=\"Avsl\u00f8rt av mikrofon\" alt=\"\" class=\"lazyload\" style=\"--aspect-ratio-image: 2.22; \"\/><\/p>\n<p>        Avsl\u00f8rt av mikrofon<\/p>\n<p>    <\/a><\/p>\n<p>&#8211; Kommer ikke til \u00e5 diskutere\t<\/p>\n<p>Zakharova uttalte seg i forkant av samtalene som Ukrainas president Volodymyr Zelenskyj skal ha i Paris senere torsdag med europeiske ledere om sikkerhetsgarantier.<\/p>\n<p>&#8211; Russland kommer ikke til \u00e5 diskutere utenlandsk utplassering i Ukraina i noen som helst slags form eller format. Det er grunnleggende uakseptabelt og undergraver enhver sikkerhet, sa Zakharova.<\/p>\n<p>          <img loading=\"lazy\" decoding=\"async\" src=\"https:\/\/www.europesays.com\/no\/wp-content\/uploads\/2025\/09\/80819846.webp\" width=\"980\" height=\"559\" title=\"TALSPERSON: Det russiske utenriksdepartementets talskvinne Maria Zakharova. Foto: REUTERS \/ Maxim Shemetov \/ NTB\" alt=\"\" class=\"\" style=\"--aspect-ratio-image: 1.75; \"\/><\/p>\n<p>\n          TALSPERSON: Det russiske utenriksdepartementets talskvinne Maria Zakharova. Foto: REUTERS \/ Maxim Shemetov \/ NTB\n      <\/p>\n<p>I et intervju med Financial Times s\u00f8ndag sa EU-kommisjonens leder Ursula von der Leyen at Europa legger \u00abganske presise planer\u00bb for en flernasjonal styrke som kan utplasseres i Ukraina, som del av sikkerhetsgarantier til landet n\u00e5r krigen er slutt, med st\u00f8tte fra USA. Von der Leyens uttalelser ble mandag avvist i sterke ordelag av Tyskland.<\/p>\n<p>Von der Leyen var s\u00f8ndag i Bulgaria for \u00e5 bes\u00f8ke en ammunisjonsfabrikk. P\u00e5 vei dit opplevde flyet hennes <a href=\"https:\/\/www.dagbladet.no\/nyheter\/mistenker-russland\/83531197\" rel=\"nofollow noopener\" target=\"_blank\">GPS-forstyrrelser<\/a> og som Bulgaria mistenker Russland for \u00e5 ha st\u00e5tt bak.<\/p>\n<p>Zakharova kommenterte torsdag p\u00e5standene og kalte dem falske og paranoia.<\/p>\n<p>(NTB)<\/p>\n","protected":false},"excerpt":{"rendered":"Smeller tilbake: Talsperson for Kreml hevder sikkerhetsgarantier for Ukraina vil true hele Europa. Natos generalsekret\u00e6r Mark Rutte er&hellip;\n","protected":false},"author":2,"featured_media":26689,"comment_status":"","ping_status":"","sticky":false,"template":"","format":"standard","meta":{"footnotes":""},"categories":[5],"tags":[20,21,24,25,15,19,22,23,17,18,13,30,28,29,14,16,26,27,412],"class_list":{"0":"post-26688","1":"post","2":"type-post","3":"status-publish","4":"format-standard","5":"has-post-thumbnail","7":"category-overskrifter","8":"tag-breaking-news","9":"tag-breakingnews","10":"tag-featured-news","11":"tag-featurednews","12":"tag-headlines","13":"tag-hovedoppslag","14":"tag-latest-news","15":"tag-latestnews","16":"tag-main-news","17":"tag-mainnews","18":"tag-news","19":"tag-no","20":"tag-norge","21":"tag-norway","22":"tag-nyheter","23":"tag-overskrifter","24":"tag-top-stories","25":"tag-topstories","26":"tag-utenriks"},"share_on_mastodon":{"url":"","error":""},"_links":{"self":[{"href":"https:\/\/www.europesays.com\/no\/wp-json\/wp\/v2\/posts\/26688","targetHints":{"allow":["GET"]}}],"collection":[{"href":"https:\/\/www.europesays.com\/no\/wp-json\/wp\/v2\/posts"}],"about":[{"href":"https:\/\/www.europesays.com\/no\/wp-json\/wp\/v2\/types\/post"}],"author":[{"embeddable":true,"href":"https:\/\/www.europesays.com\/no\/wp-json\/wp\/v2\/users\/2"}],"replies":[{"embeddable":true,"href":"https:\/\/www.europesays.com\/no\/wp-json\/wp\/v2\/comments?post=26688"}],"version-history":[{"count":0,"href":"https:\/\/www.europesays.com\/no\/wp-json\/wp\/v2\/posts\/26688\/revisions"}],"wp:featuredmedia":[{"embeddable":true,"href":"https:\/\/www.europesays.com\/no\/wp-json\/wp\/v2\/media\/26689"}],"wp:attachment":[{"href":"https:\/\/www.europesays.com\/no\/wp-json\/wp\/v2\/media?parent=26688"}],"wp:term":[{"taxonomy":"category","embeddable":true,"href":"https:\/\/www.europesays.com\/no\/wp-json\/wp\/v2\/categories?post=26688"},{"taxonomy":"post_tag","embeddable":true,"href":"https:\/\/www.europesays.com\/no\/wp-json\/wp\/v2\/tags?post=26688"}],"curies":[{"name":"wp","href":"https:\/\/api.w.org\/{rel}","templated":true}]}}