{"id":26702,"date":"2025-09-04T10:03:13","date_gmt":"2025-09-04T10:03:13","guid":{"rendered":"https:\/\/www.europesays.com\/no\/26702\/"},"modified":"2025-09-04T10:03:13","modified_gmt":"2025-09-04T10:03:13","slug":"norske-epler-epler-norske-epler-helt-frem-til-mars-april","status":"publish","type":"post","link":"https:\/\/www.europesays.com\/no\/26702\/","title":{"rendered":"Norske epler, Epler | \u2013 Norske epler helt frem til mars-april"},"content":{"rendered":"\n<p>H\u00f8sten 2025 forventes \u00e5 bli et rekord\u00e5r for norske epler, med en forventet mengde p\u00e5 over 12.000 tonn. Coop forventer \u00e5 f\u00e5 inn 3900 tonn norske, 1000 tonn mer enn i fjor.<\/p>\n<p><a>\u2013<\/a> Vi venter at det vil komme rundt 30 prosent mer norske epler fra v\u00e5re produsenter i \u00e5r sammenlignet med fjor\u00e5ret, sier Hanne Brennhovd, direkt\u00f8r for frukt og gr\u00f8nt i Coop Norge.<\/p>\n<p>   <img decoding=\"async\" width=\"960\" height=\"640\" fetchpriority=\"low\"  loading=\"lazy\"  src=\"https:\/\/www.europesays.com\/no\/wp-content\/uploads\/2025\/09\/Hanne+Brennhovd_Foto+Espen+Solli.jpg\" alt=\"\" class=\"brick-c-cFOWSL\" style=\"--brick-image-ratio: 960 \/ 640;\"\/><\/p>\n<p>    Hanne Brennhovd, direkt\u00f8r for frukt og gr\u00f8nt i Coop Norge.<br \/>\n    Foto: Coop\n  <\/p>\n<p>At det ligger an til \u00e5 bli en uvanlig god epleh\u00f8st kan ogs\u00e5 fruktbonde i Hardanger og sentral kulturansvarlig produsent i Nordgr\u00f8nt, Harald Alvavoll, bekrefte. Nordgr\u00f8nt er Coops produsentorganisasjon.<\/p>\n<p>  <a href=\"https:\/\/www.nationen.no\/5-148-782727\" class=\"related-teaser has-image default-story-teaser article--c-eRUmMG article--c-eRUmMG-jKCPdD-design-default\" rel=\"nofollow noopener\" target=\"_blank\"><\/p>\n<p>    <img decoding=\"async\" loading=\"lazy\"  src=\"https:\/\/www.europesays.com\/no\/wp-content\/uploads\/2025\/09\/cueres_scp-mangler_navn_Ed_68hc9bzo.jpg\" alt=\"\" class=\"brick-c-cFOWSL\" style=\"\"\/><\/p>\n<p>\n            Les ogs\u00e5<\/p>\n<p>              Hevder tusenvis av liv kan spares ved \u00e5 kutte \u00e9n type avgift\n        <\/p>\n<p>  <\/a><br \/>\n  Epler helt til v\u00e5ren<\/p>\n<p>Han kan ikke huske sist det var ventet like stor innh\u00f8sting av epler.<\/p>\n<p><a>\u2013<\/a> En v\u00e5r- og sommersesong med mye godt v\u00e6r har gjort at det har v\u00e6rt gode vekstforhold for epler p\u00e5 b\u00e5de \u00d8stlandet og Vestlandet. I tillegg gj\u00f8r ny lagringsteknologi at flere epler n\u00e5 holder seg friske og gode mye lenger enn f\u00f8r, sier Alvavoll.<\/p>\n<p>\u2013 S\u00e5kalt ULO-lagring (ultra lavt oksygen) gj\u00f8r at vi kan selge norske epler med god kvalitet helt frem til rundt mars-april. Det er f\u00f8rst de tre siste \u00e5rene at metoden har gitt god avkastning og gjort at vi har kunnet selge norske epler gjennom vinteren.<\/p>\n<p>Fruktbonden produserer rundt 200 tonn epler p\u00e5 g\u00e5rden som ligger rett ovenfor Lofthus sentrum i Hardanger. Det blir travle uker med innh\u00f8sting frem til begynnelsen av oktober.<\/p>\n<p><a>\u2013<\/a> Det gode v\u00e6ret har ogs\u00e5 gjort at smaken og kvaliteten blir ekstra bra i \u00e5r. N\u00e5 h\u00e5per jeg at forbrukerne velger norske epler fremover, sier Alvavoll.<\/p>\n<p>  <a href=\"https:\/\/www.nationen.no\/5-148-782858\" class=\"related-teaser has-image default-story-teaser article--c-eRUmMG article--c-eRUmMG-jKCPdD-design-default\" rel=\"nofollow noopener\" target=\"_blank\"><\/p>\n<p>    <img decoding=\"async\" loading=\"lazy\"  src=\"https:\/\/www.europesays.com\/no\/wp-content\/uploads\/2025\/09\/TorleivCarlsen1.jpg\" alt=\"\" class=\"brick-c-cFOWSL\" style=\"\"\/><\/p>\n<p>\n            Les ogs\u00e5<\/p>\n<p>              Boom av unge b\u00f8nder: St\u00f8rste auke p\u00e5 25 \u00e5r\n        <\/p>\n<p>  <\/a><br \/>\n  Ny rekord<\/p>\n<p>Bama har tidligere varslet at de venter \u00e5 f\u00e5 inn 7000 tonn til salg hos Norgesgruppens butikker Kiwi, Meny, Spar og Joker og hos Rema 1000.<\/p>\n<p>\u2013 Det er en kraftig \u00f8kning fra i fjor. Om alt som er planlagt blir levert, vil det etter alt \u00e5 d\u00f8mme bli en ny norsk eplerekord, sa Sivert Gl\u00e6rum, produktsjef for norsk frukt i Bama.<\/p>\n<p>Fruktprognosene fra Gr\u00f8ntprodusentenes samarbeidsr\u00e5d (GPS) 1. august viste at det kan ligge an til 12.265 tonn norske epler i \u00e5r. Dette er en kraftig \u00f8kning fra rekord\u00e5ret 2023 med 11.022 tonn.<\/p>\n<p>\u2013 \u00c5rsaken til de store mengdene i \u00e5r er at det har v\u00e6rt betydelig nyplanting de siste \u00e5rene, spesielt p\u00e5 \u00d8stlandet. N\u00e5 er mange av disse tr\u00e6rne i full produksjon. S\u00e5 lenge vi unng\u00e5r store skader fra hagl eller rogneb\u00e6rm\u00f8ll, ser sesongen sv\u00e6rt lovende ut, har Leif \u00d8ie, fruktlagerinspekt\u00f8r i GPS, tidligere forklart.<\/p>\n<p>  <a href=\"https:\/\/www.nationen.no\/5-148-782775\" class=\"related-teaser has-image default-story-teaser article--c-eRUmMG article--c-eRUmMG-jKCPdD-design-default\" rel=\"nofollow noopener\" target=\"_blank\"><\/p>\n<p>    <img decoding=\"async\" loading=\"lazy\"  src=\"https:\/\/www.europesays.com\/no\/wp-content\/uploads\/2025\/09\/1756980192_515_01Fasade_3+%281%29.jpg\" alt=\"\" class=\"brick-c-cFOWSL\" style=\"\"\/><\/p>\n<p>\n            Les ogs\u00e5<\/p>\n<p>              G\u00e5rd 17 minutter fra Oslo S til salgs for 20 millioner\n        <\/p>\n<p>  <\/a><\/p>\n<p>Landbruksdirektoratet meldte i sin markedsrapport for frukt og gr\u00f8nt i forrige uke at det ligger an til sv\u00e6rt h\u00f8ye avlinger.<\/p>\n<p>\u2013 Tilgangen p\u00e5 norske epler \u00f8ker raskt, og produsentene h\u00e5per \u00e5 dekke markedet i l\u00f8pet av neste uke, skrev de, og viste dermed til uken vi n\u00e5 er inne i.<\/p>\n<p>  <a href=\"https:\/\/www.nationen.no\/5-148-782718\" class=\"related-teaser has-image default-story-teaser article--c-eRUmMG article--c-eRUmMG-jKCPdD-design-default\" rel=\"nofollow noopener\" target=\"_blank\"><\/p>\n<p>    <img decoding=\"async\" loading=\"lazy\"  src=\"https:\/\/www.europesays.com\/no\/wp-content\/uploads\/2025\/09\/1000009303.jpg\" alt=\"\" class=\"brick-c-cFOWSL\" style=\"\"\/><\/p>\n<p>\n            Les ogs\u00e5<\/p>\n<p>              Matprisene i Norge har steget mer enn i Europa\n        <\/p>\n<p>  <\/a><\/p>\n","protected":false},"excerpt":{"rendered":"H\u00f8sten 2025 forventes \u00e5 bli et rekord\u00e5r for norske epler, med en forventet mengde p\u00e5 over 12.000 tonn.&hellip;\n","protected":false},"author":2,"featured_media":26703,"comment_status":"","ping_status":"","sticky":false,"template":"","format":"standard","meta":{"footnotes":""},"categories":[5],"tags":[36,2613,20,21,1749,2853,24,25,15,19,755,4282,22,23,17,18,13,30,28,4281,29,14,16,1510,26,27],"class_list":{"0":"post-26702","1":"post","2":"type-post","3":"status-publish","4":"format-standard","5":"has-post-thumbnail","7":"category-overskrifter","8":"tag-art","9":"tag-bama","10":"tag-breaking-news","11":"tag-breakingnews","12":"tag-coop","13":"tag-epler","14":"tag-featured-news","15":"tag-featurednews","16":"tag-headlines","17":"tag-hovedoppslag","18":"tag-landbruk","19":"tag-landbruksdirektoratet","20":"tag-latest-news","21":"tag-latestnews","22":"tag-main-news","23":"tag-mainnews","24":"tag-news","25":"tag-no","26":"tag-norge","27":"tag-norske-epler","28":"tag-norway","29":"tag-nyheter","30":"tag-overskrifter","31":"tag-story","32":"tag-top-stories","33":"tag-topstories"},"share_on_mastodon":{"url":"","error":""},"_links":{"self":[{"href":"https:\/\/www.europesays.com\/no\/wp-json\/wp\/v2\/posts\/26702","targetHints":{"allow":["GET"]}}],"collection":[{"href":"https:\/\/www.europesays.com\/no\/wp-json\/wp\/v2\/posts"}],"about":[{"href":"https:\/\/www.europesays.com\/no\/wp-json\/wp\/v2\/types\/post"}],"author":[{"embeddable":true,"href":"https:\/\/www.europesays.com\/no\/wp-json\/wp\/v2\/users\/2"}],"replies":[{"embeddable":true,"href":"https:\/\/www.europesays.com\/no\/wp-json\/wp\/v2\/comments?post=26702"}],"version-history":[{"count":0,"href":"https:\/\/www.europesays.com\/no\/wp-json\/wp\/v2\/posts\/26702\/revisions"}],"wp:featuredmedia":[{"embeddable":true,"href":"https:\/\/www.europesays.com\/no\/wp-json\/wp\/v2\/media\/26703"}],"wp:attachment":[{"href":"https:\/\/www.europesays.com\/no\/wp-json\/wp\/v2\/media?parent=26702"}],"wp:term":[{"taxonomy":"category","embeddable":true,"href":"https:\/\/www.europesays.com\/no\/wp-json\/wp\/v2\/categories?post=26702"},{"taxonomy":"post_tag","embeddable":true,"href":"https:\/\/www.europesays.com\/no\/wp-json\/wp\/v2\/tags?post=26702"}],"curies":[{"name":"wp","href":"https:\/\/api.w.org\/{rel}","templated":true}]}}